{"id":500519,"date":"2025-10-30T18:19:17","date_gmt":"2025-10-30T18:19:17","guid":{"rendered":"https:\/\/www.europesays.com\/fr\/500519\/"},"modified":"2025-10-30T18:19:17","modified_gmt":"2025-10-30T18:19:17","slug":"face-a-la-russie-et-a-la-chine-donald-trump-ordonne-la-reprise-des-essais-nucleaires","status":"publish","type":"post","link":"https:\/\/www.europesays.com\/fr\/500519\/","title":{"rendered":"Face \u00e0 la Russie et \u00e0 la Chine, Donald Trump ordonne la reprise des essais nucl\u00e9aires"},"content":{"rendered":"<p>\n    <strong>D\u00c9CRYPTAGE &#8211;<\/strong> Le pr\u00e9sident am\u00e9ricain a d\u00e9cid\u00e9 de relancer des tests suspendus depuis 1992, en r\u00e9ponse \u00e0 des programmes russes et chinois de d\u00e9veloppement de leurs arsenaux.<\/p>\n<p class=\"fig-paragraph\">Donald Trump a ordonn\u00e9\u00a0<a href=\"http:\/\/www.lefigaro.fr\/international\/reprise-des-essais-nouveaux-missiles-drones-assiste-t-on-a-une-escalade-nucleaire-entre-les-etats-unis-et-la-russie-20251030\" target=\"_blank\" data-fig-type=\"Article\" rel=\"noopener\" data-gtm-custom-categorie=\"navigation\" data-gtm-custom-action=\"crossclick\" data-gtm-custom-label=\"Contextuel\" data-gtm-event=\"customEventSPE\" data-fig-domain=\"LEFIGARO\">la reprise imm\u00e9diate\u00a0des essais nucl\u00e9aires<\/a>\u00a0am\u00e9ricains en r\u00e9ponse aux\u00a0<a href=\"http:\/\/www.lefigaro.fr\/international\/une-arme-de-fin-du-monde-vladimir-poutine-vante-les-merites-de-son-supermissile-bourevestnik-20251027\" target=\"_blank\" data-fig-type=\"Article\" rel=\"noopener\" data-gtm-custom-categorie=\"navigation\" data-gtm-custom-action=\"crossclick\" data-gtm-custom-label=\"Contextuel\" data-gtm-event=\"customEventSPE\" data-fig-domain=\"LEFIGARO\">programmes d\u2019armement russes<\/a>\u00a0et chinois. \u00ab\u00a0En raison des programmes d\u2019essais men\u00e9s par d\u2019autres pays, j\u2019ai donn\u00e9 instruction au d\u00e9partement de la Guerre de commencer \u00e0 tester nos armes nucl\u00e9aires sur une base \u00e9quivalente\u00a0\u00bb, a \u00e9crit Trump sur Truth Social. \u00ab\u00a0Ce processus d\u00e9butera imm\u00e9diatement\u00a0\u00bb, a ajout\u00e9 le pr\u00e9sident.<\/p>\n<p class=\"fig-paragraph\">Les \u00c9tats-Unis avaient d\u00e9cr\u00e9t\u00e9 unilat\u00e9ralement un moratoire sur leurs essais nucl\u00e9aires en 1992, apr\u00e8s la fin de la guerre froide, deux ans apr\u00e8s que l\u2019URSS a cess\u00e9 les siens. Trente-trois ans plus tard, leur reprise indique celle d\u2019une nouvelle course aux armements nucl\u00e9aires. \u00ab\u00a0Les \u00c9tats-Unis poss\u00e8dent plus d\u2019armes nucl\u00e9aires que tout autre pays\u00a0\u00bb, a aussi \u00e9crit Trump. \u00ab\u00a0Cela a \u00e9t\u00e9 accompli, y compris la mise \u00e0 niveau et la r\u00e9novation compl\u00e8te des armes existantes, au cours de mon premier mandat. En raison de leur formidable pouvoir destructeur, j\u2019ai D\u00c9TEST\u00c9 le faire\u2026<\/p>\n<p class=\"fig-premium-paywall__infos\">\n        Cet article est r\u00e9serv\u00e9 aux abonn\u00e9s.        Il vous reste 82% \u00e0 d\u00e9couvrir.\n    <\/p>\n<p>                <img  data- alt=\"Le Figaro\" class=\"fig-img--complete fig-img\"\/><\/p>\n<p class=\"fig-premium-paywall__title\">Vous avez envie de lire la suite ?<\/p>\n<p class=\"fig-premium-paywall__subtitle\">D\u00e9bloquez tous les articles imm\u00e9diatement.<\/p>\n<p class=\"fig-premium-paywall__connect\">\n                D\u00e9j\u00e0 abonn\u00e9\u00a0?                <a class=\"fig-premium-paywall__connect-link\" href=\"https:\/\/connect.lefigaro.fr\/login?client=horizon_web&amp;type=main&amp;redirect_uri=https%3A%2F%2Fwww.lefigaro.fr%2Finternational%2Fface-a-la-russie-et-a-la-chine-donald-trump-ordonne-la-reprise-des-essais-nucleaires-20251030\" data-js-gtm=\"{&quot;customCategorie&quot;: &quot;conversion&quot;, &quot;customAction&quot;: &quot;before_Landing_Connexion_paywall_auto&quot;, &quot;customLabel&quot;: &quot;bGVmaWdhcm8uZnJfXzFmMGI1OTIyLWI0YTYtNmY0MC1hODEyLTI1M2FlNTg0ODZjOV9fQXJ0aWNsZQ==_Face \u00e0 la Russie et \u00e0 la Chine, Donald Trump ordonne la reprise des essais nucl\u00e9aires_579&quot;, &quot;customIDSPE&quot;: &quot;bGVmaWdhcm8uZnJfXzFmMGI1OTIyLWI0YTYtNmY0MC1hODEyLTI1M2FlNTg0ODZjOV9fQXJ0aWNsZQ==&quot;, &quot;event&quot;: &quot;customEventSPE&quot;}\" target=\"_blank\" rel=\"noopener\"><br \/>\n                    Connectez-vous<br \/>\n                <\/a>\n            <\/p>\n","protected":false},"excerpt":{"rendered":"D\u00c9CRYPTAGE &#8211; Le pr\u00e9sident am\u00e9ricain a d\u00e9cid\u00e9 de relancer des tests suspendus depuis 1992, en r\u00e9ponse \u00e0 des&hellip;\n","protected":false},"author":2,"featured_media":500520,"comment_status":"","ping_status":"","sticky":false,"template":"","format":"standard","meta":{"footnotes":""},"categories":[1591],"tags":[11,75,32271,1887,12,1885,1886,132],"class_list":{"0":"post-500519","1":"post","2":"type-post","3":"status-publish","4":"format-standard","5":"has-post-thumbnail","7":"category-russie","8":"tag-actualites","9":"tag-donald-trump","10":"tag-essais-nucleaires","11":"tag-federation-de-russie","12":"tag-news","13":"tag-russia","14":"tag-russian-federation","15":"tag-russie"},"share_on_mastodon":{"url":"https:\/\/pubeurope.com\/@fr\/115464501028370509","error":""},"_links":{"self":[{"href":"https:\/\/www.europesays.com\/fr\/wp-json\/wp\/v2\/posts\/500519","targetHints":{"allow":["GET"]}}],"collection":[{"href":"https:\/\/www.europesays.com\/fr\/wp-json\/wp\/v2\/posts"}],"about":[{"href":"https:\/\/www.europesays.com\/fr\/wp-json\/wp\/v2\/types\/post"}],"author":[{"embeddable":true,"href":"https:\/\/www.europesays.com\/fr\/wp-json\/wp\/v2\/users\/2"}],"replies":[{"embeddable":true,"href":"https:\/\/www.europesays.com\/fr\/wp-json\/wp\/v2\/comments?post=500519"}],"version-history":[{"count":0,"href":"https:\/\/www.europesays.com\/fr\/wp-json\/wp\/v2\/posts\/500519\/revisions"}],"wp:featuredmedia":[{"embeddable":true,"href":"https:\/\/www.europesays.com\/fr\/wp-json\/wp\/v2\/media\/500520"}],"wp:attachment":[{"href":"https:\/\/www.europesays.com\/fr\/wp-json\/wp\/v2\/media?parent=500519"}],"wp:term":[{"taxonomy":"category","embeddable":true,"href":"https:\/\/www.europesays.com\/fr\/wp-json\/wp\/v2\/categories?post=500519"},{"taxonomy":"post_tag","embeddable":true,"href":"https:\/\/www.europesays.com\/fr\/wp-json\/wp\/v2\/tags?post=500519"}],"curies":[{"name":"wp","href":"https:\/\/api.w.org\/{rel}","templated":true}]}}