{"id":500521,"date":"2025-10-30T18:20:21","date_gmt":"2025-10-30T18:20:21","guid":{"rendered":"https:\/\/www.europesays.com\/fr\/500521\/"},"modified":"2025-10-30T18:20:21","modified_gmt":"2025-10-30T18:20:21","slug":"erdogan-et-merz-affichent-leur-unite-sur-lue-le-commerce-et-la-fin-des-guerres-a-gaza-et-en-ukraine","status":"publish","type":"post","link":"https:\/\/www.europesays.com\/fr\/500521\/","title":{"rendered":"Erdogan et Merz affichent leur unit\u00e9 sur l&rsquo;UE, le commerce et la fin des guerres \u00e0 Gaza et en Ukraine"},"content":{"rendered":"<p>AA\/Ankara <\/p>\n<p>Le pr\u00e9sident turc Recep Tayyip Erdogan et le Chancelier allemand, Friedrich Merz, ont affich\u00e9 jeudi leur volont\u00e9 de renforcer les liens bilat\u00e9raux et de coop\u00e9rer sur les crises internationales, lors d&rsquo;une conf\u00e9rence de presse commune au palais pr\u00e9sidentiel d&rsquo;Ankara \u00e0 l&rsquo;issue de leurs entretiens.<\/p>\n<p>Sur l&rsquo;adh\u00e9sion pleine de la T\u00fcrkiye \u00e0 l&rsquo;Union Europ\u00e9enne (UE), Erdogan a d\u00e9clar\u00e9 : <\/p>\n<p>\u00ab\u00a0Si la d\u00e9termination affich\u00e9e par la T\u00fcrkiye sur ce sujet obtient la r\u00e9ponse qu&rsquo;elle m\u00e9rite au sein de l&rsquo;Union, nous pourrons progresser s\u00e9rieusement en tr\u00e8s peu de temps.\u00a0\u00bb<\/p>\n<p>Les deux dirigeants ont r\u00e9affirm\u00e9 que la communaut\u00e9 turque en Allemagne constitue \u00ab\u00a0notre valeur commune et notre richesse\u00a0\u00bb. <\/p>\n<p>Le pr\u00e9sident turc a insist\u00e9 sur la lutte contre \u00ab\u00a0la x\u00e9nophobie et l&rsquo;islamophobie, qui ont augment\u00e9 ces derni\u00e8res ann\u00e9es en Europe sans pouvoir \u00eatre enray\u00e9es\u00a0\u00bb.<\/p>\n<p>C\u00f4t\u00e9 \u00e9conomique, l&rsquo;Allemagne reste \u00ab\u00a0le plus grand partenaire commercial de la T\u00fcrkiye en Europe\u00a0\u00bb, souligne Erdogan qui pr\u00e9cise que l\u2019objectif en mati\u00e8re de volume des \u00e9changes, \u00e0 50 milliards de dollars aujourd\u2019hui, et de les porter \u00e0 60 milliards \u00e0 court terme. <\/p>\n<p>En mati\u00e8re de d\u00e9fense, les deux parties entendent \u00ab\u00a0laisser derri\u00e8re nous les difficult\u00e9s pass\u00e9es\u00a0\u00bb pour se concentrer sur des \u00ab projets communs\u00a0\u00bb face aux \u00ab\u00a0conditions de s\u00e9curit\u00e9 changeantes en Europe\u00a0\u00bb.<\/p>\n<p>Sur la Syrie, Ankara salue l&rsquo;importance accord\u00e9e par Berlin \u00e0 une \u00ab\u00a0coordination\u00a0\u00bb avec la T\u00fcrkiye. <\/p>\n<p>Concernant la guerre en Ukraine, les deux dirigeants plaident pour \u00ab\u00a0poursuivre les efforts diplomatiques pour une solution juste et durable\u00a0\u00bb.<\/p>\n<p>Erdogan a oppos\u00e9 les \u00ab\u00a0crit\u00e8res d&rsquo;Ankara\u00a0\u00bb aux crit\u00e8res de Copenhague : \u00ab\u00a0Avec les crit\u00e8res d&rsquo;Ankara, nous nous ouvrons \u00e0 l&rsquo;Europe et au monde.\u00a0\u00bb<\/p>\n<p>S&rsquo;exprimant sur l&rsquo;\u00c9tat de droit, il a affirm\u00e9 que peu importe la fonction qu&rsquo;occupe une personne, dans un \u00c9tat de droit, le droit ne peut pas \u00eatre fouler aux pieds.<\/p>\n<p>Sur le conflit \u00e0 Gaza, le pr\u00e9sident turc a vivement critiqu\u00e9 Isra\u00ebl, rappelant que le Hamas n&rsquo;a pas de bombes en sa possession. <\/p>\n<p>\u00ab\u00a0Le Hamas n&rsquo;a pas d&rsquo;armes nucl\u00e9aires. Mais toutes ces armes sont en possession d&rsquo;Isra\u00ebl\u00a0\u00bb, qui \u00ab\u00a0a toujours cherch\u00e9 \u00e0 ravager Gaza par la famine et le g\u00e9nocide\u00a0\u00bb, a-t-il martel\u00e9.<\/p>\n<p>Le chef de l\u2019\u00c9tat turc a appel\u00e9 l&rsquo;Allemagne \u00e0 mobiliser sa Croix-Rouge et la T\u00fcrkiye son Croissant-Rouge pour \u00ab\u00a0mettre fin \u00e0 ce g\u00e9nocide et \u00e0 la famine\u00a0\u00bb.<\/p>\n<p>\u00ab\u00a0De la m\u00eame mani\u00e8re, que nous disons \u2018que la guerre entre la Russie et l&rsquo;Ukraine prenne fin\u2019, nous sommes \u00e9galement favorables \u00e0 la fin de la guerre entre Isra\u00ebl et Gaza\u00a0\u00bb, a-t-il conclu, estimant que \u00ab\u00a0la T\u00fcrkiye et l&rsquo;Allemagne sont deux pays importants capables de travailler main dans la main pour cela\u00a0\u00bb.<\/p>\n<p>                            &#13;<br \/>\n                                <a href=\"https:\/\/www.aa.com.tr\/fr\/p\/abonnement\/1001\" target=\"_blank\" style=\"font-size:12px; color:#444; text-decoration:none;\" rel=\"nofollow noopener\">&#13;<br \/>\n                                    Seulement une partie des d\u00e9p\u00eaches, que l&rsquo;Agence Anadolu diffuse \u00e0 ses abonn\u00e9s via le Syst\u00e8me de Diffusion interne (HAS), est diffus\u00e9e sur le site de l&rsquo;AA, de mani\u00e8re r\u00e9sum\u00e9e. <b style=\"color:#1897F7\">Contactez-nous s&rsquo;il vous pla\u00eet pour vous abonner.<\/b>&#13;<br \/>\n                                <\/a>&#13;<\/p>\n","protected":false},"excerpt":{"rendered":"AA\/Ankara Le pr\u00e9sident turc Recep Tayyip Erdogan et le Chancelier allemand, Friedrich Merz, ont affich\u00e9 jeudi leur volont\u00e9&hellip;\n","protected":false},"author":2,"featured_media":500522,"comment_status":"","ping_status":"","sticky":false,"template":"","format":"standard","meta":{"footnotes":""},"categories":[1590],"tags":[11,1785,52379,1898,1777,674,4710,665,12,3497,220,9213],"class_list":{"0":"post-500521","1":"post","2":"type-post","3":"status-publish","4":"format-standard","5":"has-post-thumbnail","7":"category-ukraine","8":"tag-actualites","9":"tag-anadolu-ajansi","10":"tag-ankara","11":"tag-berlin","12":"tag-eu","13":"tag-europe","14":"tag-friedrich-merz","15":"tag-gaza","16":"tag-news","17":"tag-recep-tayyip-erdogan","18":"tag-ukraine","19":"tag-union-europenne"},"share_on_mastodon":{"url":"https:\/\/pubeurope.com\/@fr\/115464504892313908","error":""},"_links":{"self":[{"href":"https:\/\/www.europesays.com\/fr\/wp-json\/wp\/v2\/posts\/500521","targetHints":{"allow":["GET"]}}],"collection":[{"href":"https:\/\/www.europesays.com\/fr\/wp-json\/wp\/v2\/posts"}],"about":[{"href":"https:\/\/www.europesays.com\/fr\/wp-json\/wp\/v2\/types\/post"}],"author":[{"embeddable":true,"href":"https:\/\/www.europesays.com\/fr\/wp-json\/wp\/v2\/users\/2"}],"replies":[{"embeddable":true,"href":"https:\/\/www.europesays.com\/fr\/wp-json\/wp\/v2\/comments?post=500521"}],"version-history":[{"count":0,"href":"https:\/\/www.europesays.com\/fr\/wp-json\/wp\/v2\/posts\/500521\/revisions"}],"wp:featuredmedia":[{"embeddable":true,"href":"https:\/\/www.europesays.com\/fr\/wp-json\/wp\/v2\/media\/500522"}],"wp:attachment":[{"href":"https:\/\/www.europesays.com\/fr\/wp-json\/wp\/v2\/media?parent=500521"}],"wp:term":[{"taxonomy":"category","embeddable":true,"href":"https:\/\/www.europesays.com\/fr\/wp-json\/wp\/v2\/categories?post=500521"},{"taxonomy":"post_tag","embeddable":true,"href":"https:\/\/www.europesays.com\/fr\/wp-json\/wp\/v2\/tags?post=500521"}],"curies":[{"name":"wp","href":"https:\/\/api.w.org\/{rel}","templated":true}]}}