{"id":500523,"date":"2025-10-30T18:21:14","date_gmt":"2025-10-30T18:21:14","guid":{"rendered":"https:\/\/www.europesays.com\/fr\/500523\/"},"modified":"2025-10-30T18:21:14","modified_gmt":"2025-10-30T18:21:14","slug":"decue-par-les-usa-la-roumanie-se-souvient-quelle-a-un-allie-francais","status":"publish","type":"post","link":"https:\/\/www.europesays.com\/fr\/500523\/","title":{"rendered":"D\u00e9\u00e7ue par les USA, la Roumanie se souvient qu&rsquo;elle a un alli\u00e9 fran\u00e7ais"},"content":{"rendered":"<p>Un catalogue en t\u00eate\u00a0<\/p>\n<p>Jean-Yves Le Drian ne se d\u00e9pla\u00e7ait jamais avec un catalogue physique (qu&rsquo;il avait dans la t\u00eate) de l&rsquo;armement fran\u00e7ais mais commen\u00e7ait toujours par \u00ab\u00a0palabrer\u00a0\u00bb comme il disait, avec ses \u00e9quivalents, mais aussi les premiers ministres et pr\u00e9sident \u00e9tranger qu&rsquo;il rencontrait pour Fran\u00e7ois Hollande. Catherine Vautrin se retrouve plong\u00e9e dans le m\u00eame grand en Roumanie, sans vrai ma\u00eetre nageur si ce n&rsquo;est les briefings intensifs prodigu\u00e9s par son cabinet militaire.<\/p>\n<p>Un contrat pour renforcer les d\u00e9fenses sol-air\u00a0<\/p>\n<p>Depuis des ann\u00e9es, la France cherche \u00e0 placer en Roumanie l&rsquo;essentiel de sa technologie, mais la pr\u00e9sence am\u00e9ricaine faisait de l&rsquo;ombre \u00e0 Paris. Cela tombe bien, ce parapluie perc\u00e9 se replie sur lui-m\u00eame\u00a0: les bases am\u00e9ricaines vont \u00eatre d\u00e9mont\u00e9es. D\u00e8s lors, Paris a un boulevard devant lui. De quoi placer d\u00e9j\u00e0 des missiles MBDA, des Mistral 3 mais pas seulement. Selon Nicolas Cuoco, manifestement renseign\u00e9 par le minist\u00e8re des arm\u00e9es&#8230; fran\u00e7ais ou roumain (MBDA ne parle jamais de contrat export avant signature), un contrat de 500 millions d&rsquo;euros est d\u00e9j\u00e0 dans le tube. Vu sa position frontale face \u00e0 la Russie, la Roumanie va aussi devoir renforcer sa d\u00e9fense sol-air (Aster 30 et VL Mica possible), et sa missilerie antichar (MMP).<\/p>\n<p>Sous-marins et Cougar, l&rsquo;obstination paye<\/p>\n<p>Depuis des lustres, Paris cherche aussi \u00e0 placer des sous-marins, un dossier devenu imbroglio. Tout comme les corvettes un temps vis\u00e9es par la Roumanie. Airbus Helicopters n&rsquo;avait pas pu finaliser la vente de Cougar, avec une usine flambante neuve (la construction avait d\u00e9but\u00e9, le contrat n&rsquo;est jamais venu&#8230;). Bucarest n&rsquo;a pas oubli\u00e9 ses erreurs. Deux Cougar ont \u00e9t\u00e9 command\u00e9s pour la marine, un premier signal. Maintenant, le reste devrait suivre. Pour une fois, Paris sera pay\u00e9 de son obstination \u00e0 d\u00e9fendre la Roumanie.<\/p>\n","protected":false},"excerpt":{"rendered":"Un catalogue en t\u00eate\u00a0 Jean-Yves Le Drian ne se d\u00e9pla\u00e7ait jamais avec un catalogue physique (qu&rsquo;il avait dans&hellip;\n","protected":false},"author":2,"featured_media":500524,"comment_status":"","ping_status":"","sticky":false,"template":"","format":"standard","meta":{"footnotes":""},"categories":[1589],"tags":[11,10054,296,2965,10051,10055,37,10050,554,386,73,1866,10052,12,10053,1864,1865,1863,308],"class_list":{"0":"post-500523","1":"post","2":"type-post","3":"status-publish","4":"format-standard","5":"has-post-thumbnail","7":"category-etats-unis","8":"tag-actualites","9":"tag-actualites-aeronautique","10":"tag-aeronautique","11":"tag-air","12":"tag-aviation-civile","13":"tag-aviation-magazine","14":"tag-avion","15":"tag-cosmos","16":"tag-defense","17":"tag-espace","18":"tag-etats-unis","19":"tag-etats-unis-damerique","20":"tag-magazine-aeronautique","21":"tag-news","22":"tag-revue-aviation","23":"tag-united-states","24":"tag-united-states-of-america","25":"tag-us","26":"tag-usa"},"share_on_mastodon":{"url":"https:\/\/pubeurope.com\/@fr\/115464508817515556","error":""},"_links":{"self":[{"href":"https:\/\/www.europesays.com\/fr\/wp-json\/wp\/v2\/posts\/500523","targetHints":{"allow":["GET"]}}],"collection":[{"href":"https:\/\/www.europesays.com\/fr\/wp-json\/wp\/v2\/posts"}],"about":[{"href":"https:\/\/www.europesays.com\/fr\/wp-json\/wp\/v2\/types\/post"}],"author":[{"embeddable":true,"href":"https:\/\/www.europesays.com\/fr\/wp-json\/wp\/v2\/users\/2"}],"replies":[{"embeddable":true,"href":"https:\/\/www.europesays.com\/fr\/wp-json\/wp\/v2\/comments?post=500523"}],"version-history":[{"count":0,"href":"https:\/\/www.europesays.com\/fr\/wp-json\/wp\/v2\/posts\/500523\/revisions"}],"wp:featuredmedia":[{"embeddable":true,"href":"https:\/\/www.europesays.com\/fr\/wp-json\/wp\/v2\/media\/500524"}],"wp:attachment":[{"href":"https:\/\/www.europesays.com\/fr\/wp-json\/wp\/v2\/media?parent=500523"}],"wp:term":[{"taxonomy":"category","embeddable":true,"href":"https:\/\/www.europesays.com\/fr\/wp-json\/wp\/v2\/categories?post=500523"},{"taxonomy":"post_tag","embeddable":true,"href":"https:\/\/www.europesays.com\/fr\/wp-json\/wp\/v2\/tags?post=500523"}],"curies":[{"name":"wp","href":"https:\/\/api.w.org\/{rel}","templated":true}]}}