{"id":500527,"date":"2025-10-30T18:23:19","date_gmt":"2025-10-30T18:23:19","guid":{"rendered":"https:\/\/www.europesays.com\/fr\/500527\/"},"modified":"2025-10-30T18:23:19","modified_gmt":"2025-10-30T18:23:19","slug":"le-meurtrier-afghan-dun-enfant-de-2-ans-reconnu-irresponsable-penalement","status":"publish","type":"post","link":"https:\/\/www.europesays.com\/fr\/500527\/","title":{"rendered":"le meurtrier afghan d\u2019un enfant de 2\u00a0ans reconnu irresponsable p\u00e9nalement"},"content":{"rendered":"<p>            <img decoding=\"async\" alt=\"Photographie d'illustration.\" src=\"https:\/\/www.europesays.com\/fr\/wp-content\/uploads\/2025\/10\/043_dpa-pa_251015-99-335630_dpai.jpg\" width=\"375\" height=\"250\" loading=\"lazy\"\/><\/p>\n<p>\n    Photographie d&rsquo;illustration.<\/p>\n<p>                AFP<br \/>\n                                        \/<br \/>\n                                                    \u00a9 ARMIN WEIGEL \/ DPA \/ dpa Picture-Alliance<\/p>\n<p>L\u2019auteur d\u2019une attaque au couteau en Allemagne n\u2019ira pas en prison. Cet Afghan de 28\u00a0ans, nomm\u00e9 Enamullah O., \u00e9tait jug\u00e9 pour s\u2019\u00eatre <a href=\"https:\/\/www.lejdd.fr\/international\/allemagne-deux-morts-dans-une-attaque-au-couteau-dans-un-parc-154155\" target=\"_blank\" rel=\"nofollow noopener\">attaqu\u00e9 \u00e0 un groupe d\u2019enfants dans un parc \u00e0 Aschaffenburg<\/a>, en Bavi\u00e8re, le 22\u00a0janvier dernier. Un enfant de deux ans et un adulte de 41\u00a0ans avaient \u00e9t\u00e9 tu\u00e9s. Trois autres personnes avaient \u00e9galement \u00e9t\u00e9 bless\u00e9es\u00a0: une fillette de deux ans, une \u00e9ducatrice et un autre homme.<\/p>\n<p>Une phase de \u00ab\u00a0schizophr\u00e9nie\u00a0\u00bb<\/p>\n<p>Ce jeudi, l\u2019auteur des faits a \u00e9t\u00e9 intern\u00e9 en h\u00f4pital psychiatrique apr\u00e8s avoir \u00e9t\u00e9 jug\u00e9 irresponsable p\u00e9nalement en raison de troubles psychiatriques. Comme le relaie Le Figaro, le juge Karsten Krebs a conclu qu\u2019il n\u2019y avait \u00ab\u00a0pas d\u2019explication psychologique normale\u00a0\u00bb \u00e0 son acte, \u00e9voquant une \u00ab\u00a0phase psychotique aigu\u00eb de la schizophr\u00e9nie\u00a0\u00bb.<\/p>\n<p>    La suite apr\u00e8s cette publicit\u00e9<\/p>\n<p>Enamullah O. pourrait ainsi \u00eatre intern\u00e9 \u00e0 vie \u2013 sauf en cas d\u2019am\u00e9lioration de sa sant\u00e9 mentale. Si son geste n\u2019avait aucune revendication politique ou religieuse, il avait relanc\u00e9 \u00e0 nouveau le d\u00e9bat sur l\u2019immigration en Allemagne. Au d\u00e9but de l\u2019ann\u00e9e 2025, le pays \u00e9tait frapp\u00e9 par de nombreux actes meurtriers, dont les auteurs des faits \u00e9taient \u00e9trangers ou avaient des revendications islamistes.<\/p>\n","protected":false},"excerpt":{"rendered":"Photographie d&rsquo;illustration. AFP \/ \u00a9 ARMIN WEIGEL \/ DPA \/ dpa Picture-Alliance L\u2019auteur d\u2019une attaque au couteau en&hellip;\n","protected":false},"author":2,"featured_media":500528,"comment_status":"","ping_status":"","sticky":false,"template":"","format":"standard","meta":{"footnotes":""},"categories":[1587],"tags":[11,672,1804,1805,1803,1777,674,1801,12,1802],"class_list":{"0":"post-500527","1":"post","2":"type-post","3":"status-publish","4":"format-standard","5":"has-post-thumbnail","7":"category-allemagne","8":"tag-actualites","9":"tag-allemagne","10":"tag-bundesrepublik-deutschland","11":"tag-de","12":"tag-deutschland","13":"tag-eu","14":"tag-europe","15":"tag-germany","16":"tag-news","17":"tag-republique-federale-dallemagne"},"share_on_mastodon":{"url":"https:\/\/pubeurope.com\/@fr\/115464517331765507","error":""},"_links":{"self":[{"href":"https:\/\/www.europesays.com\/fr\/wp-json\/wp\/v2\/posts\/500527","targetHints":{"allow":["GET"]}}],"collection":[{"href":"https:\/\/www.europesays.com\/fr\/wp-json\/wp\/v2\/posts"}],"about":[{"href":"https:\/\/www.europesays.com\/fr\/wp-json\/wp\/v2\/types\/post"}],"author":[{"embeddable":true,"href":"https:\/\/www.europesays.com\/fr\/wp-json\/wp\/v2\/users\/2"}],"replies":[{"embeddable":true,"href":"https:\/\/www.europesays.com\/fr\/wp-json\/wp\/v2\/comments?post=500527"}],"version-history":[{"count":0,"href":"https:\/\/www.europesays.com\/fr\/wp-json\/wp\/v2\/posts\/500527\/revisions"}],"wp:featuredmedia":[{"embeddable":true,"href":"https:\/\/www.europesays.com\/fr\/wp-json\/wp\/v2\/media\/500528"}],"wp:attachment":[{"href":"https:\/\/www.europesays.com\/fr\/wp-json\/wp\/v2\/media?parent=500527"}],"wp:term":[{"taxonomy":"category","embeddable":true,"href":"https:\/\/www.europesays.com\/fr\/wp-json\/wp\/v2\/categories?post=500527"},{"taxonomy":"post_tag","embeddable":true,"href":"https:\/\/www.europesays.com\/fr\/wp-json\/wp\/v2\/tags?post=500527"}],"curies":[{"name":"wp","href":"https:\/\/api.w.org\/{rel}","templated":true}]}}