{"id":500529,"date":"2025-10-30T18:24:13","date_gmt":"2025-10-30T18:24:13","guid":{"rendered":"https:\/\/www.europesays.com\/fr\/500529\/"},"modified":"2025-10-30T18:24:13","modified_gmt":"2025-10-30T18:24:13","slug":"gor-sahakyan-armenie-medaille-de-bronze-aux-championnats-deurope-espoirs-dhalterophilie-des-71-kg-a-durres-albanie","status":"publish","type":"post","link":"https:\/\/www.europesays.com\/fr\/500529\/","title":{"rendered":"Gor Sahakyan (Arm\u00e9nie), m\u00e9daille de bronze aux Championnats d&rsquo;Europe Espoirs d\u2019halt\u00e9rophilie des 71 kg \u00e0 Durr\u00ebs (Albanie)"},"content":{"rendered":"<p>Aux Championnats d\u2019Europe Espoirs d\u2019halt\u00e9rophilie \u00e0 Durr\u00ebs (Albanie), Gor Sahakyan (Arm\u00e9nie), a d\u00e9croch\u00e9 ce jeudi 30 octobre, la m\u00e9daille de bronze chez les 71 kg. Information communiqu\u00e9e par la F\u00e9d\u00e9ration arm\u00e9nienne d\u2019halt\u00e9rophilie.<\/p>\n<p>\u00c0 l\u2019arrach\u00e9, Gor Sahakyan a soulev\u00e9 145 kg et a remport\u00e9 la m\u00e9daille de bronze. \u00c0 l\u2019\u00e9paul\u00e9-jet\u00e9, l\u2019halt\u00e9rophile Arm\u00e9nien a soulev\u00e9 175 kg puis 182 kg, terminant troisi\u00e8me dans cette discipline.<\/p>\n<p>Avec un total de 327 kg, Gor Sahakyan a remport\u00e9 la m\u00e9daille de bronze aux Championnats d\u2019Europe Espoirs (U23).<\/p>\n<p>\u00a0<\/p>\n<p>Krikor Amirzayan<\/p>\n","protected":false},"excerpt":{"rendered":"Aux Championnats d\u2019Europe Espoirs d\u2019halt\u00e9rophilie \u00e0 Durr\u00ebs (Albanie), Gor Sahakyan (Arm\u00e9nie), a d\u00e9croch\u00e9 ce jeudi 30 octobre, la&hellip;\n","protected":false},"author":2,"featured_media":500530,"comment_status":"","ping_status":"","sticky":false,"template":"","format":"standard","meta":{"footnotes":""},"categories":[1586],"tags":[11,5950,1777,674,1011,27,12448,12,25],"class_list":{"0":"post-500529","1":"post","2":"type-post","3":"status-publish","4":"format-standard","5":"has-post-thumbnail","7":"category-europe","8":"tag-actualites","9":"tag-armenie","10":"tag-eu","11":"tag-europe","12":"tag-fr","13":"tag-france","14":"tag-halterophilie","15":"tag-news","16":"tag-republique-francaise"},"share_on_mastodon":{"url":"https:\/\/pubeurope.com\/@fr\/115464520655852448","error":""},"_links":{"self":[{"href":"https:\/\/www.europesays.com\/fr\/wp-json\/wp\/v2\/posts\/500529","targetHints":{"allow":["GET"]}}],"collection":[{"href":"https:\/\/www.europesays.com\/fr\/wp-json\/wp\/v2\/posts"}],"about":[{"href":"https:\/\/www.europesays.com\/fr\/wp-json\/wp\/v2\/types\/post"}],"author":[{"embeddable":true,"href":"https:\/\/www.europesays.com\/fr\/wp-json\/wp\/v2\/users\/2"}],"replies":[{"embeddable":true,"href":"https:\/\/www.europesays.com\/fr\/wp-json\/wp\/v2\/comments?post=500529"}],"version-history":[{"count":0,"href":"https:\/\/www.europesays.com\/fr\/wp-json\/wp\/v2\/posts\/500529\/revisions"}],"wp:featuredmedia":[{"embeddable":true,"href":"https:\/\/www.europesays.com\/fr\/wp-json\/wp\/v2\/media\/500530"}],"wp:attachment":[{"href":"https:\/\/www.europesays.com\/fr\/wp-json\/wp\/v2\/media?parent=500529"}],"wp:term":[{"taxonomy":"category","embeddable":true,"href":"https:\/\/www.europesays.com\/fr\/wp-json\/wp\/v2\/categories?post=500529"},{"taxonomy":"post_tag","embeddable":true,"href":"https:\/\/www.europesays.com\/fr\/wp-json\/wp\/v2\/tags?post=500529"}],"curies":[{"name":"wp","href":"https:\/\/api.w.org\/{rel}","templated":true}]}}