{"id":500531,"date":"2025-10-30T18:25:22","date_gmt":"2025-10-30T18:25:22","guid":{"rendered":"https:\/\/www.europesays.com\/fr\/500531\/"},"modified":"2025-10-30T18:25:22","modified_gmt":"2025-10-30T18:25:22","slug":"en-france-il-y-a-eu-presque-autant-de-sites-industriels-fermes-ou-reduits-quouverts-ou-etendus-au-premier-semestre-2025","status":"publish","type":"post","link":"https:\/\/www.europesays.com\/fr\/500531\/","title":{"rendered":"En France, il y a eu presque autant de sites industriels ferm\u00e9s ou r\u00e9duits, qu\u2019ouverts ou \u00e9tendus au premier semestre 2025"},"content":{"rendered":"<p>La France a connu \u00e0 peine plus d\u2019ouvertures et d\u2019extensions de sites industriels que de fermetures et r\u00e9ductions lors de la premi\u00e8re moiti\u00e9 de l\u2019ann\u00e9e 2025, une \u00ab baisse notable \u00bb par rapport \u00e0 la fin 2024, selon le barom\u00e8tre industriel du minist\u00e8re de l\u2019\u00c9conomie publi\u00e9 ce jeudi 30 octobre.<\/p>\n<p>44 ouvertures, 82 fermetures<\/p>\n<p>La direction g\u00e9n\u00e9rale des entreprises (DGE), service de Bercy, a recens\u00e9 44 ouvertures de sites et 86 \u00ab extensions significatives \u00bb contre 82 fermetures d\u2019usines et 39 \u00ab r\u00e9ductions significatives \u00bb, soit un solde net de + 9.<\/p>\n<p>En ne comptant que les ouvertures et fermetures, la France a perdu 38 sites industriels sur les six premiers mois de 2025. \u00ab Apr\u00e8s des tendances tr\u00e8s positives observ\u00e9es en 2022 et 2023 \u00bb, 2024 a enregistr\u00e9 \u00ab un ralentissement de la dynamique de r\u00e9industrialisation \u00bb, a indiqu\u00e9 le service de Bercy dans un communiqu\u00e9 ce jeudi. \u00ab Au premier semestre 2025, la France continue d\u2019ouvrir et d\u2019agrandir plus d\u2019usines qu\u2019elle n\u2019en ferme ou n\u2019en r\u00e9duit, mais le ralentissement se poursuit avec un solde net d\u2019ouvertures et d\u2019extensions de + 9, une baisse notable par rapport \u00e0 la deuxi\u00e8me partie d\u2019ann\u00e9e 2024 (+ 48) \u00bb, dit encore Bercy.<\/p>\n<p>\u00ab Poursuivre l\u2019effort national \u00bb<\/p>\n<p>En 2024, ce barom\u00e8tre avait recens\u00e9 un solde net de -5 usines, qui passait en positif si on y ajoutait les transformations significatives de sites industriels existants, \u00e0 + 89 sites. Ce dernier indicateur \u00e9tait toutefois moiti\u00e9 moins important qu\u2019en 2023. \u00ab Face \u00e0 une dynamique qui toutefois se stabilise, la France \u0153uvre pour renforcer les strat\u00e9gies communes europ\u00e9ennes pour pr\u00e9server nos int\u00e9r\u00eats industriels, notre ind\u00e9pendance et nos emplois \u00bb, affirme jeudi le minist\u00e8re de l\u2019\u00c9conomie dans son communiqu\u00e9. \u00ab Le gouvernement entend poursuivre l\u2019effort national en faveur de la comp\u00e9titivit\u00e9 de nos entreprises \u00bb.<\/p>\n<p>La tendance confirme celle mise en \u00e9vidence par un indicateur plus ancien, men\u00e9 par le cabinet sp\u00e9cialis\u00e9 Trendeo. Les chiffres du premier semestre 2025 avaient \u00e9t\u00e9 publi\u00e9s d\u00e9but octobre, et le solde entre ouvertures et fermetures d\u2019usines est \u00ab en n\u00e9gatif depuis le deuxi\u00e8me semestre 2024 \u00bb, avec 25 usines perdues au premier semestre 2025, selon cette source. \u00ab La fragilit\u00e9 de la situation actuelle vient du fait que les fili\u00e8res qui \u00e9taient cens\u00e9es repr\u00e9senter le renouvellement du tissu industriel (v\u00e9hicule \u00e9lectrique, \u00e9nergies nouvelles) sont elles aussi concurrenc\u00e9es, fortement, tandis que la pression sur les industries plus traditionnelles ne s\u2019est pas r\u00e9duite \u00bb, analysait Trendeo.<\/p>\n","protected":false},"excerpt":{"rendered":"La France a connu \u00e0 peine plus d\u2019ouvertures et d\u2019extensions de sites industriels que de fermetures et r\u00e9ductions&hellip;\n","protected":false},"author":2,"featured_media":500532,"comment_status":"","ping_status":"","sticky":false,"template":"","format":"standard","meta":{"footnotes":""},"categories":[1586],"tags":[11,33,765,257,1777,674,1779,1011,27,693,12,25,1778,364],"class_list":{"0":"post-500531","1":"post","2":"type-post","3":"status-publish","4":"format-standard","5":"has-post-thumbnail","7":"category-europe","8":"tag-actualites","9":"tag-economie","10":"tag-en-continu","11":"tag-entreprise","12":"tag-eu","13":"tag-europe","14":"tag-european-union","15":"tag-fr","16":"tag-france","17":"tag-industrie","18":"tag-news","19":"tag-republique-francaise","20":"tag-ue","21":"tag-union-europeenne"},"share_on_mastodon":{"url":"https:\/\/pubeurope.com\/@fr\/115464524613274176","error":""},"_links":{"self":[{"href":"https:\/\/www.europesays.com\/fr\/wp-json\/wp\/v2\/posts\/500531","targetHints":{"allow":["GET"]}}],"collection":[{"href":"https:\/\/www.europesays.com\/fr\/wp-json\/wp\/v2\/posts"}],"about":[{"href":"https:\/\/www.europesays.com\/fr\/wp-json\/wp\/v2\/types\/post"}],"author":[{"embeddable":true,"href":"https:\/\/www.europesays.com\/fr\/wp-json\/wp\/v2\/users\/2"}],"replies":[{"embeddable":true,"href":"https:\/\/www.europesays.com\/fr\/wp-json\/wp\/v2\/comments?post=500531"}],"version-history":[{"count":0,"href":"https:\/\/www.europesays.com\/fr\/wp-json\/wp\/v2\/posts\/500531\/revisions"}],"wp:featuredmedia":[{"embeddable":true,"href":"https:\/\/www.europesays.com\/fr\/wp-json\/wp\/v2\/media\/500532"}],"wp:attachment":[{"href":"https:\/\/www.europesays.com\/fr\/wp-json\/wp\/v2\/media?parent=500531"}],"wp:term":[{"taxonomy":"category","embeddable":true,"href":"https:\/\/www.europesays.com\/fr\/wp-json\/wp\/v2\/categories?post=500531"},{"taxonomy":"post_tag","embeddable":true,"href":"https:\/\/www.europesays.com\/fr\/wp-json\/wp\/v2\/tags?post=500531"}],"curies":[{"name":"wp","href":"https:\/\/api.w.org\/{rel}","templated":true}]}}