{"id":500538,"date":"2025-10-30T18:29:29","date_gmt":"2025-10-30T18:29:29","guid":{"rendered":"https:\/\/www.europesays.com\/fr\/500538\/"},"modified":"2025-10-30T18:29:29","modified_gmt":"2025-10-30T18:29:29","slug":"felix-mory-et-julien-sale-juste-derriere-la-tete-apres-18-trous","status":"publish","type":"post","link":"https:\/\/www.europesays.com\/fr\/500538\/","title":{"rendered":"F\u00e9lix Mory et Julien Sale juste derri\u00e8re la t\u00eate apr\u00e8s 18 trous"},"content":{"rendered":"<p>\t\t\t\t\t\t<img width=\"770\" height=\"556\" src=\"https:\/\/www.europesays.com\/fr\/wp-content\/uploads\/2025\/10\/afp__20251029__2243457196__v3__highres__rolexgrandfinalsupportedbythera2025previews-770x556.jpg\" class=\"img-responsive wp-post-image\" alt=\"\" decoding=\"async\" fetchpriority=\"high\"  \/>\t\t\t\t\t<\/p>\n<p>\t\t\t\t\t\t Partager cet article <\/p>\n<p class=\"screen-reader-text juiz_sps_maybe_hidden_text\">Partager la publication \u00ab\u00a0F\u00e9lix Mory et Julien Sale juste derri\u00e8re la t\u00eate apr\u00e8s 18 trous\u00a0\u00bb<\/p>\n<p><strong>F\u00e9lix Mory et Julien Sale ont r\u00e9ussi leur entr\u00e9e dans la Rolex Grand Final. Cl\u00e9ment Charmasson est dans les clous pour la mont\u00e9e sur le DP World Tour.<\/strong><\/p>\n<p>\t\t\t\t\t<a id=\"189888\" href=\"https:\/\/www.kalika.org\/fr\/actualites\/articles\/pro-am-beachcomber \" target=\"_blank\" rel=\"sponsorised nofollow noopener\"><img decoding=\"async\" src=\"data:image\/svg+xml,%3Csvg%20xmlns=\" http:=\"\" class=\"img-responsive\" alt=\"\" data-lazy-src=\"https:\/\/www.europesays.com\/fr\/wp-content\/uploads\/2025\/10\/beachcomber-e02-v2-proam-bruket-26-1170x275-1.jpg\"\/><\/a><\/p>\n<p><strong>N.C.<\/strong><\/p>\n<p>Rien n\u2019est encore jou\u00e9 sur le somptueux <strong>Club de Golf Alcanada<\/strong> \u00e0 Majorque apr\u00e8s le premier tour, <a href=\"https:\/\/www.golfplanete.com\/actualites\/hotelplanner-tour-les-enjeux-de-la-finale\/\" rel=\"nofollow noopener\" target=\"_blank\">mais les Tricolores sont bien partis pour atteindre leur objectif<\/a>. <strong>F\u00e9lix Mory<\/strong> a l\u2019esprit l\u00e9ger cette semaine puisqu\u2019il a d\u00e9j\u00e0 assur\u00e9 sa mont\u00e9e, le Lillois esp\u00e8re tout de m\u00eame un gros r\u00e9sultat pour am\u00e9liorer sa cat\u00e9gorie la saison prochaine.<\/p>\n<p>Le golfeur de 31 ans est en train de r\u00e9ussir sa mission apr\u00e8s un excellent 66 (-6) ce jeudi sur ce trac\u00e9 en bord de mer. Il a altern\u00e9 huit birdies et deux bogeys dans cette premi\u00e8re journ\u00e9e sur un parcours pi\u00e9geux, notamment avec du vent. Il n\u2019a \u00e9t\u00e9 devanc\u00e9 que par <strong>Euan Walker<\/strong>, auteur d\u2019un 65 (-7).<\/p>\n<p>\u00ab J\u2019ai \u00e9t\u00e9 plut\u00f4t content de mon putting aujourd\u2019hui, a r\u00e9agi <strong>F\u00e9lix Mory<\/strong>. Je me suis donn\u00e9 beaucoup d\u2019occasions entre trois et sept m\u00e8tres et j\u2019en ai rentr\u00e9 quelques-unes, ce qui aide beaucoup sur ce parcours. Ce n\u2019est pas facile de se rapprocher des drapeaux, surtout sur les neuf premiers trous. Je me suis cr\u00e9\u00e9 pas mal d\u2019opportunit\u00e9s et je suis rest\u00e9 patient toute la journ\u00e9e, donc tr\u00e8s satisfait. C\u2019est un tournoi sur quatre tours, la semaine est longue et ce n\u2019est que le d\u00e9but. C\u2019est toujours agr\u00e9able de bien d\u00e9marrer, donc je suis content. Je pense que je deviens un meilleur joueur chaque saison. Je connais bien le parcours, mais \u00e7a ne veut pas forc\u00e9ment dire grand-chose. Le golf reste le golf, tu sais comment c\u2019est. Conna\u00eetre le parcours aide un peu, et la position dans laquelle je me trouve aussi. C\u2019est un peu plus d\u00e9tendu que ces derni\u00e8res ann\u00e9es puisque le top 20 est assur\u00e9, mais dans le sport, on en veut toujours plus. \u00bb<\/p>\n<p>Julien Sale peut y croire<\/p>\n<p><strong>Julien Sale<\/strong> a quant \u00e0 lui besoin d\u2019un tr\u00e8s gros r\u00e9sultat pour monter sur le <strong>DP World Tour<\/strong>. Il s\u2019en est donn\u00e9 les moyens avec sa carte de 68 (-4). Sixi\u00e8me, le vainqueur du <strong>Smart Infinity Philippine Open<\/strong> en d\u00e9but d\u2019ann\u00e9e est actuellement projet\u00e9 31e \u00e0 la <strong>Road to Mallorca<\/strong> mais reste tout proche du r\u00e9sultat esp\u00e9r\u00e9.<\/p>\n<p><strong>Cl\u00e9ment Charmasson<\/strong>\u00a0est quant \u00e0 lui toujours dans les clous pour grimper dans l\u2019\u00e9lite. S\u2019il perd tout de m\u00eame trois places au g\u00e9n\u00e9ral dans le jeu des projections apr\u00e8s son 70 (-2) qui le classe 16e, le Fran\u00e7ais reste projet\u00e9 dans le top 20 (19e), synonyme de <strong>DP World Tour<\/strong> pour 2026.<\/p>\n<p>Seul <strong>Oihan Guillamoundeguy<\/strong> a connu un premier tour plus difficile avec une carte de 73 (+1). Pas vraiment d\u2019inqui\u00e9tude pour le Landais, d\u00e9j\u00e0 assur\u00e9 de la premi\u00e8re division pour la saison prochaine.<\/p>\n<blockquote class=\"twitter-tweet\"><p>&#13;<\/p>\n<p dir=\"ltr\" lang=\"en\">Guillamoundeguy gets under par for the week with a long eagle putt \ud83e\udd85<a href=\"https:\/\/twitter.com\/hashtag\/RolexGrandFinal?src=hash&amp;ref_src=twsrc%5Etfw\" rel=\"nofollow noopener\" target=\"_blank\">#RolexGrandFinal<\/a> | <a href=\"https:\/\/twitter.com\/hashtag\/RoadtoMallorca?src=hash&amp;ref_src=twsrc%5Etfw\" rel=\"nofollow noopener\" target=\"_blank\">#RoadtoMallorca<\/a> <a href=\"https:\/\/t.co\/ih7ffVbumI\" rel=\"nofollow\">pic.twitter.com\/ih7ffVbumI<\/a><\/p>\n<p>&#13;<br \/>\n&#13;<br \/>\n\u2014 HotelPlanner Tour (@HPlanner_Tour) <a href=\"https:\/\/twitter.com\/HPlanner_Tour\/status\/1983887170005082250?ref_src=twsrc%5Etfw\" rel=\"nofollow noopener\" target=\"_blank\">October 30, 2025<\/a><\/p><\/blockquote>\n<p>\t\t\t\t\t<a id=\"190395\" href=\"https:\/\/moroccofairmontcup.com\/marrakech\/\" target=\"_blank\" rel=\"sponsorised nofollow noopener\"><img decoding=\"async\" src=\"data:image\/svg+xml,%3Csvg%20xmlns=\" http:=\"\" class=\"img-responsive\" alt=\"\" data-lazy-src=\"https:\/\/www.europesays.com\/fr\/wp-content\/uploads\/2025\/10\/fairmont-2025-e01-golf-cup-1170x275-1.jpg\"\/><\/a><br \/>\nLe leaderboard<\/p>\n<p><img loading=\"lazy\" decoding=\"async\" class=\"alignnone size-large wp-image-190407\" src=\"data:image\/svg+xml,%3Csvg%20xmlns=\" http:=\"\" alt=\"\" width=\"770\" height=\"628\" data-lazy- data-lazy- data-lazy-src=\"https:\/\/www.europesays.com\/fr\/wp-content\/uploads\/2025\/10\/capture-decran-2025-10-30-a-17.37.09-770x628.png\"\/><\/p>\n<p>\t\t\t\t\t<a id=\"189447\" href=\"https:\/\/golfplus.fr\/content\/57-programme-de-fidelite\" target=\"_blank\" rel=\"sponsorised nofollow noopener\"><img decoding=\"async\" src=\"data:image\/svg+xml,%3Csvg%20xmlns=\" http:=\"\" class=\"img-responsive\" alt=\"\" data-lazy-src=\"https:\/\/www.europesays.com\/fr\/wp-content\/uploads\/2025\/10\/golfplus-e28-programme-fidelite-1170x275-1.jpg\"\/><\/a><\/p>\n<p>\u00a9OCTAVIO PASSOS \/ GETTY IMAGES EUROPE \/ GETTY IMAGES VIA AFP<\/p>\n<p>\t\t\t<script async src=\"https:\/\/platform.twitter.com\/widgets.js\" charset=\"utf-8\"><\/script><\/p>\n","protected":false},"excerpt":{"rendered":"Partager cet article Partager la publication \u00ab\u00a0F\u00e9lix Mory et Julien Sale juste derri\u00e8re la t\u00eate apr\u00e8s 18 trous\u00a0\u00bb&hellip;\n","protected":false},"author":2,"featured_media":500539,"comment_status":"","ping_status":"","sticky":false,"template":"","format":"standard","meta":{"footnotes":""},"categories":[1418],"tags":[1011,27,1472,60],"class_list":{"0":"post-500538","1":"post","2":"type-post","3":"status-publish","4":"format-standard","5":"has-post-thumbnail","7":"category-golf","8":"tag-fr","9":"tag-france","10":"tag-golf","11":"tag-sports"},"share_on_mastodon":{"url":"https:\/\/pubeurope.com\/@fr\/115464540419223026","error":""},"_links":{"self":[{"href":"https:\/\/www.europesays.com\/fr\/wp-json\/wp\/v2\/posts\/500538","targetHints":{"allow":["GET"]}}],"collection":[{"href":"https:\/\/www.europesays.com\/fr\/wp-json\/wp\/v2\/posts"}],"about":[{"href":"https:\/\/www.europesays.com\/fr\/wp-json\/wp\/v2\/types\/post"}],"author":[{"embeddable":true,"href":"https:\/\/www.europesays.com\/fr\/wp-json\/wp\/v2\/users\/2"}],"replies":[{"embeddable":true,"href":"https:\/\/www.europesays.com\/fr\/wp-json\/wp\/v2\/comments?post=500538"}],"version-history":[{"count":0,"href":"https:\/\/www.europesays.com\/fr\/wp-json\/wp\/v2\/posts\/500538\/revisions"}],"wp:featuredmedia":[{"embeddable":true,"href":"https:\/\/www.europesays.com\/fr\/wp-json\/wp\/v2\/media\/500539"}],"wp:attachment":[{"href":"https:\/\/www.europesays.com\/fr\/wp-json\/wp\/v2\/media?parent=500538"}],"wp:term":[{"taxonomy":"category","embeddable":true,"href":"https:\/\/www.europesays.com\/fr\/wp-json\/wp\/v2\/categories?post=500538"},{"taxonomy":"post_tag","embeddable":true,"href":"https:\/\/www.europesays.com\/fr\/wp-json\/wp\/v2\/tags?post=500538"}],"curies":[{"name":"wp","href":"https:\/\/api.w.org\/{rel}","templated":true}]}}