{"id":500544,"date":"2025-10-30T18:36:13","date_gmt":"2025-10-30T18:36:13","guid":{"rendered":"https:\/\/www.europesays.com\/fr\/500544\/"},"modified":"2025-10-30T18:36:13","modified_gmt":"2025-10-30T18:36:13","slug":"les-conti-devront-payer-a-lheure-actualite","status":"publish","type":"post","link":"https:\/\/www.europesays.com\/fr\/500544\/","title":{"rendered":"Les Conti devront payer \u00e0 l&rsquo;heure &#8211; Actualit\u00e9"},"content":{"rendered":"<p style=\"text-align: justify;\">Chaque ann\u00e9e, les \u00e9quipes Continentales et Professionnelles Cyclo-cross doivent s&rsquo;acquitter d&rsquo;une contribution \u00e0 la lutte antidopage pour pouvoir participer aux courses ProSeries. La liste est mise \u00e0 jour plusieurs fois dans l&rsquo;ann\u00e9e, au gr\u00e9 de la date des paiements des \u00e9quipes de troisi\u00e8me division. Par exemple, en 2025, les r\u00e9serves d&rsquo;XDS Astana et de Tudor n&rsquo;avaient \u00e9t\u00e9 autoris\u00e9es en ProSeries <a href=\"https:\/\/assets.ctfassets.net\/761l7gh5x5an\/4x2vC8gH7hE38xE4A20PVp\/99035405ba456c51b5532725d05ec251\/UCIProSeries_20062025.pdf\" target=\"_blank\" rel=\"noopener\"><strong>qu&rsquo;\u00e0 partir du 20 mars<\/strong><\/a>.<\/p>\n<p>Pour 2026, l&rsquo;UCI a d\u00e9cid\u00e9 de ne plus tol\u00e9rer aucun retard de paiement. Ces groupes sportifs devront payer et soumettre le formulaire en ligne avant le 31 d\u00e9cembre 2025. La liste des \u00e9quipes autoris\u00e9es sera publi\u00e9e par l&rsquo;UCI en d\u00e9but d&rsquo;ann\u00e9e 2026.<\/p>\n","protected":false},"excerpt":{"rendered":"Chaque ann\u00e9e, les \u00e9quipes Continentales et Professionnelles Cyclo-cross doivent s&rsquo;acquitter d&rsquo;une contribution \u00e0 la lutte antidopage pour pouvoir&hellip;\n","protected":false},"author":2,"featured_media":500545,"comment_status":"","ping_status":"","sticky":false,"template":"","format":"standard","meta":{"footnotes":""},"categories":[1411],"tags":[834,828,836,829,837,827,83,826,824,823,1154,207,814,817,815,816,822,821,832,211,839,1011,27,820,818,819,835,831,830,833,838,60,212,208,825],"class_list":{"0":"post-500544","1":"post","2":"type-post","3":"status-publish","4":"format-standard","5":"has-post-thumbnail","7":"category-cyclisme","8":"tag-attaque","9":"tag-belgique","10":"tag-braquet","11":"tag-bretagne","12":"tag-chute","13":"tag-competition","14":"tag-coupe-de-france","15":"tag-coureur","16":"tag-course-cyclisme","17":"tag-course-cycliste","18":"tag-cycling","19":"tag-cyclisme","20":"tag-direct","21":"tag-direct-velo","22":"tag-directvelo","23":"tag-directvelo-com","24":"tag-epreuve","25":"tag-epreuve-cycliste","26":"tag-federation-francaise-de-cyclisme","27":"tag-ffc","28":"tag-flandres","29":"tag-fr","30":"tag-france","31":"tag-live","32":"tag-live-course","33":"tag-live-epreuve","34":"tag-peloton","35":"tag-radio-peloton","36":"tag-radio-tour","37":"tag-ravitaillement","38":"tag-relance","39":"tag-sports","40":"tag-uci","41":"tag-velo","42":"tag-velos"},"share_on_mastodon":{"url":"https:\/\/pubeurope.com\/@fr\/115464567854382904","error":""},"_links":{"self":[{"href":"https:\/\/www.europesays.com\/fr\/wp-json\/wp\/v2\/posts\/500544","targetHints":{"allow":["GET"]}}],"collection":[{"href":"https:\/\/www.europesays.com\/fr\/wp-json\/wp\/v2\/posts"}],"about":[{"href":"https:\/\/www.europesays.com\/fr\/wp-json\/wp\/v2\/types\/post"}],"author":[{"embeddable":true,"href":"https:\/\/www.europesays.com\/fr\/wp-json\/wp\/v2\/users\/2"}],"replies":[{"embeddable":true,"href":"https:\/\/www.europesays.com\/fr\/wp-json\/wp\/v2\/comments?post=500544"}],"version-history":[{"count":0,"href":"https:\/\/www.europesays.com\/fr\/wp-json\/wp\/v2\/posts\/500544\/revisions"}],"wp:featuredmedia":[{"embeddable":true,"href":"https:\/\/www.europesays.com\/fr\/wp-json\/wp\/v2\/media\/500545"}],"wp:attachment":[{"href":"https:\/\/www.europesays.com\/fr\/wp-json\/wp\/v2\/media?parent=500544"}],"wp:term":[{"taxonomy":"category","embeddable":true,"href":"https:\/\/www.europesays.com\/fr\/wp-json\/wp\/v2\/categories?post=500544"},{"taxonomy":"post_tag","embeddable":true,"href":"https:\/\/www.europesays.com\/fr\/wp-json\/wp\/v2\/tags?post=500544"}],"curies":[{"name":"wp","href":"https:\/\/api.w.org\/{rel}","templated":true}]}}