{"id":500552,"date":"2025-10-30T18:42:14","date_gmt":"2025-10-30T18:42:14","guid":{"rendered":"https:\/\/www.europesays.com\/fr\/500552\/"},"modified":"2025-10-30T18:42:14","modified_gmt":"2025-10-30T18:42:14","slug":"un-tribunal-sud-coreen-interdit-au-celebre-groupe-newjeans-de-quitter-son-label-ador","status":"publish","type":"post","link":"https:\/\/www.europesays.com\/fr\/500552\/","title":{"rendered":"Un tribunal sud-cor\u00e9en interdit au c\u00e9l\u00e8bre groupe NewJeans de quitter son label ADOR"},"content":{"rendered":"<p>Un tribunal <a href=\"https:\/\/www.20minutes.fr\/dossier\/coree_du_sud\" class=\"c-link c-link--is-underlined\" rel=\"nofollow noopener\" target=\"_blank\">sud-cor\u00e9en<\/a> a redonn\u00e9 raison, jeudi 30\u00a0octobre 2025, au label ADOR dans le litige qui l\u2019oppose au <a href=\"https:\/\/www.20minutes.fr\/dossier\/groupe\" class=\"c-link c-link--is-underlined\" rel=\"nofollow noopener\" target=\"_blank\">groupe<\/a> f\u00e9minin de <a href=\"https:\/\/www.20minutes.fr\/arts-stars\/culture\/k-pop\/\" class=\"c-link c-link--is-underlined\" rel=\"nofollow noopener\" target=\"_blank\">K-pop<\/a> NewJeans, dont les cinq membres \u2013 Minji, Danielle, Hani, Haerin et Hyein \u2013 avaient rendu publique, en novembre\u00a02024, leur d\u00e9cision de le quitter, l\u2019accusant de \u00ab\u00a0mauvais traitements\u00a0\u00bb.<\/p>\n<\/p>\n<p>La r\u00e9siliation du contrat d\u2019exclusivit\u00e9 \u00ab\u00a0injustifi\u00e9e\u00a0\u00bb<\/p>\n<p>\u00ab\u00a0Il est difficile de conclure que la confiance mutuelle entre les parties contractantes a \u00e9t\u00e9 rompue\u00a0\u00bb, a d\u00e9clar\u00e9 le <a href=\"https:\/\/www.20minutes.fr\/dossier\/tribunal\" class=\"c-link c-link--is-underlined\" rel=\"nofollow noopener\" target=\"_blank\">tribunal<\/a> dans son jugement, rapport\u00e9 par l\u2019agence de presse Yonhap, ajoutant \u00ab\u00a0Le niveau de confiance entre ADOR et NewJeans ne peut \u00eatre consid\u00e9r\u00e9 comme suffisamment compromis pour justifier la r\u00e9siliation du <a href=\"https:\/\/www.20minutes.fr\/arts-stars\/people\/4111038-20240921-richard-gadd-decroche-contrat-exclusivite-netflix-apres-victoire-emmy-awards\" class=\"c-link c-link--is-underlined\" rel=\"nofollow noopener\" target=\"_blank\">contrat d\u2019exclusivit\u00e9<\/a>\u00a0\u00bb.<\/p>\n<p>Le label a salu\u00e9 la d\u00e9cision et a exhort\u00e9 les membres du groupe \u00e0 reprendre le travail avec lui. \u00ab\u00a0Nous esp\u00e9rons sinc\u00e8rement que le <a href=\"https:\/\/www.20minutes.fr\/dossier\/jugement\" class=\"c-link c-link--is-underlined\" rel=\"nofollow noopener\" target=\"_blank\">jugement<\/a> rendu aujourd\u2019hui [\u2026] sera l\u2019occasion pour les artistes de r\u00e9fl\u00e9chir sereinement \u00e0 cette question\u00a0\u00bb, a-t-il d\u00e9clar\u00e9.<\/p>\n<p>Un premier jugement<\/p>\n<p>NewJeans fait partie, avec <a href=\"https:\/\/www.20minutes.fr\/arts-stars\/culture\/bts-k-pop\/\" class=\"c-link c-link--is-underlined\" rel=\"nofollow noopener\" target=\"_blank\">BTS<\/a>, des groupes de K-pop \u00e0 succ\u00e8s de l\u2019<a href=\"https:\/\/www.20minutes.fr\/arts-stars\/culture\/musique\/4165099-20250724-k-pop-soupconnee-fraude-agence-celebre-groupe-sud-coreen-bts-fait-objet-perquisition\" class=\"c-link c-link--is-underlined\" rel=\"nofollow noopener\" target=\"_blank\">agence sud-cor\u00e9enne HYBE<\/a>, soci\u00e9t\u00e9 m\u00e8re du label ADOR. Apr\u00e8s le coup d\u2019\u00e9clat de NewJeans, le label a fait valoir que le groupe devait continuer \u00e0 travailler sous sa direction et demand\u00e9 \u00e0 la justice d\u2019interdire \u00e0 ses membres de travailler ind\u00e9pendamment.<\/p>\n<p>En mars\u00a02025, la <a href=\"https:\/\/www.20minutes.fr\/justice\/\" class=\"c-link c-link--is-underlined\" rel=\"nofollow noopener\" target=\"_blank\">justice <\/a>avait d\u00e9j\u00e0 donn\u00e9 raison \u00e0 ADOR en d\u00e9cidant que le groupe, qui se pr\u00e9sente d\u00e9sormais sous le nom de NJZ, ne devait pas poursuivre d\u2019activit\u00e9s ind\u00e9pendantes.<\/p>\n<p>Un acte de solidarit\u00e9<\/p>\n<p>NewJeans, qui a fait ses d\u00e9buts en\u00a02022, est l\u2019un des groupes les plus lucratifs de l\u2019\u00e9curie de HYBE. Mais il est en conflit avec son <a href=\"https:\/\/www.20minutes.fr\/dossier\/label\" class=\"c-link c-link--is-underlined\" rel=\"nofollow noopener\" target=\"_blank\">label <\/a>depuis avril\u00a02024, quand HYBE a tent\u00e9 de <a href=\"https:\/\/www.20minutes.fr\/arts-stars\/culture\/musique\/4116087-20241017-coree-sud-fin-service-militaire-hope-megastar-k-pop-membre-groupe-bts\" class=\"c-link c-link--is-underlined\" rel=\"nofollow noopener\" target=\"_blank\">pousser sa productrice, Min Hee-jin, vers la sortie<\/a>.<\/p>\n<p>Par solidarit\u00e9, le groupe a adress\u00e9 un ultimatum \u00e0 HYBE, lui demandant entre autres de r\u00e9int\u00e9grer Mme Min, ce que la soci\u00e9t\u00e9 a refus\u00e9. En r\u00e9ponse, les membres de NewJeans ont rendu publique leur dispute, en accusant le label d\u2019avoir intentionnellement sabot\u00e9 leur <a href=\"https:\/\/www.20minutes.fr\/dossier\/carriere\" class=\"c-link c-link--is-underlined\" rel=\"nofollow noopener\" target=\"_blank\">carri\u00e8re<\/a>.<\/p>\n<p><a href=\"https:\/\/www.20minutes.fr\/arts-stars\/culture\/k-pop\/\" class=\"c-link c-btn c-btn--primary\" rel=\"nofollow noopener\" target=\"_blank\">Notre dossier \u00ab K-Pop \u00bb<\/a><\/p>\n<p>L\u2019ann\u00e9e derni\u00e8re, la membre du groupe Hanni avait soutenu que le groupe avait \u00e9t\u00e9 victime de <a href=\"https:\/\/www.20minutes.fr\/dossier\/harcelement\" class=\"c-link c-link--is-underlined\" rel=\"nofollow noopener\" target=\"_blank\">harc\u00e8lement <\/a>au travail, \u00e9voquant des \u00ab\u00a0malentendus d\u00e9lib\u00e9r\u00e9s et des manipulations\u00a0\u00bb lors de leur collaboration avec ADOR.<\/p>\n","protected":false},"excerpt":{"rendered":"Un tribunal sud-cor\u00e9en a redonn\u00e9 raison, jeudi 30\u00a0octobre 2025, au label ADOR dans le litige qui l\u2019oppose au&hellip;\n","protected":false},"author":2,"featured_media":500553,"comment_status":"","ping_status":"","sticky":false,"template":"","format":"standard","meta":{"footnotes":""},"categories":[1355],"tags":[1695,2704,251,58,59,1011,27,2705,3668,6372,7594,35110,1361,873,2694,133],"class_list":{"0":"post-500552","1":"post","2":"type-post","3":"status-publish","4":"format-standard","5":"has-post-thumbnail","7":"category-musique","8":"tag-chanson","9":"tag-chanteuse","10":"tag-culture","11":"tag-divertissement","12":"tag-entertainment","13":"tag-fr","14":"tag-france","15":"tag-groupe","16":"tag-harcelement","17":"tag-jugement","18":"tag-k-pop","19":"tag-label","20":"tag-music","21":"tag-musique","22":"tag-proces","23":"tag-video"},"share_on_mastodon":{"url":"https:\/\/pubeurope.com\/@fr\/115464591402129655","error":""},"_links":{"self":[{"href":"https:\/\/www.europesays.com\/fr\/wp-json\/wp\/v2\/posts\/500552","targetHints":{"allow":["GET"]}}],"collection":[{"href":"https:\/\/www.europesays.com\/fr\/wp-json\/wp\/v2\/posts"}],"about":[{"href":"https:\/\/www.europesays.com\/fr\/wp-json\/wp\/v2\/types\/post"}],"author":[{"embeddable":true,"href":"https:\/\/www.europesays.com\/fr\/wp-json\/wp\/v2\/users\/2"}],"replies":[{"embeddable":true,"href":"https:\/\/www.europesays.com\/fr\/wp-json\/wp\/v2\/comments?post=500552"}],"version-history":[{"count":0,"href":"https:\/\/www.europesays.com\/fr\/wp-json\/wp\/v2\/posts\/500552\/revisions"}],"wp:featuredmedia":[{"embeddable":true,"href":"https:\/\/www.europesays.com\/fr\/wp-json\/wp\/v2\/media\/500553"}],"wp:attachment":[{"href":"https:\/\/www.europesays.com\/fr\/wp-json\/wp\/v2\/media?parent=500552"}],"wp:term":[{"taxonomy":"category","embeddable":true,"href":"https:\/\/www.europesays.com\/fr\/wp-json\/wp\/v2\/categories?post=500552"},{"taxonomy":"post_tag","embeddable":true,"href":"https:\/\/www.europesays.com\/fr\/wp-json\/wp\/v2\/tags?post=500552"}],"curies":[{"name":"wp","href":"https:\/\/api.w.org\/{rel}","templated":true}]}}