{"id":500556,"date":"2025-10-30T18:44:16","date_gmt":"2025-10-30T18:44:16","guid":{"rendered":"https:\/\/www.europesays.com\/fr\/500556\/"},"modified":"2025-10-30T18:44:16","modified_gmt":"2025-10-30T18:44:16","slug":"grippe-2025-la-france-face-a-une-ruee-inedite-vers-le-vaccin","status":"publish","type":"post","link":"https:\/\/www.europesays.com\/fr\/500556\/","title":{"rendered":"Grippe 2025 : la France face \u00e0 une ru\u00e9e in\u00e9dite vers le vaccin"},"content":{"rendered":"<p>             <a href=\"https:\/\/ma-sante.news\/wp-content\/uploads\/2025\/10\/campagne-de-vaccination-grippe-vaccin-antigrippale-bruno-lina-Ma-Sante-.jpeg\" data-caption=\"La campagne de vaccination contre la grippe d\u00e9marre sur les chapeaux de roue, notamment dans les rangs des personnes \u00e2g\u00e9es et fragiles \u00a9\u00a0Adobe Stock \" target=\"_blank\" rel=\"noopener\"><img loading=\"lazy\" decoding=\"async\" width=\"696\" height=\"465\" class=\"entry-thumb td-modal-image ewww_webp_lazy_load\" src=\"data:image\/svg+xml,%3Csvg%20xmlns=\" http:=\"\" data-lazy- data-lazy- alt=\"Une personne \u00e0 risque qui est all\u00e9 en pharmacie pour se faire vacciner contrema grippe et ainsi se prot\u00e9ger pour l'\u00e9pid\u00e9mie \u00e0 venir.\" title=\"campagne de vaccination grippe vaccin antigrippale bruno lina Ma Sante\u0301\" data-lazy-src=\"https:\/\/www.europesays.com\/fr\/wp-content\/uploads\/2025\/10\/campagne-de-vaccination-grippe-vaccin-antigrippale-bruno-lina-Ma-Sante--696x465.jpeg\" data-lazy-src-webp=\"https:\/\/www.europesays.com\/fr\/wp-content\/uploads\/2025\/10\/campagne-de-vaccination-grippe-vaccin-antigrippale-bruno-lina-Ma-Sante--696x465.jpeg.webp\" data-lazy-srcset-webp=\"https:\/\/www.europesays.com\/fr\/wp-content\/uploads\/2025\/10\/campagne-de-vaccination-grippe-vaccin-antigrippale-bruno-lina-Ma-Sante--696x465.jpeg.webp 696w, https:\/\/ma-sante.news\/wp-content\/uploads\/2025\/10\/campagne-de-vaccination-grippe-vaccin-antigrippale-bruno-lina-Ma-Sante--300x200.jpeg.webp 300w, https:\/\/ma-sante.news\/wp-content\/uploads\/2025\/10\/campagne-de-vaccination-grippe-vaccin-antigrippale-bruno-lina-Ma-Sante--768x513.jpeg.webp 768w, https:\/\/ma-sante.news\/wp-content\/uploads\/2025\/10\/campagne-de-vaccination-grippe-vaccin-antigrippale-bruno-lina-Ma-Sante--629x420.jpeg.webp 629w, https:\/\/ma-sante.news\/wp-content\/uploads\/2025\/10\/campagne-de-vaccination-grippe-vaccin-antigrippale-bruno-lina-Ma-Sante-.jpeg.webp 800w\"\/><\/a>La campagne de vaccination contre la grippe d\u00e9marre sur les chapeaux de roue, notamment dans les rangs des personnes \u00e2g\u00e9es et fragiles \u00a9\u00a0Adobe Stock                                     \t\t\t             <a class=\"gofollow\" data-track=\"MjgsMCw2MA==\" href=\"https:\/\/ma-sante.news\/inscrivez-vous-a-notre-newsletter\/\" target=\"_blank\" rel=\"noopener\"><img loading=\"lazy\" decoding=\"async\" width=\"1068\" height=\"131\" src=\"data:image\/svg+xml,%3Csvg%20xmlns=\" http:=\"\" data-lazy-src=\"https:\/\/www.europesays.com\/fr\/wp-content\/uploads\/2025\/03\/banniere-newsletter.png\"\/><\/a> <\/p>\n<p><a href=\"https:\/\/ma-sante.news\/vaccination-contre-la-grippe-et-le-covid-19-faut-savoir-sur-la-campagne-automne-2025\/\" target=\"_blank\" rel=\"noopener\">La campagne de vaccination contre la grippe a \u00e0 peine commenc\u00e9 <\/a>que les chiffres s\u2019envolent d\u00e9j\u00e0. Selon le minist\u00e8re de la Sant\u00e9, plus de 1,7 million de Fran\u00e7ais ont \u00e9t\u00e9 vaccin\u00e9s depuis le coup d\u2019envoi de la campagne; le 14 octobre. A la m\u00eame \u00e9poque, l\u2019an dernier, \u00e0 peine 1,3 million de personnes avaient fait la d\u00e9marche vaccinale. <\/p>\n<p>De son c\u00f4t\u00e9, le GERS Data (Groupement des entreprises de l\u2019industrie pharmaceutique) fait \u00e9tat de plus de 2,1 millions de doses d\u00e9livr\u00e9es en quelques jours. Soit une hausse de 36 % par rapport \u00e0 l\u2019an dernier \u00e0 la m\u00eame p\u00e9riode ! Un d\u00e9marrage en trombe, qui traduit une mobilisation bien plus forte qu\u2019attendue. Autre chiffre instructif, sur les 1,7 million de Francais vaccin\u00e9s, plus des trois quarts (77%) ont plus de 65 ans. <\/p>\n<p>R\u00e9sultat, en pharmacie, les files d\u2019attente s\u2019allongent. Sur le terrain, les professionnels constatent que<a href=\"https:\/\/ma-sante.news\/grippe-et-covid-19-la-vaccination-est-elle-encore-necessaire-pour-tous\/\" target=\"_blank\" rel=\"noopener\"> les personnes \u00e0 risque, mais aussi des publics plus jeunes, viennent spontan\u00e9ment se faire vacciner.<\/a> Un signe encourageant pour le professeur Bruno Lina, \u00e9minent virologue, pr\u00e9sident du Biocluster BCD2I, qui impute cette dynamique \u00e0 une prise de conscience plus large du danger que repr\u00e9sente la grippe. Mais l\u2019ancien membre du Conseil Scientifique COVID-19 estime que ce ce regain d\u2019int\u00e9r\u00eat pour la vaccination est le fruit d\u2019un travail collectif : une offre vaccinale \u00e9largie, une communication plus claire et <a href=\"https:\/\/ma-sante.news\/double-vaccin-grippe-et-covid-les-soignants-jouent-ils-vraiment-le-jeu\/#google_vignette\" target=\"_blank\" rel=\"noopener\">l\u2019implication constante des pharmaciens, m\u00e9decins et infirmiers.\u00a0<\/a><\/p>\n<p>        Grippe : qu\u2019en est-il de la campagne de vaccination lanc\u00e9e il y a deux semaines ?\u00a0    <img fetchpriority=\"high\" decoding=\"async\" width=\"1024\" height=\"833\" data-lazy-type=\"image\" src=\"https:\/\/www.europesays.com\/fr\/wp-content\/uploads\/2025\/10\/professeur-bruno-lina-virologue-covid-grippe-vaccination-Ma-Sante-1024x833.jpg\" alt=\"\" class=\"lazy lazy-hidden wp-image-71458 ewww_webp_lazy_load\" style=\"width:391px;height:auto\"   src-webp=\"https:\/\/www.europesays.com\/fr\/wp-content\/uploads\/2025\/10\/professeur-bruno-lina-virologue-covid-grippe-vaccination-Ma-Sante-1024x833.jpg.webp\" srcset-webp=\"https:\/\/www.europesays.com\/fr\/wp-content\/uploads\/2025\/10\/professeur-bruno-lina-virologue-covid-grippe-vaccination-Ma-Sante-1024x833.jpg.webp 1024w, https:\/\/ma-sante.news\/wp-content\/uploads\/2025\/10\/professeur-bruno-lina-virologue-covid-grippe-vaccination-Ma-Sante-300x244.jpg.webp 300w, https:\/\/ma-sante.news\/wp-content\/uploads\/2025\/10\/professeur-bruno-lina-virologue-covid-grippe-vaccination-Ma-Sante-768x624.jpg.webp 768w, https:\/\/ma-sante.news\/wp-content\/uploads\/2025\/10\/professeur-bruno-lina-virologue-covid-grippe-vaccination-Ma-Sante-1536x1249.jpg.webp 1536w, https:\/\/ma-sante.news\/wp-content\/uploads\/2025\/10\/professeur-bruno-lina-virologue-covid-grippe-vaccination-Ma-Sante-696x566.jpg.webp 696w, https:\/\/ma-sante.news\/wp-content\/uploads\/2025\/10\/professeur-bruno-lina-virologue-covid-grippe-vaccination-Ma-Sante-1068x868.jpg.webp 1068w, https:\/\/ma-sante.news\/wp-content\/uploads\/2025\/10\/professeur-bruno-lina-virologue-covid-grippe-vaccination-Ma-Sante-517x420.jpg.webp 517w, https:\/\/ma-sante.news\/wp-content\/uploads\/2025\/10\/professeur-bruno-lina-virologue-covid-grippe-vaccination-Ma-Sante.jpg.webp 1920w\"\/>Le professeur de virologie, Bruno Lina @M.Briel   <\/p>\n<p>\u201cOn sent aujourd\u2019hui qu\u2019un certain nombre de personnes \u00e0 risque \u2014 puisque ce sont surtout elles qui se sont fait vacciner, mais pas uniquement \u2014 ont pris conscience que la grippe pouvait \u00eatre un vrai probl\u00e8me, un probl\u00e8me s\u00e9rieux. Ainsi, l\u2019an dernier, on a recens\u00e9<a href=\"https:\/\/ma-sante.news\/grippe-plus-de-17-000-morts-lhiver-dernier-pourquoi-la-vaccination-reste-t-elle-si-faible\/\" target=\"_blank\" rel=\"noopener\"> environ 17 000 d\u00e9c\u00e8s imputables directement \u00e0 la grippe.<\/a><\/p>\n<p>Il y a donc une double prise de conscience :<a href=\"https:\/\/ma-sante.news\/vaccin-chez-les-seniors-la-grippe-nest-pas-une-maladie-benigne\/\" target=\"_blank\" rel=\"noopener\"> la grippe, ce n\u2019est pas anodin et le vaccin permet de r\u00e9duire ce risque.<\/a><\/p>\n<p>Et d\u00e8s qu\u2019on r\u00e9ussit \u00e0 faire passer ce message, on voit appara\u00eetre un effet d\u2019entra\u00eenement. D\u2019autant plus que cette ann\u00e9e, l\u2019offre de soins s\u2019est \u00e9largie, avec davantage de types de vaccins disponibles. Les pouvoirs publics communiquent, comme chaque ann\u00e9e, et surtout, les professionnels de sant\u00e9 se sont pleinement engag\u00e9s dans cette campagne.<\/p>\n<p>Tout cela combin\u00e9 cr\u00e9e une vraie dynamique positive. Il faut maintenant aller jusqu\u2019au bout, et continuer \u00e0 augmenter le taux de vaccination de mani\u00e8re significative. Parce que, m\u00eame si on observe une hausse de plus de 30 %, <a href=\"https:\/\/ma-sante.news\/epidemie-de-grippe-une-trop-faible-couverture-vaccinale-pour-contrer-le-virus\/\" target=\"_blank\" rel=\"noopener\">\u00e7a n\u2019est pas suffisant pour atteindre les objectifs de sant\u00e9 publique<\/a> qui sont de 75% de vaccin\u00e9s chez les groupes \u00e0 risque. Mais la tendance est bonne, m\u00eame tr\u00e8s encourageante. Donc il faut la renforcer autant que possible.\u201d<\/p>\n<p>        Vaccination contre la grippe : qui sont ces personnes \u00e0 risques ?\u00a0    <\/p>\n<p>\u201cOn a trop souvent tendance \u00e0 consid\u00e9rer la vaccination contre la grippe comme la vaccination des vieux. C\u2019est tr\u00e8s r\u00e9ducteur. En r\u00e9alit\u00e9, si on recommande de commencer \u00e0 se vacciner \u00e0 partir de 65 ans, c\u2019est justement parce qu\u2019on est encore en bonne sant\u00e9 \u00e0 cet \u00e2ge-l\u00e0, et que la vaccination contribue \u00e0 la pr\u00e9server.<\/p>\n<p>On fait bien du sport pour rester en forme. Alors, pourquoi ne pas se faire vacciner pour rester en bonne sant\u00e9. Se faire vacciner, ce n\u2019est pas un signe de faiblesse, bien au contraire !<\/p>\n<p>Et puis, la vaccination contre la grippe prot\u00e8ge au-del\u00e0 de la maladie elle-m\u00eame. Elle r\u00e9duit <a href=\"https:\/\/ma-sante.news\/infarctus-causes-et-symptome-219871\/\" target=\"_blank\" rel=\"noopener\">le risque d\u2019infarctus du myocarde<\/a>, de troubles respiratoires aigus,<a href=\"https:\/\/ma-sante.news\/asthme-comment-prevenir-et-traiter-la-crise\/\" target=\"_blank\" rel=\"noopener\"> d\u2019exacerbations d\u2019asthme<\/a> ou <a href=\"https:\/\/ma-sante.news\/comment-soigner-une-bronchite-693687\/\" target=\"_blank\" rel=\"noopener\">de bronchite <\/a>chronique, et <a href=\"https:\/\/ma-sante.news\/90-des-avc-pourraient-etre-evites-quels-sont-les-gestes-qui-sauvent\/\" target=\"_blank\" rel=\"noopener\">m\u00eame d\u2019accident vasculaire c\u00e9r\u00e9bral.<\/a> On r\u00e9alise de plus en plus que les effets b\u00e9n\u00e9fiques du vaccin d\u00e9passent largement la simple pr\u00e9vention de la grippe.\u201c<\/p>\n<p>        \u201cAu del\u00e0 de la maladie\u00a0 infectieuse,\u00a0 on se pr\u00e9munit contre d\u2019autres maladies chroniques\u201d    <\/p>\n<p>\u201cLes cardiologues l\u2019ont bien compris. Et, par analogie, c\u2019est la m\u00eame logique avec <a href=\"https:\/\/ma-sante.news\/nouvelle-campagne-vaccination-covid-19-qui-concerne-comment\/\" target=\"_blank\" rel=\"noopener\">la vaccination contre le Covid.<\/a> On sait <a href=\"https:\/\/ma-sante.news\/hypertension-arterielle-etes-vous-hypertendu-sans-le-savoir\/\" target=\"_blank\" rel=\"noopener\">qu\u2019un hypertendu<\/a> a deux fois plus de risques de d\u00e9velopper une forme grave que quelqu\u2019un qui ne souffre pas d\u2019hypertension.<\/p>\n<p>Donc, il faut que l\u2019hypertendu soit vaccin\u00e9 contre le Covid mais aussi contre la grippe. \u00c7a fait partie des messages qu\u2019il faut diffuser. Au-del\u00e0 de la simple pr\u00e9vention contre la maladie infectieuse, le vaccin pr\u00e9munit contre d\u2019autres maladies chroniques d\u00e9l\u00e9t\u00e8res.<\/p>\n<p>C\u2019est notamment le cas pour les plus \u00e2g\u00e9s avec  <a href=\"https:\/\/ma-sante.news\/avc-maladies-meme-symptomes\/\" target=\"_blank\" rel=\"noopener\">l\u2019accident vasculaire c\u00e9r\u00e9bral<\/a>,  <a href=\"https:\/\/ma-sante.news\/avc-infarctus-une-decouverte-majeure-rebat-les-cartes-de-la-prise-en-charge\/\" target=\"_blank\" rel=\"noopener\">l\u2019infarctus du myocarde<\/a> et<a href=\"https:\/\/ma-sante.news\/alzheimer-et-autres-demences-le-vaccin-contre-le-zona-pour-reduire-le-risque\/\" target=\"_blank\" rel=\"noopener\"> l\u2019\u00e9volution vers la d\u00e9mence.<\/a> On sait que la vaccination contre la grippe diminue ces risques.\u201c<\/p>\n<blockquote class=\"wp-block-quote is-layout-flow wp-block-quote-is-layout-flow\">\n<p><strong>\u00c0 SAVOIR\u00a0<\/strong><\/p>\n<p>Pour la saison 2023-2024, la couverture vaccinale contre la grippe restait en de\u00e7\u00e0 des objectifs fix\u00e9s par les autorit\u00e9s de sant\u00e9. Elle \u00e9tait estim\u00e9e \u00e0 47,1 % parmi l\u2019ensemble des personnes \u00e0 risque. Chez les 65 ans et plus, le taux atteignait environ 53,7 %. Fin 2024 la couverture vaccinale \u00e9tait de 42,9 % pour l\u2019ensemble des publics cibl\u00e9s, confirmant une tendance \u00e0 la stagnation malgr\u00e9 les efforts de mobilisation.<\/p>\n<\/blockquote>\n<p>  <a class=\"gofollow\" data-track=\"MTIsMCw2MA==\" href=\"https:\/\/ma-sante.news\/annonceurs\/\" target=\"_blank\" rel=\"noopener\"><img loading=\"lazy\" decoding=\"async\" width=\"2560\" height=\"2133\" src=\"data:image\/svg+xml,%3Csvg%20xmlns=\" http:=\"\" data-lazy-src=\"https:\/\/www.europesays.com\/fr\/wp-content\/uploads\/2025\/03\/pub-annonceurs-4-scaled.jpg\"\/><\/a>    <img loading=\"lazy\" decoding=\"async\" width=\"755\" height=\"495\" src=\"data:image\/svg+xml,%3Csvg%20xmlns=\" http:=\"\" data-lazy-src=\"https:\/\/www.europesays.com\/fr\/wp-content\/uploads\/2025\/03\/Image1.jpg\" data-lazy-src-webp=\"https:\/\/www.europesays.com\/fr\/wp-content\/uploads\/2025\/03\/Image1.jpg.webp\" class=\"ewww_webp_lazy_load\"\/>Inscrivez-vous \u00e0 notre newsletter <br \/>Ma Sant\u00e9                      <\/p>\n","protected":false},"excerpt":{"rendered":"La campagne de vaccination contre la grippe d\u00e9marre sur les chapeaux de roue, notamment dans les rangs des&hellip;\n","protected":false},"author":2,"featured_media":500557,"comment_status":"","ping_status":"","sticky":false,"template":"","format":"standard","meta":{"footnotes":""},"categories":[10],"tags":[1011,27,72,71,10655,10105],"class_list":{"0":"post-500556","1":"post","2":"type-post","3":"status-publish","4":"format-standard","5":"has-post-thumbnail","7":"category-sante","8":"tag-fr","9":"tag-france","10":"tag-health","11":"tag-sante","12":"tag-u00e9pidu00e9mie-grippe","13":"tag-virus-grippe"},"share_on_mastodon":{"url":"https:\/\/pubeurope.com\/@fr\/115464599834398425","error":""},"_links":{"self":[{"href":"https:\/\/www.europesays.com\/fr\/wp-json\/wp\/v2\/posts\/500556","targetHints":{"allow":["GET"]}}],"collection":[{"href":"https:\/\/www.europesays.com\/fr\/wp-json\/wp\/v2\/posts"}],"about":[{"href":"https:\/\/www.europesays.com\/fr\/wp-json\/wp\/v2\/types\/post"}],"author":[{"embeddable":true,"href":"https:\/\/www.europesays.com\/fr\/wp-json\/wp\/v2\/users\/2"}],"replies":[{"embeddable":true,"href":"https:\/\/www.europesays.com\/fr\/wp-json\/wp\/v2\/comments?post=500556"}],"version-history":[{"count":0,"href":"https:\/\/www.europesays.com\/fr\/wp-json\/wp\/v2\/posts\/500556\/revisions"}],"wp:featuredmedia":[{"embeddable":true,"href":"https:\/\/www.europesays.com\/fr\/wp-json\/wp\/v2\/media\/500557"}],"wp:attachment":[{"href":"https:\/\/www.europesays.com\/fr\/wp-json\/wp\/v2\/media?parent=500556"}],"wp:term":[{"taxonomy":"category","embeddable":true,"href":"https:\/\/www.europesays.com\/fr\/wp-json\/wp\/v2\/categories?post=500556"},{"taxonomy":"post_tag","embeddable":true,"href":"https:\/\/www.europesays.com\/fr\/wp-json\/wp\/v2\/tags?post=500556"}],"curies":[{"name":"wp","href":"https:\/\/api.w.org\/{rel}","templated":true}]}}