{"id":500564,"date":"2025-10-30T18:48:16","date_gmt":"2025-10-30T18:48:16","guid":{"rendered":"https:\/\/www.europesays.com\/fr\/500564\/"},"modified":"2025-10-30T18:48:16","modified_gmt":"2025-10-30T18:48:16","slug":"voici-combien-ont-reellement-coute-les-frasques-delon-musk-a-tesla","status":"publish","type":"post","link":"https:\/\/www.europesays.com\/fr\/500564\/","title":{"rendered":"voici combien ont r\u00e9ellement co\u00fbt\u00e9 les frasques d&rsquo;Elon Musk \u00e0 Tesla"},"content":{"rendered":"<p itemprop=\"description\">Cette ann\u00e9e, Tesla aura d\u00e9cid\u00e9ment fait l\u2019actualit\u00e9 bien plus souvent qu\u2019Elon Musk l\u2019aurait voulu. Depuis janvier, la marque a vu ses ventes d\u00e9cliner (entre autres probl\u00e8mes), en raison des pol\u00e9miques \u00e0 r\u00e9p\u00e9tition entourant son patron. Une \u00e9tude am\u00e9ricaine vient d\u2019ailleurs de r\u00e9v\u00e9ler les v\u00e9ritables cons\u00e9quences de cette crise pour le constructeur.<\/p>\n<p style=\"font-weight: 400;\">On dit souvent qu\u2019il n\u2019y a pas de mauvaise publicit\u00e9. Mais, cette ann\u00e9e, Tesla a r\u00e9ussi \u00e0 nous prouver le contraire. Depuis de longs mois, on \u00e9voque souvent la situation de la marque am\u00e9ricaine, alors qu\u2019elle tente tant bien que mal de se relever de la crise qui l\u2019a mise \u00e0 genoux. <strong>Une \u00e9tude de l\u2019universit\u00e9 de Yale permet de voir \u00e0 quel point les agissements d\u2019Elon Musk ont co\u00fbt\u00e9 cher \u00e0 Tesla.<\/strong><\/p>\n<p>\t\t\t<strong>Elon Musk\u00a0: le bourreau de Tesla<\/strong> <\/p>\n<p style=\"font-weight: 400;\">Une r\u00e9cente \u00e9tude, publi\u00e9e par l\u2019universit\u00e9 de Yale, aux \u00c9tats-Unis, nous permet aujourd\u2019hui de d\u00e9terminer les cons\u00e9quences exactes des pol\u00e9miques dont a fait l\u00a0\u00bbobjet <a href=\"https:\/\/www.autoplus.fr\/environnement\/voiture-electrique\/tesla-elon-musk-pourrait-abandonner-son-poste-de-pdg-1404691.html\" target=\"_blank\" rel=\"noopener nofollow\">Elon Musk<\/a> ces derniers mois. Car si l\u2019on sait que ses agissements ont bien eu des r\u00e9percussions sur la marque, celles-ci n\u2019ont jamais \u00e9t\u00e9 r\u00e9ellement quantifi\u00e9es.<\/p>\n<p style=\"font-weight: 400;\">Dire que les ventes ont chut\u00e9 cette ann\u00e9e est un doux euph\u00e9misme. Selon l\u2019\u00e9tude, \u00ab\u00a0sans l\u2019influence partisane de Musk, <strong>les ventes de Tesla entre octobre 2022 et avril 2025 auraient \u00e9t\u00e9 sup\u00e9rieures de 67 \u00e0 83%.<\/strong> Soit l\u2019\u00e9quivalent de 1 \u00e0 1,26 millions de v\u00e9hicules suppl\u00e9mentaires\u00a0\u00bb.<\/p>\n<p style=\"font-weight: 400;\">On le voyait en d\u00e9but d\u2019ann\u00e9e, <strong>les frasques du milliardaire avaient donn\u00e9 lieu \u00e0 des campagnes de boycott. La marque avait alors perdu de nombreux clients, certains pr\u00e9f\u00e9rant passer chez la concurrence ou, pire encore, abandonner l\u2019\u00e9lectrique !<\/strong> Aux \u00c9tats-Unis notamment, certains constructeurs ont enregistr\u00e9 une hausse des ventes de voitures hybrides. Certains clients sont m\u00eame carr\u00e9ment revenus \u00e0 l\u2019essence ou au <a href=\"https:\/\/www.autoplus.fr\/environnement\/de-nombreux-proprietaires-de-tesla-passent-au-diesel-a-cause-delon-musk-1399351.html\" target=\"_blank\" rel=\"noopener nofollow\">Diesel<\/a>.<\/p>\n<p> <img loading=\"lazy\" decoding=\"async\" aria-describedby=\"caption-attachment-1374200\" itemprop=\"thumbnailUrl\" class=\"size-full wp-image-1374200 img-responsive \" src=\"https:\/\/www.europesays.com\/fr\/wp-content\/uploads\/2025\/10\/shutterstock_2597624211.jpg\" alt=\"Tesla\" width=\"500\" height=\"334\"  \/> \u00a9  shutterstock<\/p>\n<p id=\"caption-attachment-1374200\" class=\"wp-caption-text\">Durant son passage en politique, Elon Musk s&rsquo;\u00e9tait mis \u00e0 dos de nombreux opposants qui avaient alors lanc\u00e9 des campagnes de boycott.<\/p>\n<p>    <strong>Un mal plus ancien que ce que l\u2019on pensait<\/strong> <\/p>\n<p style=\"font-weight: 400;\">Alors que l\u2019on pensait que les ennuis de Tesla avaient commenc\u00e9 en d\u00e9but d\u2019ann\u00e9e, le mal est en r\u00e9alit\u00e9 bien plus ancien. Pour arriver \u00e0 ces chiffres, <strong>l\u2019\u00e9tude de l\u2019universit\u00e9 de Yale a examin\u00e9 les ventes de Tesla entre le printemps 2020 et le printemps 2025.<\/strong> Un d\u00e9tail est particuli\u00e8rement \u00e9loquent. Alors qu\u2019aujourd\u2019hui, Tesla est cat\u00e9goris\u00e9e comme une marque r\u00e9publicaine (le camp de Donald Trump), <strong>les voitures de <a href=\"https:\/\/www.tesla.com\/fr_fr\/\" target=\"_blank\" rel=\"noopener nofollow\">la marque<\/a> \u00e9taient tr\u00e8s populaires dans les \u00c9tats d\u00e9mocrates. Dans ces bastions de la gauche, les ventes se sont effondr\u00e9es en octobre 2022.<\/strong><\/p>\n<p style=\"font-weight: 400;\">Soit plus de deux ans avant le retour de Trump \u00e0 la Maison Blanche. Mais pourquoi\u00a0? <strong>Cette date co\u00efncide en r\u00e9alit\u00e9 avec le rachat de Twitter (devenu X) par Elon Musk.<\/strong> Le milliardaire avait proc\u00e9d\u00e9 \u00e0 une vague brutale de licenciements, et avait mis fin \u00e0 toute mod\u00e9ration sur le r\u00e9seau social. Voil\u00e0 donc certainement l\u2019\u00e9l\u00e9ment d\u00e9clencheur qui a initi\u00e9 la descente aux enfers de Tesla&#8230;<\/p>\n<p style=\"font-weight: 400;\">Deux ans apr\u00e8s avoir perdu une partie de ses clients d\u00e9mocrates, <a href=\"https:\/\/www.autoplus.fr\/environnement\/voiture-electrique\/1000-milliards-pour-elon-musk-le-plan-de-tesla-qui-choque-meme-certains-actionnaires-1403556.html\" target=\"_blank\" rel=\"noopener nofollow\">Elon Musk<\/a> a achev\u00e9 son \u0153uvre en encha\u00eenant pol\u00e9miques et d\u00e9rapages durant son passage en politique. Ajoutez \u00e0 cela l\u2019absence de nouveaut\u00e9s dans la gamme, et vous avez tous les \u00e9l\u00e9ments qui ont contribu\u00e9 \u00e0 plomber la marque&#8230;<\/p>\n","protected":false},"excerpt":{"rendered":"Cette ann\u00e9e, Tesla aura d\u00e9cid\u00e9ment fait l\u2019actualit\u00e9 bien plus souvent qu\u2019Elon Musk l\u2019aurait voulu. Depuis janvier, la marque&hellip;\n","protected":false},"author":2,"featured_media":500565,"comment_status":"","ping_status":"","sticky":false,"template":"","format":"standard","meta":{"footnotes":""},"categories":[6],"tags":[35,33,34,1011,27,1638],"class_list":{"0":"post-500564","1":"post","2":"type-post","3":"status-publish","4":"format-standard","5":"has-post-thumbnail","7":"category-economie","8":"tag-business","9":"tag-economie","10":"tag-economy","11":"tag-fr","12":"tag-france","13":"tag-has_diapo"},"share_on_mastodon":{"url":"https:\/\/pubeurope.com\/@fr\/115464615338876809","error":""},"_links":{"self":[{"href":"https:\/\/www.europesays.com\/fr\/wp-json\/wp\/v2\/posts\/500564","targetHints":{"allow":["GET"]}}],"collection":[{"href":"https:\/\/www.europesays.com\/fr\/wp-json\/wp\/v2\/posts"}],"about":[{"href":"https:\/\/www.europesays.com\/fr\/wp-json\/wp\/v2\/types\/post"}],"author":[{"embeddable":true,"href":"https:\/\/www.europesays.com\/fr\/wp-json\/wp\/v2\/users\/2"}],"replies":[{"embeddable":true,"href":"https:\/\/www.europesays.com\/fr\/wp-json\/wp\/v2\/comments?post=500564"}],"version-history":[{"count":0,"href":"https:\/\/www.europesays.com\/fr\/wp-json\/wp\/v2\/posts\/500564\/revisions"}],"wp:featuredmedia":[{"embeddable":true,"href":"https:\/\/www.europesays.com\/fr\/wp-json\/wp\/v2\/media\/500565"}],"wp:attachment":[{"href":"https:\/\/www.europesays.com\/fr\/wp-json\/wp\/v2\/media?parent=500564"}],"wp:term":[{"taxonomy":"category","embeddable":true,"href":"https:\/\/www.europesays.com\/fr\/wp-json\/wp\/v2\/categories?post=500564"},{"taxonomy":"post_tag","embeddable":true,"href":"https:\/\/www.europesays.com\/fr\/wp-json\/wp\/v2\/tags?post=500564"}],"curies":[{"name":"wp","href":"https:\/\/api.w.org\/{rel}","templated":true}]}}