{"id":500566,"date":"2025-10-30T18:49:18","date_gmt":"2025-10-30T18:49:18","guid":{"rendered":"https:\/\/www.europesays.com\/fr\/500566\/"},"modified":"2025-10-30T18:49:18","modified_gmt":"2025-10-30T18:49:18","slug":"un-tresor-du-moyen-age-parfaitement-conserve-decouvert-par-hasard-par-un-pecheur","status":"publish","type":"post","link":"https:\/\/www.europesays.com\/fr\/500566\/","title":{"rendered":"Un tr\u00e9sor du Moyen \u00c2ge parfaitement conserv\u00e9 d\u00e9couvert par hasard par un p\u00eacheur"},"content":{"rendered":"<p>Alors qu\u2019il creusait le sol \u00e0 la recherche d\u2019app\u00e2ts, un p\u00eacheur <a href=\"https:\/\/www.20minutes.fr\/dossier\/suede\" class=\"c-link c-link--is-underlined\" target=\"_blank\" rel=\"noopener\">su\u00e9dois<\/a> a d\u00e9couvert un chaudron rempli d\u2019anneaux <a href=\"https:\/\/www.20minutes.fr\/dossier\/moyen_age\" class=\"c-link c-link--is-underlined\" target=\"_blank\" rel=\"noopener\">m\u00e9di\u00e9vaux<\/a>, de pendentifs et de plusieurs milliers de pi\u00e8ces de <a href=\"https:\/\/www.20minutes.fr\/dossier\/monnaie\" class=\"c-link c-link--is-underlined\" target=\"_blank\" rel=\"noopener\">monnaie<\/a> en parfait \u00e9tat de conservation. Le tr\u00e9sor, d\u00e9clar\u00e9 au Conseil administratif du comt\u00e9 de Stockholm, a men\u00e9 \u00e0 une fouille plus approfondie de ce site situ\u00e9 \u00e0 proximit\u00e9 du chalet d\u2019\u00e9t\u00e9 de l\u2019homme, rapporte <a href=\"https:\/\/www.foxnews.com\/travel\/angler-digging-fishing-worms-uncovers-massive-medieval-treasure-hidden-cauldron\" target=\"_blank\" class=\"c-link c-link--is-underlined\" rel=\"noopener\">Fox News<\/a>.<\/p>\n<p>Des pi\u00e8ces rares<\/p>\n<p>\u00ab\u00a0C\u2019est l\u2019un des plus grands tr\u00e9sors en argent du d\u00e9but du Moyen \u00c2ge jamais trouv\u00e9s en Su\u00e8de\u00a0\u00bb, a comment\u00e9 Sofia Andersson, antiquaire au Conseil administratif du comt\u00e9 de Stockholm. L\u2019ensemble p\u00e8se au total 6 kg. Il rassemblerait jusqu\u2019\u00e0 20 000 pi\u00e8ces, pour certaines rares. Il y a par exemple une pi\u00e8ce du XIIe\u00a0si\u00e8cle portant une inscription faisant r\u00e9f\u00e9rence au roi Knut Eriksson, ou encore une autre pi\u00e8ce repr\u00e9sentant une \u00e9glise et issue de l\u2019\u00eele de Gotland.<\/p>\n<p>Plusieurs autres pi\u00e8ces repr\u00e9sentant un \u00e9v\u00eaque ont m\u00eame \u00e9t\u00e9 qualifi\u00e9es d\u2019extraordinaires. \u00ab\u00a0Au Moyen \u00c2ge, des pi\u00e8ces dites \u00ab\u00a0pi\u00e8ces d\u2019\u00e9v\u00eaque\u00a0\u00bb\u00a0ont \u00e9t\u00e9 frapp\u00e9es dans certaines r\u00e9gions d\u2019Europe. Il s\u2019agissait de pi\u00e8ces produites pour le compte d\u2019un \u00e9v\u00eaque\u00a0\u00bb, d\u00e9taille\u00a0<a href=\"https:\/\/www.lansstyrelsen.se\/stockholm\/om-oss\/om-lansstyrelsen-stockholm\/nyheter\/nyheter---stockholm\/2025-09-18-stor-silverskatt-fran-medeltiden-upptackt-i-stockholm.html\" target=\"_blank\" class=\"c-link c-link--is-underlined\" rel=\"noopener\">le communiqu\u00e9<\/a>\u00a0du Conseil administratif du comt\u00e9 de Stockholm. Au-del\u00e0 des pi\u00e8ces, les autres objets sont dans un excellent \u00e9tat de conservation. Seul le chaudron en cuivre dans lesquels ils \u00e9taient conserv\u00e9s a \u00e9t\u00e9 endommag\u00e9 par le passage du temps.<\/p>\n<p>Vers une indemnisation\u00a0?<\/p>\n<p>L\u2019importance exceptionnelle du tr\u00e9sor retrouv\u00e9 implique un grand travail de la part des <a href=\"https:\/\/www.20minutes.fr\/dossier\/archeologie\" class=\"c-link c-link--is-underlined\" target=\"_blank\" rel=\"noopener\">arch\u00e9ologues<\/a>. Ils s\u2019attellent actuellement \u00e0 r\u00e9pertorier et \u00e0 \u00e9tudier toutes ses pi\u00e8ces. \u00ab\u00a0Le Conseil administratif du comt\u00e9 signalera \u00e9galement la d\u00e9couverte au Conseil national du patrimoine su\u00e9dois, qui d\u00e9cidera si l\u2019\u00c9tat rach\u00e8tera le tr\u00e9sor, c\u2019est-\u00e0-dire s\u2019il indemnisera la personne qui l\u2019a trouv\u00e9\u00a0\u00bb, indique par ailleurs le communiqu\u00e9.<\/p>\n<\/p>\n<p>L\u2019antiquaire Sofia Andersson a en tout cas f\u00e9licit\u00e9 l\u2019homme pour avoir eu le r\u00e9flexe de contacter le Conseil administratif. Dans tous les cas, la loi sur l\u2019environnement culturel en Su\u00e8de contraint toute personne trouvant un objet ancien en argent ou un tr\u00e9sor \u00e0 le proposer \u00e0 l\u2019<a href=\"https:\/\/www.20minutes.fr\/dossier\/etat\" class=\"c-link c-link--is-underlined\" target=\"_blank\" rel=\"noopener\">\u00c9tat<\/a> en \u00e9change d\u2019une r\u00e9mun\u00e9ration.<\/p>\n","protected":false},"excerpt":{"rendered":"Alors qu\u2019il creusait le sol \u00e0 la recherche d\u2019app\u00e2ts, un p\u00eacheur su\u00e9dois a d\u00e9couvert un chaudron rempli d\u2019anneaux&hellip;\n","protected":false},"author":2,"featured_media":500567,"comment_status":"","ping_status":"","sticky":false,"template":"","format":"standard","meta":{"footnotes":""},"categories":[5],"tags":[47,11,1011,27,937,14,74,12759,12,2551,7199,28],"class_list":{"0":"post-500566","1":"post","2":"type-post","3":"status-publish","4":"format-standard","5":"has-post-thumbnail","7":"category-international","8":"tag-actualite","9":"tag-actualites","10":"tag-fr","11":"tag-france","12":"tag-histoire","13":"tag-international","14":"tag-monde","15":"tag-moyen-age","16":"tag-news","17":"tag-patrimoine","18":"tag-suede","19":"tag-world"},"share_on_mastodon":{"url":"https:\/\/pubeurope.com\/@fr\/115464618986474376","error":""},"_links":{"self":[{"href":"https:\/\/www.europesays.com\/fr\/wp-json\/wp\/v2\/posts\/500566","targetHints":{"allow":["GET"]}}],"collection":[{"href":"https:\/\/www.europesays.com\/fr\/wp-json\/wp\/v2\/posts"}],"about":[{"href":"https:\/\/www.europesays.com\/fr\/wp-json\/wp\/v2\/types\/post"}],"author":[{"embeddable":true,"href":"https:\/\/www.europesays.com\/fr\/wp-json\/wp\/v2\/users\/2"}],"replies":[{"embeddable":true,"href":"https:\/\/www.europesays.com\/fr\/wp-json\/wp\/v2\/comments?post=500566"}],"version-history":[{"count":0,"href":"https:\/\/www.europesays.com\/fr\/wp-json\/wp\/v2\/posts\/500566\/revisions"}],"wp:featuredmedia":[{"embeddable":true,"href":"https:\/\/www.europesays.com\/fr\/wp-json\/wp\/v2\/media\/500567"}],"wp:attachment":[{"href":"https:\/\/www.europesays.com\/fr\/wp-json\/wp\/v2\/media?parent=500566"}],"wp:term":[{"taxonomy":"category","embeddable":true,"href":"https:\/\/www.europesays.com\/fr\/wp-json\/wp\/v2\/categories?post=500566"},{"taxonomy":"post_tag","embeddable":true,"href":"https:\/\/www.europesays.com\/fr\/wp-json\/wp\/v2\/tags?post=500566"}],"curies":[{"name":"wp","href":"https:\/\/api.w.org\/{rel}","templated":true}]}}