{"id":500568,"date":"2025-10-30T18:50:12","date_gmt":"2025-10-30T18:50:12","guid":{"rendered":"https:\/\/www.europesays.com\/fr\/500568\/"},"modified":"2025-10-30T18:50:12","modified_gmt":"2025-10-30T18:50:12","slug":"je-nai-pas-dormi-jusqua-ce-quelle-se-reveille-une-mere-temoigne-apres-le-grave-accident-de-trottinette-de-sa-fille","status":"publish","type":"post","link":"https:\/\/www.europesays.com\/fr\/500568\/","title":{"rendered":"\u00ab\u00a0Je n\u2019ai pas dormi jusqu\u2019\u00e0 ce qu\u2019elle se r\u00e9veille\u00a0\u00bb\u2026 Une m\u00e8re t\u00e9moigne apr\u00e8s le grave accident de trottinette de sa fille"},"content":{"rendered":"<p>Le 26 ao\u00fbt dernier, \u00e0 17h30, Morgane, 13 ans, rentrait chez elle, \u00e0 Sainte-H\u00e9l\u00e8ne-sur-Is\u00e8re, en <a href=\"https:\/\/www.20minutes.fr\/societe\/savoie\/\" class=\"c-link c-link--is-underlined\" rel=\"nofollow noopener\" target=\"_blank\">Savoie<\/a>, sur sa <a href=\"https:\/\/www.20minutes.fr\/societe\/trottinette\/\" class=\"c-link c-link--is-underlined\" rel=\"nofollow noopener\" target=\"_blank\">trottinette<\/a> \u00e9lectrique. \u00ab\u00a0Comme \u00e0 son habitude, elle circulait sur le c\u00f4t\u00e9 droit de la chauss\u00e9e. Alors qu\u2019elle n\u2019\u00e9tait pas tr\u00e8s loin de la maison, un v\u00e9hicule est arriv\u00e9, tr\u00e8s vite, sur cette zone limit\u00e9e \u00e0 30\u00a0km\/h. Le conducteur ne l\u2019a pas vue et, au moment o\u00f9 elle a voulu tourner\u2026 C\u2019\u00e9tait trop tard. Il l\u2019a renvers\u00e9e\u00a0\u00bb, raconte, avec beaucoup d\u2019\u00e9motions, sa m\u00e8re, C\u00e9cilia.<\/p>\n<p>Depuis ce jour, la jeune femme de 36 ans passe ses journ\u00e9es aupr\u00e8s de sa fille au CHU de Grenoble. \u00ab\u00a0Quand je suis arriv\u00e9e sur les lieux de l\u2019<a href=\"https:\/\/www.20minutes.fr\/dossier\/accident\" class=\"c-link c-link--is-underlined\" rel=\"nofollow noopener\" target=\"_blank\">accident<\/a>, elle partait en h\u00e9licopt\u00e8re, avec son pronostic vital engag\u00e9, pr\u00e9cise-t-elle, encore sous le choc. Quatre heures apr\u00e8s son arriv\u00e9e \u00e0 l\u2019h\u00f4pital, les m\u00e9decins m\u2019ont juste annonc\u00e9 \u00a0\u00bbsoit elle se r\u00e9veille, soit elle ne se r\u00e9veille pas\u00a0\u00bb. Elle est rest\u00e9e quatre jours dans le coma. Autant vous dire que, je n\u2019ai pas dormi jusqu\u2019\u00e0 ce qu\u2019elle se r\u00e9veille. J\u2019ai cru la perdre\u2026\u00a0\u00bb<\/p>\n<p>Morgane veut \u00ab\u00a0rentrer chez elle\u00a0\u00bb<\/p>\n<p>Morgane a eu les deux f\u00e9murs de cass\u00e9s, une fracture ouverte sur le tibia gauche et un traumatisme cr\u00e2nien s\u00e9v\u00e8re. Aujourd\u2019hui, elle r\u00e9cup\u00e8re lentement. \u00ab\u00a0Elle revient de tr\u00e8s loin, reprend sa maman. Elle a r\u00e9cemment commenc\u00e9 la r\u00e9\u00e9ducation debout et retrouve petit \u00e0 petit la m\u00e9moire imm\u00e9diate. Avant, elle oubliait tout ce qu\u2019on lui disait au bout de deux minutes. On passait des journ\u00e9es enti\u00e8res \u00e0 lui r\u00e9p\u00e9ter les m\u00eames choses. C\u2019\u00e9tait compliqu\u00e9 niveau cognitif\u2026\u00a0\u00bb<\/p>\n<\/p>\n<p>Sortie du coma et d\u00e9sormais consciente de ce qu\u2019il s\u2019est pass\u00e9, l\u2019adolescente ne r\u00eave que d\u2019une chose\u00a0: rentrer \u00e0 la maison. \u00ab\u00a0Elle en a marre. Son discours, c\u2019est \u00a0\u00bbje veux retrouver ma vie d\u2019avant, je veux ressortir comme avant\u00a0\u00bb. Mais elle r\u00e9alise vite les difficult\u00e9s de l\u2019ext\u00e9rieur\u00a0\u00bb, poursuit sa m\u00e8re.<\/p>\n<p>Pour l\u2019instant, Morgane peut rentrer le week-end, mais reste en fauteuil. Sa chambre et la salle de bains \u00e9tant \u00e0 l\u2019\u00e9tage, elle ne peut pas encore y acc\u00e9der. \u00ab\u00a0C\u2019est difficile pour elle, elle comprend que le chemin pour retrouver sa vie d\u2019avant est encore long\u00a0\u00bb, souffle C\u00e9cilia.<\/p>\n<p>Une cagnotte pour aider la famille<\/p>\n<p>Si les progr\u00e8s de la jeune victime sont r\u00e9els, l\u2019avenir reste flou. Dans les prochaines semaines, elle sera \u00e9valu\u00e9e sur ses capacit\u00e9s d\u2019apprentissage et de concentration pour envisager un retour \u00e0 l\u2019\u00e9cole. \u00ab\u00a0Elle devait rentrer en 3e, au lyc\u00e9e professionnel, en section esth\u00e9tique, d\u00e9taille C\u00e9cilia. Mais aujourd\u2019hui, on ne sait pas si elle pourra aller au bout de ce projet\u00a0: c\u2019est un m\u00e9tier qui demande de la pr\u00e9cision et d\u2019\u00eatre souvent debout.\u00a0\u00bb<\/p>\n<p>Au-del\u00e0 du combat m\u00e9dical, C\u00e9cilia affronte aussi des difficult\u00e9s financi\u00e8res. Seule pour s\u2019occuper de Morgane et de son autre fils, \u00e2g\u00e9 de 17 ans, elle a d\u00fb cesser de travailler. C\u00e9cilia a alors lanc\u00e9 une <a href=\"https:\/\/www.leetchi.com\/fr\/c\/soutien-a-morgane-13-ans-grievement-blessee-dans-un-accident-de-la-route-7938900?utm_source=native&amp;utm_medium=social_sharing&amp;utm_campaign=pot\" rel=\"nofollow noopener\" target=\"_blank\" class=\"c-link c-link--is-underlined\">cagnotte en ligne<\/a> pour aider la famille \u00e0 \u00ab\u00a0couvrir les frais li\u00e9s \u00e0 la convalescence\u00a0\u00bb de Morgane et \u00e0 \u00ab\u00a0pr\u00e9parer son retour \u00e0 la maison dans les meilleures conditions possibles\u00a0\u00bb.<\/p>\n<p>\u00ab\u00a0Ce n\u2019est pas pour cr\u00e9er de la piti\u00e9, mais pour faire face, explique-t-elle. Certains me disent d\u2019aller travailler, mais les assurances ne couvrent rien. Morgane n\u2019est pas prise en charge parce qu\u2019elle \u00e9tait sur un v\u00e9hicule motoris\u00e9\u00a0: seuls les d\u00e9g\u00e2ts mat\u00e9riels sont couverts. Et tant que l\u2019enqu\u00eate n\u2019est pas cl\u00f4tur\u00e9e, aucun sinistre ne peut \u00eatre d\u00e9clar\u00e9 aupr\u00e8s de l\u2019assurance du conducteur. Et l\u2019enqu\u00eate ne pourra \u00eatre cl\u00f4tur\u00e9e que lorsque Morgane sera auditionnable\u2026\u00a0\u00bb<\/p>\n<p><a href=\"https:\/\/www.20minutes.fr\/societe\/trottinette\/\" class=\"c-link c-btn c-btn--primary\" rel=\"nofollow noopener\" target=\"_blank\">Tous nos sujets sur les trottinettes \u00e9lectriques<\/a><\/p>\n<p>C\u00e9cilia conclut\u00a0: \u00ab\u00a0Je n\u2019ai aucune h\u00e9sitation l\u00e0-dessus, si c\u2019\u00e9tait \u00e0 refaire, je resterai aupr\u00e8s de ma fille. Je ne veux juste pas qu\u2019on se retrouve en difficult\u00e9 le jour o\u00f9 elle rentrera d\u00e9finitivement \u00e0 la maison. En attendant, chaque pas est une victoire, chaque soutien est puissant. Morgane a d\u00e9j\u00e0 travers\u00e9 l\u2019impensable, maintenant, on avance au jour le jour.\u00a0\u00bb<\/p>\n","protected":false},"excerpt":{"rendered":"Le 26 ao\u00fbt dernier, \u00e0 17h30, Morgane, 13 ans, rentrait chez elle, \u00e0 Sainte-H\u00e9l\u00e8ne-sur-Is\u00e8re, en Savoie, sur sa&hellip;\n","protected":false},"author":2,"featured_media":500569,"comment_status":"","ping_status":"","sticky":false,"template":"","format":"standard","meta":{"footnotes":""},"categories":[4],"tags":[119,4376,47,11,1084,2430,4309,1124,1011,27,2731,108,12,25,2431,5508,104,6960],"class_list":{"0":"post-500568","1":"post","2":"type-post","3":"status-publish","4":"format-standard","5":"has-post-thumbnail","7":"category-france","8":"tag-accident","9":"tag-accident-de-la-route","10":"tag-actualite","11":"tag-actualites","12":"tag-adolescent","13":"tag-auvergne-rhone-alpes","14":"tag-chu","15":"tag-college","16":"tag-fr","17":"tag-france","18":"tag-grenoble","19":"tag-isere","20":"tag-news","21":"tag-republique-francaise","22":"tag-rhone-alpes","23":"tag-savoie","24":"tag-societe","25":"tag-trottinette-electrique"},"share_on_mastodon":{"url":"https:\/\/pubeurope.com\/@fr\/115464622893655835","error":""},"_links":{"self":[{"href":"https:\/\/www.europesays.com\/fr\/wp-json\/wp\/v2\/posts\/500568","targetHints":{"allow":["GET"]}}],"collection":[{"href":"https:\/\/www.europesays.com\/fr\/wp-json\/wp\/v2\/posts"}],"about":[{"href":"https:\/\/www.europesays.com\/fr\/wp-json\/wp\/v2\/types\/post"}],"author":[{"embeddable":true,"href":"https:\/\/www.europesays.com\/fr\/wp-json\/wp\/v2\/users\/2"}],"replies":[{"embeddable":true,"href":"https:\/\/www.europesays.com\/fr\/wp-json\/wp\/v2\/comments?post=500568"}],"version-history":[{"count":0,"href":"https:\/\/www.europesays.com\/fr\/wp-json\/wp\/v2\/posts\/500568\/revisions"}],"wp:featuredmedia":[{"embeddable":true,"href":"https:\/\/www.europesays.com\/fr\/wp-json\/wp\/v2\/media\/500569"}],"wp:attachment":[{"href":"https:\/\/www.europesays.com\/fr\/wp-json\/wp\/v2\/media?parent=500568"}],"wp:term":[{"taxonomy":"category","embeddable":true,"href":"https:\/\/www.europesays.com\/fr\/wp-json\/wp\/v2\/categories?post=500568"},{"taxonomy":"post_tag","embeddable":true,"href":"https:\/\/www.europesays.com\/fr\/wp-json\/wp\/v2\/tags?post=500568"}],"curies":[{"name":"wp","href":"https:\/\/api.w.org\/{rel}","templated":true}]}}