{"id":500572,"date":"2025-10-30T18:52:16","date_gmt":"2025-10-30T18:52:16","guid":{"rendered":"https:\/\/www.europesays.com\/fr\/500572\/"},"modified":"2025-10-30T18:52:16","modified_gmt":"2025-10-30T18:52:16","slug":"roche-la-moliere-cette-premiere-saison-de-transe-en-danse-est-un-tres-beau-succes-collectif","status":"publish","type":"post","link":"https:\/\/www.europesays.com\/fr\/500572\/","title":{"rendered":"Roche-la-Moli\u00e8re. \u00ab\u00a0Cette premi\u00e8re saison de Transe en Danse est un tr\u00e8s beau succ\u00e8s collectif\u00a0\u00bb"},"content":{"rendered":"<blockquote class=\"question\"><p>Cette assembl\u00e9e g\u00e9n\u00e9rale est la premi\u00e8re de votre association\u00a0?<\/p><\/blockquote>\n<p>\u00ab\u00a0Oui, avec beaucoup de joie, d\u2019\u00e9motion et de fiert\u00e9. Une premi\u00e8re saison, c\u2019est toujours un moment cl\u00e9 o\u00f9 l\u2019on mesure le chemin parcouru, les r\u00e9ussites, les d\u00e9fis, mais surtout la belle \u00e9nergie collective qui nous unit autour d\u2019une m\u00eame passion, qui est la danse.\u00a0\u00bb<\/p>\n<p>\u00ab\u00a0177 adh\u00e9rents en 2024-2025, nous comptons d\u00e9j\u00e0 208 adh\u00e9rents cette saison 2025-2026\u00a0\u00bb<\/p>\n<blockquote class=\"question\"><p>Comment expliquez-vous cette r\u00e9ussite\u00a0?<\/p><\/blockquote>\n<p>\u00ab\u00a0Notre belle compl\u00e9mentarit\u00e9 a permis de relever avec succ\u00e8s tous les&#8230;<\/p>\n","protected":false},"excerpt":{"rendered":"Cette assembl\u00e9e g\u00e9n\u00e9rale est la premi\u00e8re de votre association\u00a0? \u00ab\u00a0Oui, avec beaucoup de joie, d\u2019\u00e9motion et de fiert\u00e9.&hellip;\n","protected":false},"author":2,"featured_media":500573,"comment_status":"","ping_status":"","sticky":false,"template":"","format":"standard","meta":{"footnotes":""},"categories":[9653],"tags":[1111,11,2430,1687,7539,1777,674,1011,27,12,25,12490,12491,4001],"class_list":{"0":"post-500572","1":"post","2":"type-post","3":"status-publish","4":"format-standard","5":"has-post-thumbnail","7":"category-saint-etienne","8":"tag-actu","9":"tag-actualites","10":"tag-auvergne-rhone-alpes","11":"tag-culture-loisirs","12":"tag-edition-loire-sud","13":"tag-eu","14":"tag-europe","15":"tag-fr","16":"tag-france","17":"tag-news","18":"tag-republique-francaise","19":"tag-roche-la-moliere","20":"tag-roche-la-moliere-bassin","21":"tag-saint-etienne"},"share_on_mastodon":{"url":"https:\/\/pubeurope.com\/@fr\/115464630739713438","error":""},"_links":{"self":[{"href":"https:\/\/www.europesays.com\/fr\/wp-json\/wp\/v2\/posts\/500572","targetHints":{"allow":["GET"]}}],"collection":[{"href":"https:\/\/www.europesays.com\/fr\/wp-json\/wp\/v2\/posts"}],"about":[{"href":"https:\/\/www.europesays.com\/fr\/wp-json\/wp\/v2\/types\/post"}],"author":[{"embeddable":true,"href":"https:\/\/www.europesays.com\/fr\/wp-json\/wp\/v2\/users\/2"}],"replies":[{"embeddable":true,"href":"https:\/\/www.europesays.com\/fr\/wp-json\/wp\/v2\/comments?post=500572"}],"version-history":[{"count":0,"href":"https:\/\/www.europesays.com\/fr\/wp-json\/wp\/v2\/posts\/500572\/revisions"}],"wp:featuredmedia":[{"embeddable":true,"href":"https:\/\/www.europesays.com\/fr\/wp-json\/wp\/v2\/media\/500573"}],"wp:attachment":[{"href":"https:\/\/www.europesays.com\/fr\/wp-json\/wp\/v2\/media?parent=500572"}],"wp:term":[{"taxonomy":"category","embeddable":true,"href":"https:\/\/www.europesays.com\/fr\/wp-json\/wp\/v2\/categories?post=500572"},{"taxonomy":"post_tag","embeddable":true,"href":"https:\/\/www.europesays.com\/fr\/wp-json\/wp\/v2\/tags?post=500572"}],"curies":[{"name":"wp","href":"https:\/\/api.w.org\/{rel}","templated":true}]}}