{"id":500583,"date":"2025-10-30T18:58:09","date_gmt":"2025-10-30T18:58:09","guid":{"rendered":"https:\/\/www.europesays.com\/fr\/500583\/"},"modified":"2025-10-30T18:58:09","modified_gmt":"2025-10-30T18:58:09","slug":"pourquoi-le-tribunal-judiciaire-a-t-il-condamne-deux-freres-a-89-500-euros-damende","status":"publish","type":"post","link":"https:\/\/www.europesays.com\/fr\/500583\/","title":{"rendered":"pourquoi le tribunal judiciaire a-t-il condamn\u00e9 deux fr\u00e8res \u00e0 89 500 euros d\u2019amende\u00a0?"},"content":{"rendered":"<p>            Par<br \/>\n        <strong><br \/>\n            <a href=\"https:\/\/actu.fr\/auteur\/lea-pippinato\" title=\"Consulter tous les articles de L\u00e9a Pippinato\" target=\"_blank\" rel=\"noopener\">L\u00e9a Pippinato<\/a><br \/>\n        <\/strong><\/p>\n<p>        Publi\u00e9 le<\/p>\n<p>            30 oct. 2025 \u00e0 19h39        <\/p>\n<p>Ce mardi 28 octobre 2025, la justice a tranch\u00e9 : <strong>18 mois de prison<\/strong> avec sursis probatoire pendant deux ans, <strong>une interdiction de g\u00e9rer un commerce<\/strong> durant cinq ans et <strong>89 500 euros d\u2019amende douani\u00e8re<\/strong>. <strong>Les deux fr\u00e8res<\/strong>, originaires de Gigean et de Montpellier, ont aussi perdu leurs v\u00e9hicules et <strong>devront indemniser la F\u00e9d\u00e9ration des buralistes de l\u2019H\u00e9rault<\/strong> qui \u00e9tait partie civile.<\/p>\n<p>Un contr\u00f4le routier qui ne devait rien au hasard<\/p>\n<p class=\" wall-content\"><a href=\"https:\/\/actu.fr\/occitanie\/saint-jean-de-vedas_34270\/pres-de-montpellier-plus-de-750-cartouches-de-cigarettes-de-contrebande-saisies-sur-l-autoroute-a709_63361390.html\" target=\"_blank\" rel=\"noopener\">La veille, entre 13h30 et 14h, les agents des douanes effectuent un contr\u00f4le sur l\u2019autoroute A9, \u00e0 hauteur de l\u2019aire de Florensac, en direction du sud.<\/a> Leur attention se porte sur deux v\u00e9hicules qui roulent ensemble : une Peugeot 208 et un Ford Transit. \u00c0 bord de la premi\u00e8re, un homme de 30 ans domicili\u00e9 \u00e0 Gigean. Dans la seconde, son fr\u00e8re de 36 ans, habitant Montpellier. Les douaniers d\u00e9cident de v\u00e9rifier le contenu de l\u2019utilitaire.<\/p>\n<p>    <a href=\"https:\/\/www.google.com\/maps\/embed?pb=!1m18!1m12!1m3!1d2899.0788905399486!2d3.4672472764497027!3d43.39628047111548!2m3!1f0!2f0!3f0!3m2!1i1024!2i768!4f13.1!3m3!1m2!1s0x12b13fbf3e24e215%3A0xa314db898c2e4bc7!2sAire%20de%20Florensac%20Sud!5e0!3m2!1sen!2sfr!4v1761839530036!5m2!1sen!2sfr\" title=\"Ouvrie le lien\" target=\"_blank\" rel=\"noopener\">Cliquez ici pour visualiser le contenu<\/a><\/p>\n<p class=\" wall-content\">Le contr\u00f4le confirme leurs soup\u00e7ons. Dans le Ford Transit, les agents d\u00e9couvrent 700 cartouches de cigarettes \u2013 des Camel, Marlboro et Philip Morris \u2013 soigneusement dissimul\u00e9es. La marchandise provient d\u2019Espagne. En compl\u00e9ment, six bouteilles de whisky sont saisies, ainsi que l\u2019ensemble du contenu des deux v\u00e9hicules. Les douaniers estiment la valeur totale du chargement \u00e0 87 500 euros, en se basant sur un prix moyen de 12,50 euros par paquet revendu au d\u00e9tail. Plac\u00e9s d\u2019abord en retenue douani\u00e8re, puis en garde \u00e0 vue, les deux fr\u00e8res reconnaissent les faits. Ils admettent que ce convoi n\u2019\u00e9tait pas leur premier transport de cigarettes.\u00a0<\/p>\n<p class=\" wall-content\">Personnalisez votre actualit\u00e9 en ajoutant vos villes et m\u00e9dias en favori avec <a href=\"https:\/\/moncompte.actu.fr\" title=\"D\u00e9couvez Mon Actu\" rel=\"nofollow noopener\" data-trk=\"{&quot;cta&quot;:{&quot;action&quot;:&quot;https:\\\/\\\/moncompte.actu.fr&quot;,&quot;category&quot;:&quot;mon compte&quot;,&quot;from&quot;:&quot;article footer&quot;,&quot;name&quot;:&quot;Mon actu&quot;,&quot;type&quot;:&quot;cta&quot;}}\" target=\"_blank\">Mon Actu<\/a>.<\/p>\n","protected":false},"excerpt":{"rendered":"Par L\u00e9a Pippinato Publi\u00e9 le 30 oct. 2025 \u00e0 19h39 Ce mardi 28 octobre 2025, la justice a&hellip;\n","protected":false},"author":2,"featured_media":500584,"comment_status":"","ping_status":"","sticky":false,"template":"","format":"standard","meta":{"footnotes":""},"categories":[9599],"tags":[1111,11,1777,674,118,1011,27,1006,303,2208,12,2680,1072,25],"class_list":{"0":"post-500583","1":"post","2":"type-post","3":"status-publish","4":"format-standard","5":"has-post-thumbnail","7":"category-montpellier","8":"tag-actu","9":"tag-actualites","10":"tag-eu","11":"tag-europe","12":"tag-faits-divers","13":"tag-fr","14":"tag-france","15":"tag-fraude","16":"tag-justice","17":"tag-montpellier","18":"tag-news","19":"tag-occitanie","20":"tag-police","21":"tag-republique-francaise"},"share_on_mastodon":{"url":"https:\/\/pubeurope.com\/@fr\/115464654328496943","error":""},"_links":{"self":[{"href":"https:\/\/www.europesays.com\/fr\/wp-json\/wp\/v2\/posts\/500583","targetHints":{"allow":["GET"]}}],"collection":[{"href":"https:\/\/www.europesays.com\/fr\/wp-json\/wp\/v2\/posts"}],"about":[{"href":"https:\/\/www.europesays.com\/fr\/wp-json\/wp\/v2\/types\/post"}],"author":[{"embeddable":true,"href":"https:\/\/www.europesays.com\/fr\/wp-json\/wp\/v2\/users\/2"}],"replies":[{"embeddable":true,"href":"https:\/\/www.europesays.com\/fr\/wp-json\/wp\/v2\/comments?post=500583"}],"version-history":[{"count":0,"href":"https:\/\/www.europesays.com\/fr\/wp-json\/wp\/v2\/posts\/500583\/revisions"}],"wp:featuredmedia":[{"embeddable":true,"href":"https:\/\/www.europesays.com\/fr\/wp-json\/wp\/v2\/media\/500584"}],"wp:attachment":[{"href":"https:\/\/www.europesays.com\/fr\/wp-json\/wp\/v2\/media?parent=500583"}],"wp:term":[{"taxonomy":"category","embeddable":true,"href":"https:\/\/www.europesays.com\/fr\/wp-json\/wp\/v2\/categories?post=500583"},{"taxonomy":"post_tag","embeddable":true,"href":"https:\/\/www.europesays.com\/fr\/wp-json\/wp\/v2\/tags?post=500583"}],"curies":[{"name":"wp","href":"https:\/\/api.w.org\/{rel}","templated":true}]}}