{"id":500587,"date":"2025-10-30T19:00:12","date_gmt":"2025-10-30T19:00:12","guid":{"rendered":"https:\/\/www.europesays.com\/fr\/500587\/"},"modified":"2025-10-30T19:00:12","modified_gmt":"2025-10-30T19:00:12","slug":"a-rouen-il-bat-sa-femme-puis-accueille-les-policiers-avec-un-pot-de-fleurs","status":"publish","type":"post","link":"https:\/\/www.europesays.com\/fr\/500587\/","title":{"rendered":"\u00c0 Rouen, il bat sa femme puis accueille les policiers&#8230; avec un pot de fleurs"},"content":{"rendered":"<p>            Par<br \/>\n        <strong><br \/>\n            <a href=\"https:\/\/actu.fr\/auteur\/fmass\" title=\"Consulter tous les articles de Fabien Massin\" target=\"_blank\" rel=\"noopener\">Fabien Massin<\/a><br \/>\n        <\/strong><\/p>\n<p>        Publi\u00e9 le<\/p>\n<p>            30 oct. 2025 \u00e0 19h12        <\/p>\n<p>Il \u00e9tait sorti de prison depuis peu mais son comportement violent l\u2019a ramen\u00e9 derri\u00e8re les barreaux rapidement. Mercredi 29 octobre 2025, un homme de 45 ans a \u00e9t\u00e9 jug\u00e9 par le tribunal de <a href=\"https:\/\/actu.fr\/normandie\/rouen_76540\" target=\"_blank\" rel=\"noopener\">Rouen (Seine-Maritime)<\/a> pour des faits de<strong> violences conjugales et d\u2019outrages \u00e0 l\u2019encontre de policiers<\/strong>. Outrage mat\u00e9rialis\u00e9 notamment\u2026 par un pot de fleurs !<\/p>\n<p>Les policiers esquivent un pot de fleurs<\/p>\n<p class=\" wall-content\">Le 11 septembre dernier peu avant 23h, la police est appel\u00e9e pour intervenir au domicile d\u2019un couple vivant rue M\u00e9ridienne \u00e0 Rouen. <strong>C\u2019est la fille adolescente qui donne l\u2019alerte<\/strong>. Elle a re\u00e7u un SMS de Sophie*, la compagne de son p\u00e8re Erwann, l\u2019informant de nouveaux faits de violences : plusieurs coups port\u00e9s au visage et sur les jambes Et cette fois-ci c\u2019en est trop, il faut faire appel \u00e0 la force publique.\u00a0<\/p>\n<p class=\" wall-content\">Quand les policiers arrivent, l\u2019agresseur manifestement ivre et pour le moins r\u00e9calcitrant ne veut pas ouvrir la porte. Pire, de la fen\u00eatre de l\u2019appartement,<strong> il lance un pot de fleurs en direction des fonctionnaires<\/strong>, qui l\u2019esquivent, et leur d\u00e9livre au passage un torrent d\u2019insultes. Au final, l\u2019homme violent est interpell\u00e9 et amen\u00e9 au poste de police.\u00a0<\/p>\n<p class=\" wall-content\">Erwann a d\u00e9j\u00e0 \u00e9t\u00e9 condamn\u00e9 \u00e0 plusieurs reprises pour des faits de violences, dont des peines de sursis qui n\u2019ont de toute \u00e9vidence pas \u00e9t\u00e9 efficaces. En 2024 il avait \u00e9cop\u00e9 d\u2019une de six mois d\u2019emprisonnement pour avoir frapp\u00e9 sa compagne, d\u00e9j\u00e0. Et \u00e0 sa sortie de prison il avait interdiction d\u2019entrer en contact avec elle. <strong>Sauf que d\u00e8s sa sortie il est revenu vivre chez elle, d\u2019un commun accord<\/strong>. Mais les violences reprennent.\u00a0<\/p>\n<p>\u00ab Il m\u2019a d\u00e9fonc\u00e9 la t\u00eate, il m\u2019a train\u00e9e par les cheveux \u00bb<\/p>\n<p class=\" wall-content\">Dans un SMS que Sophie adresse \u00e0 sa belle-fille, elle \u00e9crit : \u00ab Il m\u2019a d\u00e9fonc\u00e9 la t\u00eate, il me fait des menaces de mort, il m\u2019a train\u00e9e par les cheveux \u00bb. Interrog\u00e9, les voisins d\u00e9clarent avoir \u00e9galement entendu des sc\u00e8nes de violence.\u00a0<\/p>\n<p class=\" wall-content\">Au tribunal, le pr\u00e9venu peine \u00e0 s\u2019exprimer, et tente de se justifier : <strong>\u00ab\u00a0Toutes les infractions que j\u2019ai commises \u00e9taient en lien avec l\u2019alcool\u00a0\u00bb.<\/strong><\/p>\n<p>Votre r\u00e9gion, votre actu !<\/p>\n<p>Recevez chaque jour les infos qui comptent pour vous.<\/p>\n<p>\t<a href=\"https:\/\/actu.fr\/newsletter\" class=\"ac-btn ac-btn--corner ac-btn--medium ac-btn--blue800\" target=\"_blank\" rel=\"noopener\">S&rsquo;incrire<\/a><\/p>\n<p class=\" wall-content\">\u00ab\u00a0Vous avez \u00e9galement un probl\u00e8me avec les femmes, vous \u00eates violent\u00a0\u00bb, lui fait alors remarquer le pr\u00e9sident du tribunal, qui interroge aussi Sophie : \u00ab\u00a0Pourquoi reprendre un vie commune, alors qu\u2019il \u00e9tait violent et avait interdiction d\u2019entrer en contact avec vous ?\u00a0\u00bb<\/p>\n<p>\u00ab\u00a0Tout n\u2019est pas forc\u00e9ment de sa faute\u00a0\u00bb<\/p>\n<p class=\" wall-content\">\u00ab\u00a0Il allait bien \u00e0 ses rendez-vous pour lutter contre l\u2019alcool, explique-t-elle. Quand je bois un coup, je ne suis pas forc\u00e9ment mieux, ce jour l\u00e0, j\u2019\u00e9tais aussi alcoolis\u00e9e.<strong> Tout n\u2019est pas forc\u00e9ment de sa faute<\/strong>.\u00a0\u00bb<\/p>\n<p class=\" wall-content\">Dans son r\u00e9quisitoire, l\u2019avocate g\u00e9n\u00e9rale souligne : \u00ab\u00a0Beaucoup de choses ont \u00e9t\u00e9 tent\u00e9es, sold\u00e9es par des \u00e9checs. Il n\u2019a que faire des avertissements pr\u00e9c\u00e9demment donn\u00e9s par la justice\u00a0\u00bb. En cons\u00e9quence, elle requiert une peine d\u2019emprisonnement de 12 mois.\u00a0<\/p>\n<p class=\" wall-content\">\u00ab\u00a0L\u2019alcool est au c\u0153ur de la probl\u00e9matique, d\u00e9fend de son c\u00f4t\u00e9 l\u2019avocate du pr\u00e9vu. L\u2019enjeu, c\u2019est comment faire r\u00e9fl\u00e9chir mon client pour qu\u2019il arrive \u00e0 se faire soigner. <strong>La justice peut l\u2019aider<\/strong>, avec une peine am\u00e9nag\u00e9e.\u00a0\u00bb<\/p>\n<p>\u00ab\u00a0Je veux m\u2019en sortir en me soignant\u00a0\u00bb<\/p>\n<p class=\" wall-content\">Dans sa derni\u00e8re d\u00e9claration, Erwann a ces mots : \u00ab\u00a0Le plus grand service que ma fille m\u2019a rendu,<strong> c\u2019est d\u2019avoir appel\u00e9 le 17<\/strong>. Le mal que je fais autour de moi, je veux m\u2019en sortir en me soignant\u00a0\u00bb.<\/p>\n<p class=\" wall-content\">Au final, le tribunal l\u2019a condamn\u00e9 \u00e0 12 mois de prison <strong>avec maintien en d\u00e9tention<\/strong>, auxquels s\u2019ajoute la r\u00e9vocation d\u2019un sursis de deux mois, ainsi que l\u2019interdiction d\u2019entrer en contact avec la victime pendant deux ans.\u00a0<\/p>\n<p class=\" wall-content\">*Les pr\u00e9noms ont \u00e9t\u00e9 modifi\u00e9s<\/p>\n<p>Suivez l\u2019actualit\u00e9 de Rouen sur notre <a href=\"https:\/\/www.whatsapp.com\/channel\/0029VaKfnf99hXF2ddApFB1D\" target=\"_blank\" rel=\"noopener\">cha\u00eene WhatsApp<\/a> et sur notre <a href=\"https:\/\/www.tiktok.com\/@76actu.fr?lang=fr\" target=\"_blank\" rel=\"noopener\">compte TikTok<\/a><\/p>\n<p class=\" wall-content\">Personnalisez votre actualit\u00e9 en ajoutant vos villes et m\u00e9dias en favori avec <a href=\"https:\/\/moncompte.actu.fr\" title=\"D\u00e9couvez Mon Actu\" rel=\"nofollow noopener\" data-trk=\"{&quot;cta&quot;:{&quot;action&quot;:&quot;https:\\\/\\\/moncompte.actu.fr&quot;,&quot;category&quot;:&quot;mon compte&quot;,&quot;from&quot;:&quot;article footer&quot;,&quot;name&quot;:&quot;Mon actu&quot;,&quot;type&quot;:&quot;cta&quot;}}\" target=\"_blank\">Mon Actu<\/a>.<\/p>\n<p>                    <script async src=\"\/\/www.tiktok.com\/embed.js\"><\/script><\/p>\n","protected":false},"excerpt":{"rendered":"Par Fabien Massin Publi\u00e9 le 30 oct. 2025 \u00e0 19h12 Il \u00e9tait sorti de prison depuis peu mais&hellip;\n","protected":false},"author":2,"featured_media":500588,"comment_status":"","ping_status":"","sticky":false,"template":"","format":"standard","meta":{"footnotes":""},"categories":[9587],"tags":[1111,11,5702,1777,674,118,1011,27,303,12,5161,25,9590,798],"class_list":{"0":"post-500587","1":"post","2":"type-post","3":"status-publish","4":"format-standard","5":"has-post-thumbnail","7":"category-rouen","8":"tag-actu","9":"tag-actualites","10":"tag-alcool","11":"tag-eu","12":"tag-europe","13":"tag-faits-divers","14":"tag-fr","15":"tag-france","16":"tag-justice","17":"tag-news","18":"tag-normandie","19":"tag-republique-francaise","20":"tag-rouen","21":"tag-violences-conjugales"},"share_on_mastodon":{"url":"https:\/\/pubeurope.com\/@fr\/115464662279610374","error":""},"_links":{"self":[{"href":"https:\/\/www.europesays.com\/fr\/wp-json\/wp\/v2\/posts\/500587","targetHints":{"allow":["GET"]}}],"collection":[{"href":"https:\/\/www.europesays.com\/fr\/wp-json\/wp\/v2\/posts"}],"about":[{"href":"https:\/\/www.europesays.com\/fr\/wp-json\/wp\/v2\/types\/post"}],"author":[{"embeddable":true,"href":"https:\/\/www.europesays.com\/fr\/wp-json\/wp\/v2\/users\/2"}],"replies":[{"embeddable":true,"href":"https:\/\/www.europesays.com\/fr\/wp-json\/wp\/v2\/comments?post=500587"}],"version-history":[{"count":0,"href":"https:\/\/www.europesays.com\/fr\/wp-json\/wp\/v2\/posts\/500587\/revisions"}],"wp:featuredmedia":[{"embeddable":true,"href":"https:\/\/www.europesays.com\/fr\/wp-json\/wp\/v2\/media\/500588"}],"wp:attachment":[{"href":"https:\/\/www.europesays.com\/fr\/wp-json\/wp\/v2\/media?parent=500587"}],"wp:term":[{"taxonomy":"category","embeddable":true,"href":"https:\/\/www.europesays.com\/fr\/wp-json\/wp\/v2\/categories?post=500587"},{"taxonomy":"post_tag","embeddable":true,"href":"https:\/\/www.europesays.com\/fr\/wp-json\/wp\/v2\/tags?post=500587"}],"curies":[{"name":"wp","href":"https:\/\/api.w.org\/{rel}","templated":true}]}}