{"id":500589,"date":"2025-10-30T19:01:22","date_gmt":"2025-10-30T19:01:22","guid":{"rendered":"https:\/\/www.europesays.com\/fr\/500589\/"},"modified":"2025-10-30T19:01:22","modified_gmt":"2025-10-30T19:01:22","slug":"un-trentenaire-condamne-pour-saluts-nazis-et-violences-envers-des-policiers-2","status":"publish","type":"post","link":"https:\/\/www.europesays.com\/fr\/500589\/","title":{"rendered":"Un trentenaire condamn\u00e9 pour saluts nazis et violences envers des policiers"},"content":{"rendered":"<p class=\"mb-4 text-lg md:leading-8 break-words\"><strong>justice &#8211; Un homme de 30 ans s\u2019est retrouv\u00e9 mercredi 29\u00a0octobre devant le tribunal de Rouen pour r\u00e9pondre d\u2019une s\u00e9rie de violences, menaces et outrages<\/strong><\/p>\n<p class=\"mb-4 text-lg md:leading-8 break-words\">Le tribunal correctionnel de Rouen (<a href=\"https:\/\/www.20minutes.fr\/dossier\/seine_maritime-1?at_medium=RSS%20feed&amp;at_campaign=ynews&amp;utm_source=yahoo&amp;utm_medium=rss&amp;utm_campaign=news_feed&amp;utm_content=in_article_link\" rel=\"nofollow noopener\" target=\"_blank\" data-ylk=\"slk:Seine-Maritime;elm:context_link;itc:0;sec:content-canvas\" class=\"link \">Seine-Maritime<\/a>) a jug\u00e9 mercredi 29\u00a0octobre un homme de 30 ans pour une s\u00e9rie de m\u00e9faits. Le pr\u00e9venu \u00e9tait poursuivi pour outrages, violences sur policiers et gestes \u00e0 connotation nazie. Il a \u00e9t\u00e9 condamn\u00e9 \u00e0 six mois de prison avec sursis probatoire pendant deux ans, assortis d\u2019une obligation de soins et de travail, rapporte <a href=\"https:\/\/actu.fr\/normandie\/rouen_76540\/ivre-dans-la-rue-a-rouen-un-homme-fait-des-saluts-nazis-puis-s-en-prend-aux-policiers_63368040.html?at_medium=RSS%20feed&amp;at_campaign=ynews&amp;utm_source=yahoo&amp;utm_medium=rss&amp;utm_campaign=news_feed&amp;utm_content=in_article_link\" rel=\"nofollow noopener\" target=\"_blank\" data-ylk=\"slk:76 Actu;elm:context_link;itc:0;sec:content-canvas\" class=\"link \">76 Actu<\/a>.<\/p>\n<p class=\"mb-4 text-lg md:leading-8 break-words\">Les premiers d\u00e9lits remontent au mois d\u2019avril. Ce jour-l\u00e0, une patrouille de <a href=\"https:\/\/www.20minutes.fr\/faits_divers\/faits-divers-paris\/4182370-20251029-val-marne-motard-accuse-police-tentative-meurtre-porte-plainte?at_medium=RSS%20feed&amp;at_campaign=ynews&amp;utm_source=yahoo&amp;utm_medium=rss&amp;utm_campaign=news_feed&amp;utm_content=in_article_link\" rel=\"nofollow noopener\" target=\"_blank\" data-ylk=\"slk:police;elm:context_link;itc:0;sec:content-canvas\" class=\"link \">police<\/a> est appel\u00e9e pour intervenir dans le square Verdrel, o\u00f9 un individu en \u00e9tat d\u2019ivresse menace de mettre fin \u00e0 ses jours. Les agents tentent alors de le conduire \u00e0 l\u2019h\u00f4pital pour une prise en charge, mais l\u2019homme se rebelle et s\u2019en prend \u00e0 eux. Plac\u00e9 en garde \u00e0 vue, il reconna\u00eet \u00e0 peine les faits, se souvenant simplement avoir \u00ab\u00a0bu une bouteille de vodka\u00a0\u00bb.<\/p>\n<p>Un \u00e9t\u00e9 sous le signe de la r\u00e9cidive<\/p>\n<p class=\"mb-4 text-lg md:leading-8 break-words\">Le trentenaire devait initialement \u00eatre jug\u00e9 en septembre pour cette premi\u00e8re affaire. Mais ce dernier a r\u00e9cidiv\u00e9 durant le mois d\u2019ao\u00fbt. Il est cette fois-ci aper\u00e7u ivre dans les rues du centre-ville de <a href=\"https:\/\/www.20minutes.fr\/dossier\/rouen?at_medium=RSS%20feed&amp;at_campaign=ynews&amp;utm_source=yahoo&amp;utm_medium=rss&amp;utm_campaign=news_feed&amp;utm_content=in_article_link\" rel=\"nofollow noopener\" target=\"_blank\" data-ylk=\"slk:Rouen;elm:context_link;itc:0;sec:content-canvas\" class=\"link \">Rouen<\/a>, effectuant des saluts <a href=\"https:\/\/www.20minutes.fr\/societe\/4178273-20251009-correze-amende-avoir-installe-balcon-drapeau-francais-frappe-sigle-ss?at_medium=RSS%20feed&amp;at_campaign=ynews&amp;utm_source=yahoo&amp;utm_medium=rss&amp;utm_campaign=news_feed&amp;utm_content=in_article_link\" rel=\"nofollow noopener\" target=\"_blank\" data-ylk=\"slk:nazis;elm:context_link;itc:0;sec:content-canvas\" class=\"link \">nazis<\/a> dans la rue. De nouveau interpell\u00e9, l\u2019homme refuse violemment et crache sur les policiers, les insulte et les menace de mort.<\/p>\n<p class=\"mb-4 text-lg md:leading-8 break-words\">\u00c0 l\u2019audience, le pr\u00e9venu a reconnu souffrir d\u2019une d\u00e9pendance \u00e0 l\u2019alcool et a d\u00e9clar\u00e9 son souhait \u00ab\u00a0d\u2019aller en cure de d\u00e9sintoxication\u00a0\u00bb. Concernant les saluts nazis, il s\u2019est d\u00e9fendu de partager cette id\u00e9ologie. Le tribunal l\u2019a finalement condamn\u00e9 \u00e0 une peine de prison avec sursis proba(&#8230;)<\/p>\n<p class=\"mb-4 text-lg md:leading-8 break-words\"><a href=\"https:\/\/www.20minutes.fr\/faits_divers\/4182557-20251030-rouen-trentenaire-condamne-saluts-nazis-violences-envers-policiers?at_medium=RSS%20feed&amp;at_campaign=ynews&amp;utm_source=yahoo&amp;utm_medium=rss&amp;utm_campaign=news_feed&amp;utm_content=read_more_link&quot;\" rel=\"nofollow noopener\" target=\"_blank\" data-ylk=\"slk:Lire la suite sur 20minutes;elm:context_link;itc:0;sec:content-canvas\" class=\"link \">Lire la suite sur 20minutes<\/a><\/p>\n<p>\u00c0 lire aussi :<br \/><a href=\"https:\/\/www.20minutes.fr\/faits_divers\/4182091-20251028-indre-loire-automobiliste-refuse-obtemperer-lors-controle-alcoolemie?at_medium=RSS%20feed&amp;at_campaign=ynews&amp;utm_source=yahoo&amp;utm_medium=rss&amp;utm_campaign=news_feed&amp;utm_content=related_content_link\" rel=\"nofollow noopener\" target=\"_blank\" data-ylk=\"slk:Indre-et-Loire\u00a0: Un automobiliste refuse d\u2019obtemp\u00e9rer lors d\u2019un contr\u00f4le d\u2019alcool\u00e9mie;elm:context_link;itc:0;sec:content-canvas\" class=\"link \">Indre-et-Loire\u00a0: Un automobiliste refuse d\u2019obtemp\u00e9rer lors d\u2019un contr\u00f4le d\u2019alcool\u00e9mie<\/a><br \/><a href=\"https:\/\/www.20minutes.fr\/faits_divers\/4181348-20251024-vichy-homme-sous-stupefiants-etrangle-six-personnes-seme-chaos-ville?at_medium=RSS%20feed&amp;at_campaign=ynews&amp;utm_source=yahoo&amp;utm_medium=rss&amp;utm_campaign=news_feed&amp;utm_content=related_content_link\" rel=\"nofollow noopener\" target=\"_blank\" data-ylk=\"slk:Vichy\u00a0: Un homme sous stup\u00e9fiants \u00e9trangle six personnes et s\u00e8me le chaos dans la ville;elm:context_link;itc:0;sec:content-canvas\" class=\"link \">Vichy\u00a0: Un homme sous stup\u00e9fiants \u00e9trangle six personnes et s\u00e8me le chaos dans la ville<\/a><\/p>\n","protected":false},"excerpt":{"rendered":"justice &#8211; Un homme de 30 ans s\u2019est retrouv\u00e9 mercredi 29\u00a0octobre devant le tribunal de Rouen pour r\u00e9pondre&hellip;\n","protected":false},"author":2,"featured_media":368986,"comment_status":"","ping_status":"","sticky":false,"template":"","format":"standard","meta":{"footnotes":""},"categories":[9587],"tags":[1111,11,17828,1777,674,1011,27,12,5161,4491,25,9590],"class_list":{"0":"post-500589","1":"post","2":"type-post","3":"status-publish","4":"format-standard","5":"has-post-thumbnail","7":"category-rouen","8":"tag-actu","9":"tag-actualites","10":"tag-cure-de-desintoxication","11":"tag-eu","12":"tag-europe","13":"tag-fr","14":"tag-france","15":"tag-news","16":"tag-normandie","17":"tag-obligation-de-soins","18":"tag-republique-francaise","19":"tag-rouen"},"share_on_mastodon":{"url":"https:\/\/pubeurope.com\/@fr\/115464666107148172","error":""},"_links":{"self":[{"href":"https:\/\/www.europesays.com\/fr\/wp-json\/wp\/v2\/posts\/500589","targetHints":{"allow":["GET"]}}],"collection":[{"href":"https:\/\/www.europesays.com\/fr\/wp-json\/wp\/v2\/posts"}],"about":[{"href":"https:\/\/www.europesays.com\/fr\/wp-json\/wp\/v2\/types\/post"}],"author":[{"embeddable":true,"href":"https:\/\/www.europesays.com\/fr\/wp-json\/wp\/v2\/users\/2"}],"replies":[{"embeddable":true,"href":"https:\/\/www.europesays.com\/fr\/wp-json\/wp\/v2\/comments?post=500589"}],"version-history":[{"count":0,"href":"https:\/\/www.europesays.com\/fr\/wp-json\/wp\/v2\/posts\/500589\/revisions"}],"wp:featuredmedia":[{"embeddable":true,"href":"https:\/\/www.europesays.com\/fr\/wp-json\/wp\/v2\/media\/368986"}],"wp:attachment":[{"href":"https:\/\/www.europesays.com\/fr\/wp-json\/wp\/v2\/media?parent=500589"}],"wp:term":[{"taxonomy":"category","embeddable":true,"href":"https:\/\/www.europesays.com\/fr\/wp-json\/wp\/v2\/categories?post=500589"},{"taxonomy":"post_tag","embeddable":true,"href":"https:\/\/www.europesays.com\/fr\/wp-json\/wp\/v2\/tags?post=500589"}],"curies":[{"name":"wp","href":"https:\/\/api.w.org\/{rel}","templated":true}]}}