{"id":500594,"date":"2025-10-30T19:04:12","date_gmt":"2025-10-30T19:04:12","guid":{"rendered":"https:\/\/www.europesays.com\/fr\/500594\/"},"modified":"2025-10-30T19:04:12","modified_gmt":"2025-10-30T19:04:12","slug":"avec-son-drone-ce-rennais-livrait-des-stupefiants-aux-detenus-dune-maison-darret-caches-dans-des-chaussettes","status":"publish","type":"post","link":"https:\/\/www.europesays.com\/fr\/500594\/","title":{"rendered":"Avec son drone, ce Rennais livrait des stup\u00e9fiants aux d\u00e9tenus d\u2019une maison d\u2019arr\u00eat, cach\u00e9s dans des chaussettes"},"content":{"rendered":"<p>Article r\u00e9serv\u00e9 aux abonn\u00e9s<\/p>\n<p>Le 30 octobre 2025 \u00e0 19h18<\/p>\n<p class=\"tlg-h5\">Un jeune Rennais de\u00a018 ans a \u00e9t\u00e9\u00a0condamn\u00e9 \u00e0 12 mois de prison avec sursis probatoire durant deux ans, par\u00a0le tribunal de Saint-Malo, ce jeudi 30\u00a0octobre. Il livrait des stup\u00e9fiants \u00e0 des d\u00e9tenus\u00a0avec son drone.<\/p>\n<p><img fetchpriority=\"high\" decoding=\"async\" src=\"https:\/\/www.europesays.com\/fr\/wp-content\/uploads\/2025\/10\/6903ac980b8e34120300b7f4.1.jpeg\" width=\"960\" height=\"600\" class=\"web_golden_xl\" loading=\"eager\" alt=\"Avec son drone, un Rennais de 18 ans, livrait de la drogue \u00e0 des pr\u00e9venus d\u2019une maison d\u2019arr\u00eat\"\/>Avec son drone, un Rennais de 18 ans, livrait de la drogue \u00e0 des pr\u00e9venus d\u2019une maison d\u2019arr\u00eat (EPA)<\/p>\n","protected":false},"excerpt":{"rendered":"Article r\u00e9serv\u00e9 aux abonn\u00e9s Le 30 octobre 2025 \u00e0 19h18 Un jeune Rennais de\u00a018 ans a \u00e9t\u00e9\u00a0condamn\u00e9 \u00e0&hellip;\n","protected":false},"author":2,"featured_media":500595,"comment_status":"","ping_status":"","sticky":false,"template":"","format":"standard","meta":{"footnotes":""},"categories":[2821],"tags":[1111,11,829,1777,674,118,1011,27,848,12,584,25,3728],"class_list":{"0":"post-500594","1":"post","2":"type-post","3":"status-publish","4":"format-standard","5":"has-post-thumbnail","7":"category-rennes","8":"tag-actu","9":"tag-actualites","10":"tag-bretagne","11":"tag-eu","12":"tag-europe","13":"tag-faits-divers","14":"tag-fr","15":"tag-france","16":"tag-ille-et-vilaine","17":"tag-news","18":"tag-rennes","19":"tag-republique-francaise","20":"tag-saint-malo"},"share_on_mastodon":{"url":"https:\/\/pubeurope.com\/@fr\/115464678908395277","error":""},"_links":{"self":[{"href":"https:\/\/www.europesays.com\/fr\/wp-json\/wp\/v2\/posts\/500594","targetHints":{"allow":["GET"]}}],"collection":[{"href":"https:\/\/www.europesays.com\/fr\/wp-json\/wp\/v2\/posts"}],"about":[{"href":"https:\/\/www.europesays.com\/fr\/wp-json\/wp\/v2\/types\/post"}],"author":[{"embeddable":true,"href":"https:\/\/www.europesays.com\/fr\/wp-json\/wp\/v2\/users\/2"}],"replies":[{"embeddable":true,"href":"https:\/\/www.europesays.com\/fr\/wp-json\/wp\/v2\/comments?post=500594"}],"version-history":[{"count":0,"href":"https:\/\/www.europesays.com\/fr\/wp-json\/wp\/v2\/posts\/500594\/revisions"}],"wp:featuredmedia":[{"embeddable":true,"href":"https:\/\/www.europesays.com\/fr\/wp-json\/wp\/v2\/media\/500595"}],"wp:attachment":[{"href":"https:\/\/www.europesays.com\/fr\/wp-json\/wp\/v2\/media?parent=500594"}],"wp:term":[{"taxonomy":"category","embeddable":true,"href":"https:\/\/www.europesays.com\/fr\/wp-json\/wp\/v2\/categories?post=500594"},{"taxonomy":"post_tag","embeddable":true,"href":"https:\/\/www.europesays.com\/fr\/wp-json\/wp\/v2\/tags?post=500594"}],"curies":[{"name":"wp","href":"https:\/\/api.w.org\/{rel}","templated":true}]}}