{"id":500598,"date":"2025-10-30T19:06:15","date_gmt":"2025-10-30T19:06:15","guid":{"rendered":"https:\/\/www.europesays.com\/fr\/500598\/"},"modified":"2025-10-30T19:06:15","modified_gmt":"2025-10-30T19:06:15","slug":"appel-aux-dons-du-secours-populaire","status":"publish","type":"post","link":"https:\/\/www.europesays.com\/fr\/500598\/","title":{"rendered":"appel aux dons du Secours populaire"},"content":{"rendered":"<p>Apr\u00e8s le passage d\u00e9vastateur de l\u2019ouragan Melissa, le Secours populaire lance un appel \u00e0 la solidarit\u00e9 pour les Cara\u00efbes. Melissa est l\u2019un des ouragans les plus puissants jamais enregistr\u00e9s dans les Cara\u00efbes, avec des vents \u00e0 300\u00a0km\/h. Les ravages qu\u2019il a caus\u00e9s sont innombrables\u00a0: quartiers isol\u00e9s, toitures arrach\u00e9es, routes submerg\u00e9es, infrastructures d\u00e9truites, avec de nombreuses victimes.<\/p>\n<p>Depuis 80 ans, le Secours populaire est pr\u00e9sent aupr\u00e8s des sinistr\u00e9s des catastrophes naturelles, en France comme dans le reste du monde, gr\u00e2ce \u00e0 son r\u00e9seau de partenaires. Ces derniers peuvent d\u00e9finir pr\u00e9cis\u00e9ment les besoins sur place. Et ces derniers sont immenses. Donc, apr\u00e8s les tsunamis en Asie du Sud-Est (2004), au japon (2011), les s\u00e9ismes en Ha\u00efti (2010), au Maroc (2023), en Syrie, en Turquie (2023), apr\u00e8s l\u2019ouragan \u00e0 La Nouvelle-Orl\u00e9ans (2005), \u00e0 Mayotte (2024), le Secours populaire appelle aux dons.<\/p>\n<p>Ils peuvent \u00eatre envoy\u00e9s au Secours populaire fran\u00e7ais, 5 rue Jean-Henri-Lambert, 67100 Strasbourg. Pr\u00e9ciser \u00ab\u00a0Fonds d\u2019urgence\u00a0\u00bb. https:\/\/don.secourspopulaire.fr\/urgence<\/p>\n","protected":false},"excerpt":{"rendered":"Apr\u00e8s le passage d\u00e9vastateur de l\u2019ouragan Melissa, le Secours populaire lance un appel \u00e0 la solidarit\u00e9 pour les&hellip;\n","protected":false},"author":2,"featured_media":500599,"comment_status":"","ping_status":"","sticky":false,"template":"","format":"standard","meta":{"footnotes":""},"categories":[2820],"tags":[1111,11,2389,9323,436,1777,674,107,1011,27,775,12,25,104,640,1631],"class_list":{"0":"post-500598","1":"post","2":"type-post","3":"status-publish","4":"format-standard","5":"has-post-thumbnail","7":"category-strasbourg","8":"tag-actu","9":"tag-actualites","10":"tag-alsace","11":"tag-catastrophes","12":"tag-environnement","13":"tag-eu","14":"tag-europe","15":"tag-fil-info","16":"tag-fr","17":"tag-france","18":"tag-grand-est","19":"tag-news","20":"tag-republique-francaise","21":"tag-societe","22":"tag-strasbourg","23":"tag-vie-associative"},"share_on_mastodon":{"url":"https:\/\/pubeurope.com\/@fr\/115464685788412346","error":""},"_links":{"self":[{"href":"https:\/\/www.europesays.com\/fr\/wp-json\/wp\/v2\/posts\/500598","targetHints":{"allow":["GET"]}}],"collection":[{"href":"https:\/\/www.europesays.com\/fr\/wp-json\/wp\/v2\/posts"}],"about":[{"href":"https:\/\/www.europesays.com\/fr\/wp-json\/wp\/v2\/types\/post"}],"author":[{"embeddable":true,"href":"https:\/\/www.europesays.com\/fr\/wp-json\/wp\/v2\/users\/2"}],"replies":[{"embeddable":true,"href":"https:\/\/www.europesays.com\/fr\/wp-json\/wp\/v2\/comments?post=500598"}],"version-history":[{"count":0,"href":"https:\/\/www.europesays.com\/fr\/wp-json\/wp\/v2\/posts\/500598\/revisions"}],"wp:featuredmedia":[{"embeddable":true,"href":"https:\/\/www.europesays.com\/fr\/wp-json\/wp\/v2\/media\/500599"}],"wp:attachment":[{"href":"https:\/\/www.europesays.com\/fr\/wp-json\/wp\/v2\/media?parent=500598"}],"wp:term":[{"taxonomy":"category","embeddable":true,"href":"https:\/\/www.europesays.com\/fr\/wp-json\/wp\/v2\/categories?post=500598"},{"taxonomy":"post_tag","embeddable":true,"href":"https:\/\/www.europesays.com\/fr\/wp-json\/wp\/v2\/tags?post=500598"}],"curies":[{"name":"wp","href":"https:\/\/api.w.org\/{rel}","templated":true}]}}