{"id":500606,"date":"2025-10-30T19:10:34","date_gmt":"2025-10-30T19:10:34","guid":{"rendered":"https:\/\/www.europesays.com\/fr\/500606\/"},"modified":"2025-10-30T19:10:34","modified_gmt":"2025-10-30T19:10:34","slug":"qui-sont-ces-peintres-qui-se-cachent-derriere-ces-adresses-postales-des-dervallieres-a-nantes","status":"publish","type":"post","link":"https:\/\/www.europesays.com\/fr\/500606\/","title":{"rendered":"Qui sont ces peintres qui se cachent derri\u00e8re ces adresses postales des Dervalli\u00e8res, \u00e0 Nantes\u00a0?"},"content":{"rendered":"<p>Jean Ingres, 1780-1867 ou Antoine Watteau, 1684-1721. <strong>\u00ab\u00a0Pour la plupart des habitants ces deux noms, et quarante-deux\u00a0autres, \u00e9voquent de simples adresses signal\u00e9es par des plaques de rues, alors que les peintres, ce sont d\u2019abord des tableaux\u00a0\u00bb,<\/strong> constate Hugues Menet, directeur adjoint de la maison de quartier des Dervalli\u00e8res, \u00e0 Nantes (Loire-Atlantique).<\/p>\n<p><strong>Lire aussi\u00a0:<\/strong> <a href=\"https:\/\/nantes.maville.com\/actu\/actudet_-ces-benevoles-nantais-permettent-aux-habitants-des-dervallieres-de-partir-en-vacances-_52716-6894394_actu.Htm\" rel=\"nofollow noopener\" target=\"_blank\">Ces b\u00e9n\u00e9voles nantais permettent aux habitants des Dervalli\u00e8res de partir en vacances<\/a><\/p>\n<p>En 2017, il avait d\u00e9j\u00e0 instruit un projet pour mieux faire conna\u00eetre leurs \u0153uvres. <strong>\u00ab\u00a0Aujourd\u2019hui,<\/strong> affirme-t-il<strong>,<\/strong> <strong>le dispositif Connivence de la Ville de Nantes permet de le relancer gr\u00e2ce au jumelage du quartier avec le mus\u00e9e des Beaux-arts. Cette d\u00e9marche, partag\u00e9e avec les habitants, est port\u00e9e par le <a href=\"https:\/\/nantes.maville.com\/actu\/actudet_-a-nantes-la-maison-de-quartier-des-dervallieres-offre-1-690-heures-d-ateliers-_52716-6972517_actu.Htm\" rel=\"nofollow noopener\" target=\"_blank\">centre socioculturel des Dervalli\u00e8res<\/a> sous la forme de parcours urbains, qui\u00a0contribuent \u00e0 relier de fa\u00e7on p\u00e9renne les noms et \u0153uvres de tous ces peintres.\u00a0\u00bb<\/strong><\/p>\n<p>\u00ab\u00a0Grignoter et s\u2019instruire\u00a0\u00bb<\/p>\n<p>Le projet, intitul\u00e9\u00a0Du quartier au mus\u00e9e, noms de rues et peintres c\u00e9l\u00e8bres, permet ainsi de voyager dans l\u2019histoire de l\u2019art gr\u00e2ce \u00e0 des stations vari\u00e9es\u00a0: visites guid\u00e9es, ateliers, animations, cr\u00e9ations, rencontres\u2026<\/p>\n<p>C\u2019est, aux yeux d\u2019Hugues Menet, <strong>\u00ab\u00a0un moyen d\u2019impliquer les habitants par des activit\u00e9s coconstruites, de d\u00e9mocratiser la culture sur ce territoire en d\u00e9veloppant un double flux\u00a0: d\u2019abord du quartier au mus\u00e9e et du mus\u00e9e au quartier, puis des noms de rues aux \u0153uvres des peintres\u00a0\u00bb.<\/strong><\/p>\n<p>Le projet est d\u00e9sormais en cours de r\u00e9alisation. La deuxi\u00e8me station\u00a0a eu lieu mercredi, dans la rue Edgar-Degas. <strong>\u00ab\u00a0Elle a permis \u00e0 la fois de grignoter, de papoter et de s\u2019instruire\u00a0\u00bb, <\/strong>ont reconnu Edith et ses amis. Tandis que les installations sonores d\u2019Anne Perny, artiste domicili\u00e9e \u00e0 la Contrie, ont fait que <strong>\u00ab\u00a0le quartier se raconte, en d\u00e9couvrant qui \u00e9tait Edgar Degas et pourquoi il est c\u00e9l\u00e8bre\u00a0\u00bb.<\/strong> La prochaine \u00e9tape aura lieu mardi 25\u00a0novembre, aux Dervalli\u00e8res. Quatre autres sont programm\u00e9es en d\u00e9cembre.<\/p>\n<p><strong>Mardi 25\u00a0novembre,<\/strong> 5, rue Auguste-Renoir, \u00e0 Nantes, gratuit, t\u00e9l. 02\u00a040\u00a046\u00a002\u00a017.<\/p>\n<p>\u00a0<\/p>\n","protected":false},"excerpt":{"rendered":"Jean Ingres, 1780-1867 ou Antoine Watteau, 1684-1721. \u00ab\u00a0Pour la plupart des habitants ces deux noms, et quarante-deux\u00a0autres, \u00e9voquent&hellip;\n","protected":false},"author":2,"featured_media":500607,"comment_status":"","ping_status":"","sticky":false,"template":"","format":"standard","meta":{"footnotes":""},"categories":[2818],"tags":[1111,11,17888,59002,37422,1777,674,1011,27,766,12,2636,25541,62273,25],"class_list":{"0":"post-500606","1":"post","2":"type-post","3":"status-publish","4":"format-standard","5":"has-post-thumbnail","7":"category-nantes","8":"tag-actu","9":"tag-actualites","10":"tag-adresses","11":"tag-cachent","12":"tag-dervallieres","13":"tag-eu","14":"tag-europe","15":"tag-fr","16":"tag-france","17":"tag-nantes","18":"tag-news","19":"tag-pays-de-la-loire","20":"tag-peintres","21":"tag-postales","22":"tag-republique-francaise"},"share_on_mastodon":{"url":"https:\/\/pubeurope.com\/@fr\/115464701546270315","error":""},"_links":{"self":[{"href":"https:\/\/www.europesays.com\/fr\/wp-json\/wp\/v2\/posts\/500606","targetHints":{"allow":["GET"]}}],"collection":[{"href":"https:\/\/www.europesays.com\/fr\/wp-json\/wp\/v2\/posts"}],"about":[{"href":"https:\/\/www.europesays.com\/fr\/wp-json\/wp\/v2\/types\/post"}],"author":[{"embeddable":true,"href":"https:\/\/www.europesays.com\/fr\/wp-json\/wp\/v2\/users\/2"}],"replies":[{"embeddable":true,"href":"https:\/\/www.europesays.com\/fr\/wp-json\/wp\/v2\/comments?post=500606"}],"version-history":[{"count":0,"href":"https:\/\/www.europesays.com\/fr\/wp-json\/wp\/v2\/posts\/500606\/revisions"}],"wp:featuredmedia":[{"embeddable":true,"href":"https:\/\/www.europesays.com\/fr\/wp-json\/wp\/v2\/media\/500607"}],"wp:attachment":[{"href":"https:\/\/www.europesays.com\/fr\/wp-json\/wp\/v2\/media?parent=500606"}],"wp:term":[{"taxonomy":"category","embeddable":true,"href":"https:\/\/www.europesays.com\/fr\/wp-json\/wp\/v2\/categories?post=500606"},{"taxonomy":"post_tag","embeddable":true,"href":"https:\/\/www.europesays.com\/fr\/wp-json\/wp\/v2\/tags?post=500606"}],"curies":[{"name":"wp","href":"https:\/\/api.w.org\/{rel}","templated":true}]}}