{"id":500608,"date":"2025-10-30T19:11:40","date_gmt":"2025-10-30T19:11:40","guid":{"rendered":"https:\/\/www.europesays.com\/fr\/500608\/"},"modified":"2025-10-30T19:11:40","modified_gmt":"2025-10-30T19:11:40","slug":"tout-de-travers-le-quotidien-pas-comme-les-autres-des-habitants-dans-les-immeubles-penches-de-nantes","status":"publish","type":"post","link":"https:\/\/www.europesays.com\/fr\/500608\/","title":{"rendered":"\u00ab\u00a0Tout de travers\u00a0\u00bb : le quotidien (pas comme les autres) des habitants dans les immeubles pench\u00e9s de Nantes"},"content":{"rendered":"<ul class=\"jsx-862013697 ArticleChapo__List\">\n<li class=\"jsx-862013697 ArticleChapo__List_Item flex\">Sacr\u00e9e curiosit\u00e9 observ\u00e9e \u00e0 Nantes en Loire-Atlantique : plusieurs b\u00e2timents ne sont pas droits, mais plut\u00f4t pench\u00e9s.<\/li>\n<li class=\"jsx-862013697 ArticleChapo__List_Item flex\">Comment les habitants vivent-ils \u00e0 l&rsquo;int\u00e9rieur ? Des locataires ont accept\u00e9 d&rsquo;ouvrir leurs portes \u00e0 une \u00e9quipe du 20H de TF1.<\/li>\n<\/ul>\n<p><a href=\"https:\/\/www.tf1info.fr\/emissions\/tf1\/le-13h-10927\/\" rel=\"noopener\" class=\"jsx-484472199 Link jsx-1428418400 jsx-640816507\" target=\"_blank\"><\/p>\n<p style=\"font-weight:400\" class=\"jsx-1837267516\">Suivez la couverture compl\u00e8te<\/p>\n<p style=\"font-weight:800\" class=\"jsx-1837267516\">Le 13H<\/p>\n<p><\/a><\/p>\n<p data-module=\"article-paragraph\" class=\"jsx-3046738180 Paragraph Paragraph__End\">\u00c0 Nantes, ils font tourner les t\u00eates et intriguent. Est-ce la fen\u00eatre qui n&rsquo;est pas droite ou le b\u00e2timent? \u00ab\u00a0Il est tout de travers, on dirait qu&rsquo;il va s&rsquo;effondrer par l\u00e0\u00a0\u00bb, remarque une passante en observant un immeuble. Plusieurs habitations du centre-ville, tels un ch\u00e2teau de cartes, semblent se soutenir les uns les autres. \u00ab\u00a0J&rsquo;imagine les enfants en train de jouer, avec des boules et que \u00e7a descend\u00a0\u00bb, sourit une habitante. Et ce jeune gar\u00e7on s&rsquo;en amuse aussi : \u00ab\u00a0J&rsquo;imagine que le sol est pench\u00e9, les gens doivent \u00eatre pench\u00e9s aussi.\u00a0\u00bb\u00a0<\/p>\n<p>Le casse-t\u00eate des fuites d&rsquo;eau<\/p>\n<p data-module=\"article-paragraph\" class=\"jsx-3046738180 Paragraph\">Une \u00e9quipe du 20h de TF1 a voulu v\u00e9rifier. R\u00e9gis Boudaud habite dans cet appartement depuis 10 ans. En apparence, tout ce qu&rsquo;il y a de plus normal, mais quand on regarde de plus pr\u00e8s, on aper\u00e7oit un amoncellement de livres. Ils maintiennent l&rsquo;\u00e9tag\u00e8re droite. Plus loin, une cale rehausse le lit de la chambre. Le sol n&rsquo;est pas droit, d\u00e9monstration faite dans la vid\u00e9o du 20H de TF1 en t\u00eate de cet article. R\u00e9gis prend une balle de golf et la d\u00e9pose au sol, sans lui donner aucun \u00e9lan. Elle glisse aussit\u00f4t. Cette inclinaison de quelques degr\u00e9s a de dr\u00f4les de cons\u00e9quences, notamment sur les fen\u00eatres, bien \u00e0 niveau, compar\u00e9 au b\u00e2timent. \u00ab\u00a0On est oblig\u00e9 d&rsquo;ajouter un pot de fleurs pour que cette derni\u00e8re reste ouverte\u00a0\u00bb, pr\u00e9cise R\u00e9gis.\u00a0<\/p>\n<p data-module=\"article-paragraph\" class=\"jsx-3046738180 Paragraph Paragraph__End\">Dans cet immeuble, presque tous les appartements sont pench\u00e9s. Pour ce syndic de copropri\u00e9t\u00e9s qui a r\u00e9cemment d\u00e9couvert cette curiosit\u00e9 architecturale, la recherche d&rsquo;une simple fuite d&rsquo;eau, devient un vrai casse-t\u00eate. \u00ab\u00a0On a d\u00fb cartographier le b\u00e2timent avec les espaces r\u00e9sidentiels, les diff\u00e9rents tuyaux d&rsquo;eau pour pouvoir d\u00e9terminer l&rsquo;origine de la fuite. \u00c9tant donn\u00e9 qu&rsquo;on n&rsquo;est pas sur de la verticalit\u00e9, \u00e7a nous avait pris un peu plus d&rsquo;une heure alors que d&rsquo;habitude, \u00e7a nous prend une vingtaine de minutes\u00a0\u00bb, relate Mathis Chevy, gestionnaire de copropri\u00e9t\u00e9 au sein de l&rsquo;agence \u00ab\u00a0G\u00e9rons-Immo\u00a0\u00bb \u00e0 Nantes.\u00a0<\/p>\n<p><a href=\"https:\/\/www.tf1info.fr\/traditions-et-patrimoine\/lecole-darchitecture-construit-le-plus-haut-ecran-de-nantes-1552367.html\" rel=\"noopener\" class=\"jsx-3308031228 Link flex\" target=\"_blank\"><img decoding=\"async\" src=\"https:\/\/www.europesays.com\/fr\/wp-content\/uploads\/2025\/10\/export_sb2n2mydad0e-ad6160-0@1x.jpeg\" alt=\"\" loading=\"lazy\" importance=\"low\" fetchpriority=\"low\" class=\"\" aria-hidden=\"true\"\/><\/p>\n<p class=\"jsx-3657663356 ReadMoreArticle__Title\">Lire aussi<\/p>\n<p class=\"jsx-3657663356\">L\u2019\u00e9cole d\u2019architecture construit le plus haut \u00e9cran de Nantes !<\/p>\n<p><\/a><\/p>\n<p data-module=\"article-paragraph\" class=\"jsx-3046738180 Paragraph Paragraph__End\">Pourquoi certains immeubles ne sont-ils pas droits ? \u00ab\u00a0Je pense que \u00e7a a pench\u00e9 parce qu&rsquo;il y a la Loire qui passe en dessous\u00a0\u00bb, explique une habitante. La proximit\u00e9 du fleuve est en effet une partie de la r\u00e9ponse. Au milieu du XVIIIe si\u00e8cle, Nantes est un port en plein essor. Il faut transformer les bords de Loire pour y construire des quais. \u00ab\u00a0Le chantier est lanc\u00e9, on est sur des pieux de bois, c&rsquo;est-\u00e0-dire des pilotis, un syst\u00e8me qu&rsquo;on appelle le radier, qui est une technique d&rsquo;enfoncement de pieux sur lequel on vient placer un plateau qui permet d&rsquo;installer la base de la construction\u00a0\u00bb, assure Agn\u00e8s Poras, guide conf\u00e9renci\u00e8re nantaise. Or, le sol tr\u00e8s sableux, voire mar\u00e9cageux, n&rsquo;est pas stable et s&rsquo;affaisse sous le poids des constructions jusqu&rsquo;au d\u00e9s\u00e9quilibre actuel. Les b\u00e2timents n&rsquo;ont presque plus boug\u00e9 et ne pr\u00e9sentent aucun danger d&rsquo;effondrement. \u00ab\u00a0Il y a des points de surveillance au regard de fissures qui peuvent appara\u00eetre sur certains b\u00e2tis, mais tout est mesur\u00e9 et l&rsquo;\u00e9volution est relativement stabilis\u00e9e\u00a0\u00bb, tient \u00e0 rassurer Agn\u00e8s Poras. Aujourd&rsquo;hui, ces immeubles sont devenus une signature du patrimoine nantais. \u00c0 l&rsquo;image de cet h\u00f4tel, construit volontairement en biais.<\/p>\n<p>La r\u00e9daction de TF1  | Reportage Jules BEAUCAMP, Guillaume COLLEONI<\/p>\n","protected":false},"excerpt":{"rendered":"Sacr\u00e9e curiosit\u00e9 observ\u00e9e \u00e0 Nantes en Loire-Atlantique : plusieurs b\u00e2timents ne sont pas droits, mais plut\u00f4t pench\u00e9s. Comment&hellip;\n","protected":false},"author":2,"featured_media":500609,"comment_status":"","ping_status":"","sticky":false,"template":"","format":"standard","meta":{"footnotes":""},"categories":[2818],"tags":[1111,11,1921,1777,674,1011,27,1922,1757,5008,766,12,2636,25,133,5010],"class_list":{"0":"post-500608","1":"post","2":"type-post","3":"status-publish","4":"format-standard","5":"has-post-thumbnail","7":"category-nantes","8":"tag-actu","9":"tag-actualites","10":"tag-article-video","11":"tag-eu","12":"tag-europe","13":"tag-fr","14":"tag-france","15":"tag-info","16":"tag-insolite","17":"tag-le-13h","18":"tag-nantes","19":"tag-news","20":"tag-pays-de-la-loire","21":"tag-republique-francaise","22":"tag-video","23":"tag-video-sujets-de-societe"},"share_on_mastodon":{"url":"https:\/\/pubeurope.com\/@fr\/115464706400042966","error":""},"_links":{"self":[{"href":"https:\/\/www.europesays.com\/fr\/wp-json\/wp\/v2\/posts\/500608","targetHints":{"allow":["GET"]}}],"collection":[{"href":"https:\/\/www.europesays.com\/fr\/wp-json\/wp\/v2\/posts"}],"about":[{"href":"https:\/\/www.europesays.com\/fr\/wp-json\/wp\/v2\/types\/post"}],"author":[{"embeddable":true,"href":"https:\/\/www.europesays.com\/fr\/wp-json\/wp\/v2\/users\/2"}],"replies":[{"embeddable":true,"href":"https:\/\/www.europesays.com\/fr\/wp-json\/wp\/v2\/comments?post=500608"}],"version-history":[{"count":0,"href":"https:\/\/www.europesays.com\/fr\/wp-json\/wp\/v2\/posts\/500608\/revisions"}],"wp:featuredmedia":[{"embeddable":true,"href":"https:\/\/www.europesays.com\/fr\/wp-json\/wp\/v2\/media\/500609"}],"wp:attachment":[{"href":"https:\/\/www.europesays.com\/fr\/wp-json\/wp\/v2\/media?parent=500608"}],"wp:term":[{"taxonomy":"category","embeddable":true,"href":"https:\/\/www.europesays.com\/fr\/wp-json\/wp\/v2\/categories?post=500608"},{"taxonomy":"post_tag","embeddable":true,"href":"https:\/\/www.europesays.com\/fr\/wp-json\/wp\/v2\/tags?post=500608"}],"curies":[{"name":"wp","href":"https:\/\/api.w.org\/{rel}","templated":true}]}}