{"id":500614,"date":"2025-10-30T19:14:11","date_gmt":"2025-10-30T19:14:11","guid":{"rendered":"https:\/\/www.europesays.com\/fr\/500614\/"},"modified":"2025-10-30T19:14:11","modified_gmt":"2025-10-30T19:14:11","slug":"trois-accidents-a-lheure-de-pointe-sur-le-peripherique-de-toulouse-des-bouchons-en-cours","status":"publish","type":"post","link":"https:\/\/www.europesays.com\/fr\/500614\/","title":{"rendered":"Trois accidents \u00e0 l&rsquo;heure de pointe sur le p\u00e9riph\u00e9rique de Toulouse : des bouchons en cours"},"content":{"rendered":"<p>            Par<br \/>\n        <strong><br \/>\n            <a href=\"https:\/\/actu.fr\/auteur\/mareva-laville-actu-fr\" title=\"Consulter tous les articles de Mar\u00e9va Laville\" target=\"_blank\" rel=\"noopener\">Mar\u00e9va Laville<\/a><br \/>\n        <\/strong><\/p>\n<p>        Publi\u00e9 le<\/p>\n<p>            30 oct. 2025 \u00e0 18h18        <\/p>\n<p>Les difficult\u00e9s s\u2019accumulent ce jeudi 30\u00a0octobre 2025 sur le <a href=\"https:\/\/actu.fr\/tag\/peripherique-de-toulouse\" target=\"_blank\" rel=\"noopener\">p\u00e9riph\u00e9rique de Toulouse<\/a>. Vers 18h, un accident a eu lieu dans le <strong>sens int\u00e9rieur<\/strong> au niveau des Ponts-Jumeaux.<\/p>\n<p class=\" wall-content\">Le v\u00e9hicule accident\u00e9 se trouve sur la voie de droite, d\u2019apr\u00e8s les informations Bison Fut\u00e9. Il g\u00e9n\u00e8re quelques kilom\u00e8tres de bouchons. Vers 9h, on en recensait environ<strong> 3\u00a0km dans le sens sud-nord.<\/strong><\/p>\n<p>Un deuxi\u00e8me accident dans l\u2019autre sens<\/p>\n<p class=\" wall-content\">Un peu plus au sud, au niveau de l\u2019hippodrome, un troisi\u00e8me accident s\u2019est ajout\u00e9 \u00e0 la s\u00e9rie. Dans le sens nord-sud, cette fois-ci, sur le p\u00e9riph\u00e9rique int\u00e9rieur, deux voitures sont impliqu\u00e9es. Elles se trouvent sur la voie de gauche.\u00a0<\/p>\n<p>Deux-roues et voiture \u00e0 Blagnac<\/p>\n<p class=\" wall-content\">Autre accident, non loin, sur<strong> l\u2019A621.<\/strong> Depuis Toulouse en direction de <a href=\"https:\/\/actu.fr\/occitanie\/blagnac_31069\" target=\"_blank\" rel=\"noopener\"><strong>Blagnac<\/strong><\/a>, <strong>un deux-roues et une voiture<\/strong> ont aussi subi un accident. Ils se trouvent sur le secteur de Blagnac et provoquent des embouteillages sur <strong>1,5\u00a0km, sur l\u2019ensemble des voies.<\/strong><\/p>\n<p class=\" wall-content\">Personnalisez votre actualit\u00e9 en ajoutant vos villes et m\u00e9dias en favori avec <a href=\"https:\/\/moncompte.actu.fr\" title=\"D\u00e9couvez Mon Actu\" rel=\"nofollow noopener\" data-trk=\"{&quot;cta&quot;:{&quot;action&quot;:&quot;https:\\\/\\\/moncompte.actu.fr&quot;,&quot;category&quot;:&quot;mon compte&quot;,&quot;from&quot;:&quot;article footer&quot;,&quot;name&quot;:&quot;Mon actu&quot;,&quot;type&quot;:&quot;cta&quot;}}\" target=\"_blank\">Mon Actu<\/a>.<\/p>\n","protected":false},"excerpt":{"rendered":"Par Mar\u00e9va Laville Publi\u00e9 le 30 oct. 2025 \u00e0 18h18 Les difficult\u00e9s s\u2019accumulent ce jeudi 30\u00a0octobre 2025 sur&hellip;\n","protected":false},"author":2,"featured_media":274123,"comment_status":"","ping_status":"","sticky":false,"template":"","format":"standard","meta":{"footnotes":""},"categories":[2816],"tags":[119,1111,11,1777,674,118,1011,27,12,2680,4800,25,2312],"class_list":{"0":"post-500614","1":"post","2":"type-post","3":"status-publish","4":"format-standard","5":"has-post-thumbnail","7":"category-toulouse","8":"tag-accident","9":"tag-actu","10":"tag-actualites","11":"tag-eu","12":"tag-europe","13":"tag-faits-divers","14":"tag-fr","15":"tag-france","16":"tag-news","17":"tag-occitanie","18":"tag-peripherique-de-toulouse","19":"tag-republique-francaise","20":"tag-toulouse"},"share_on_mastodon":{"url":"https:\/\/pubeurope.com\/@fr\/115464717210125738","error":""},"_links":{"self":[{"href":"https:\/\/www.europesays.com\/fr\/wp-json\/wp\/v2\/posts\/500614","targetHints":{"allow":["GET"]}}],"collection":[{"href":"https:\/\/www.europesays.com\/fr\/wp-json\/wp\/v2\/posts"}],"about":[{"href":"https:\/\/www.europesays.com\/fr\/wp-json\/wp\/v2\/types\/post"}],"author":[{"embeddable":true,"href":"https:\/\/www.europesays.com\/fr\/wp-json\/wp\/v2\/users\/2"}],"replies":[{"embeddable":true,"href":"https:\/\/www.europesays.com\/fr\/wp-json\/wp\/v2\/comments?post=500614"}],"version-history":[{"count":0,"href":"https:\/\/www.europesays.com\/fr\/wp-json\/wp\/v2\/posts\/500614\/revisions"}],"wp:featuredmedia":[{"embeddable":true,"href":"https:\/\/www.europesays.com\/fr\/wp-json\/wp\/v2\/media\/274123"}],"wp:attachment":[{"href":"https:\/\/www.europesays.com\/fr\/wp-json\/wp\/v2\/media?parent=500614"}],"wp:term":[{"taxonomy":"category","embeddable":true,"href":"https:\/\/www.europesays.com\/fr\/wp-json\/wp\/v2\/categories?post=500614"},{"taxonomy":"post_tag","embeddable":true,"href":"https:\/\/www.europesays.com\/fr\/wp-json\/wp\/v2\/tags?post=500614"}],"curies":[{"name":"wp","href":"https:\/\/api.w.org\/{rel}","templated":true}]}}