{"id":500631,"date":"2025-10-30T19:26:14","date_gmt":"2025-10-30T19:26:14","guid":{"rendered":"https:\/\/www.europesays.com\/fr\/500631\/"},"modified":"2025-10-30T19:26:14","modified_gmt":"2025-10-30T19:26:14","slug":"carte-pour-halloween-la-prefecture-de-police-interdit-defiles-et-rassemblements-dans-le-centre-de-paris","status":"publish","type":"post","link":"https:\/\/www.europesays.com\/fr\/500631\/","title":{"rendered":"CARTE. Pour Halloween, la pr\u00e9fecture de Police interdit d\u00e9fil\u00e9s et rassemblements dans le centre de Paris"},"content":{"rendered":"<p>            Par<br \/>\n        <strong><br \/>\n            <a href=\"https:\/\/actu.fr\/auteur\/redaction-paris\" title=\"Consulter tous les articles de R\u00e9daction Paris\" target=\"_blank\" rel=\"noopener\">R\u00e9daction Paris<\/a><br \/>\n        <\/strong><\/p>\n<p>        Publi\u00e9 le<\/p>\n<p>            30 oct. 2025 \u00e0 17h39        <\/p>\n<p>Une soir\u00e9e d\u2019Halloween sous contr\u00f4le. La <a href=\"https:\/\/actu.fr\/tag\/prefecture-de-police-de-paris\" target=\"_blank\" rel=\"noopener\">pr\u00e9fecture de Police de Paris<\/a> vient de publier un arr\u00eat\u00e9 <strong>interdisant les rassemblements et les d\u00e9fil\u00e9s<\/strong> dans le <a href=\"https:\/\/actu.fr\/tag\/paris-les-halles\" target=\"_blank\" rel=\"noopener\">quartier des Halles<\/a> (au sens large), pour la soir\u00e9e du 31 octobre 2025.\u00a0<\/p>\n<p>Un p\u00e9rim\u00e8tre de s\u00e9curit\u00e9\u00a0<\/p>\n<p class=\" wall-content\">Des appels aux rassemblements auraient \u00e9t\u00e9 lanc\u00e9s sur les r\u00e9seaux sociaux, laissant craindre aux autorit\u00e9s \u00ab\u00a0un afflux massif de personnes\u00a0\u00bb et des <strong>d\u00e9bordements<\/strong>. Les autorit\u00e9s citent notamment les incidents survenus ces derni\u00e8res semaines, suite \u00e0 <a href=\"https:\/\/actu.fr\/ile-de-france\/paris_75056\/video-paris-apres-l-annulation-du-concert-du-groupe-l2b-la-situation-degenere-completement-aux-halles_63288053.html\" target=\"_blank\" rel=\"noopener\">l\u2019annulation d\u2019un concert d\u2019un groupe de rap<\/a>, \u00e0 l\u2019occasion de l\u2019ouverture d\u2019une enseigne de restauration rapide ou encore apr\u00e8s l\u2019annonce d\u2019une op\u00e9ration de distribution de repas gratuits.<\/p>\n<p class=\" wall-content\">Ainsi, \u00ab\u00a0la pr\u00e9sence et la circulation des personnes participant \u00e0 des cort\u00e8ges, d\u00e9fil\u00e9s et rassemblements qui n\u2019ont pas \u00e9t\u00e9 d\u00e9clar\u00e9s, dans les conditions fix\u00e9es par la loi, sont interdites du <strong>vendredi 31 octobre 2025 \u00e0 17 heures<\/strong> jusqu\u2019au <strong>samedi 1\u1d49\u02b3 novembre 2025 \u00e0 2 heures<\/strong>\u00ab\u00a0, d\u00e9taille l\u2019arr\u00eat\u00e9.<\/p>\n<p>    <img   decoding=\"async\" loading=\"lazy\" src=\"https:\/\/www.europesays.com\/fr\/wp-content\/uploads\/2025\/10\/arrete-2025-01439-perimetrique-halloween-31-octobreodt-google-chrome-960x640.jpg\" alt=\"Les d\u00e9fil\u00e9s et rassemblements seront interdits dans toute une partie du centre de Paris pour la soir\u00e9e du 31 octobre 2025.\" width=\"960\" height=\"640\"\/><br \/>\n    Les d\u00e9fil\u00e9s et rassemblements seront interdits dans toute une partie du centre de Paris pour la soir\u00e9e du 31 octobre 2025. (\u00a9Pr\u00e9fecture de Police de Paris)<\/p>\n<p class=\" wall-content\">Un <strong>p\u00e9rim\u00e8tre de s\u00e9curit\u00e9<\/strong> a \u00e9t\u00e9 instaur\u00e9 dans lequel sera interdit le port et le transport d\u2019armes par nature, de tous objets susceptibles de constituer une arme, d\u2019artifices de divertissement, d\u2019articles pyrotechniques, de m\u00e9langes dangereux, inflammables ou corrosifs, ainsi que des \u00e9quipements de protection destin\u00e9s \u00e0 mettre en \u00e9chec une partie des moyens utilis\u00e9s par les forces de l\u2019ordre.<\/p>\n<p class=\" wall-content\">Personnalisez votre actualit\u00e9 en ajoutant vos villes et m\u00e9dias en favori avec <a href=\"https:\/\/moncompte.actu.fr\" title=\"D\u00e9couvez Mon Actu\" rel=\"nofollow noopener\" data-trk=\"{&quot;cta&quot;:{&quot;action&quot;:&quot;https:\\\/\\\/moncompte.actu.fr&quot;,&quot;category&quot;:&quot;mon compte&quot;,&quot;from&quot;:&quot;article footer&quot;,&quot;name&quot;:&quot;Mon actu&quot;,&quot;type&quot;:&quot;cta&quot;}}\" target=\"_blank\">Mon Actu<\/a>.<\/p>\n","protected":false},"excerpt":{"rendered":"Par R\u00e9daction Paris Publi\u00e9 le 30 oct. 2025 \u00e0 17h39 Une soir\u00e9e d\u2019Halloween sous contr\u00f4le. La pr\u00e9fecture de&hellip;\n","protected":false},"author":2,"featured_media":500632,"comment_status":"","ping_status":"","sticky":false,"template":"","format":"standard","meta":{"footnotes":""},"categories":[1888],"tags":[11,1777,674,1011,27,20815,12,626,1931,25,104],"class_list":{"0":"post-500631","1":"post","2":"type-post","3":"status-publish","4":"format-standard","5":"has-post-thumbnail","7":"category-paris","8":"tag-actualites","9":"tag-eu","10":"tag-europe","11":"tag-fr","12":"tag-france","13":"tag-halloween","14":"tag-news","15":"tag-paris","16":"tag-prefecture-de-police-de-paris","17":"tag-republique-francaise","18":"tag-societe"},"share_on_mastodon":{"url":"https:\/\/pubeurope.com\/@fr\/115464766794359366","error":""},"_links":{"self":[{"href":"https:\/\/www.europesays.com\/fr\/wp-json\/wp\/v2\/posts\/500631","targetHints":{"allow":["GET"]}}],"collection":[{"href":"https:\/\/www.europesays.com\/fr\/wp-json\/wp\/v2\/posts"}],"about":[{"href":"https:\/\/www.europesays.com\/fr\/wp-json\/wp\/v2\/types\/post"}],"author":[{"embeddable":true,"href":"https:\/\/www.europesays.com\/fr\/wp-json\/wp\/v2\/users\/2"}],"replies":[{"embeddable":true,"href":"https:\/\/www.europesays.com\/fr\/wp-json\/wp\/v2\/comments?post=500631"}],"version-history":[{"count":0,"href":"https:\/\/www.europesays.com\/fr\/wp-json\/wp\/v2\/posts\/500631\/revisions"}],"wp:featuredmedia":[{"embeddable":true,"href":"https:\/\/www.europesays.com\/fr\/wp-json\/wp\/v2\/media\/500632"}],"wp:attachment":[{"href":"https:\/\/www.europesays.com\/fr\/wp-json\/wp\/v2\/media?parent=500631"}],"wp:term":[{"taxonomy":"category","embeddable":true,"href":"https:\/\/www.europesays.com\/fr\/wp-json\/wp\/v2\/categories?post=500631"},{"taxonomy":"post_tag","embeddable":true,"href":"https:\/\/www.europesays.com\/fr\/wp-json\/wp\/v2\/tags?post=500631"}],"curies":[{"name":"wp","href":"https:\/\/api.w.org\/{rel}","templated":true}]}}