{"id":500633,"date":"2025-10-30T19:27:42","date_gmt":"2025-10-30T19:27:42","guid":{"rendered":"https:\/\/www.europesays.com\/fr\/500633\/"},"modified":"2025-10-30T19:27:42","modified_gmt":"2025-10-30T19:27:42","slug":"quelles-sont-les-nocturnes-des-musees-en-novembre-2025","status":"publish","type":"post","link":"https:\/\/www.europesays.com\/fr\/500633\/","title":{"rendered":"quelles sont les nocturnes des mus\u00e9es en novembre 2025 ?"},"content":{"rendered":"<p class=\"editor-content__paragraph\">Les temp\u00e9ratures et le moral baissent\u00a0? Rien de tel qu\u2019une <strong>visite au mus\u00e9e<\/strong> pour se remettre en forme. De nombreux sites parisiens proposent en effet <strong>des nocturnes <\/strong>certains jours de la semaine (en particulier le mercredi et le jeudi)\u00a0: de quoi d\u00e9couvrir les <strong>expositions<\/strong> les plus en vogue ou <strong>(re)voir les collections<\/strong> de nos iconiques mus\u00e9es\u00a0!<\/p>\n<p class=\"editor-content__paragraph\">\u00c0 chacun son jour\u00a0! Scrutez bien notre semainier pour ne pas risquer de trouver portes closes. <strong>Georges de La Tour<\/strong>, <strong>John Singer Sargent<\/strong> ou encore Pierre Soulages\u2026 Il y en a bien s\u00fbr pour tous les go\u00fbts dans les mus\u00e9es parisiens. Pour vous aider \u00e0 choisir, n\u2019h\u00e9sitez pas \u00e0 consulter <a href=\"https:\/\/www.beauxarts.com\/expos\/richter-david-minimal-art-deco-que-valent-vraiment-les-grandes-expositions-du-moment-a-paris\/\" target=\"_blank\" rel=\"noopener\"><strong>nos avis sur les grandes expositions de l\u2019automne<\/strong><\/a>. Petite chose \u00e0 savoir\u00a0: il y a aussi souvent <strong>moins de monde en soir\u00e9e <\/strong>!<\/p>\n<p>        \u00c0 lire aussi :<br \/>\n        <a class=\"renvoi-explicite__link\" href=\"https:\/\/www.beauxarts.com\/expos\/richter-david-minimal-art-deco-que-valent-vraiment-les-grandes-expositions-du-moment-a-paris\/\" target=\"_blank\" rel=\"noopener\">Richter, David, Minimal, Art d\u00e9co\u2026 Que valent vraiment les grandes expositions du moment \u00e0 Paris ?<\/a><\/p>\n<p>Les nocturnes du lundi<\/p>\n<p class=\"editor-content__paragraph\">\u00c0 l\u2019exception du mardi, le <strong>Palais de Tokyo<\/strong> et ses multiples expositions ouvrent tous les jours de 12h \u00e0 22h.<\/p>\n<p class=\"annexe-content__infos\">13, avenue du Pr\u00e9sident Wilson \u2022 75116 Paris<br \/><a href=\"http:\/\/www.palaisdetokyo.com\/\" target=\"_blank\" rel=\"noopener\">www.palaisdetokyo.com<\/a><\/p>\n<p><strong>Le mus\u00e9e du Luxembourg \u2013 Jusqu\u2019\u00e0 22h \u00e0 partir du 22\u00a0septembre<\/strong><\/p>\n<p class=\"editor-content__paragraph\">Aux abords du<strong> jardin du Luxembourg<\/strong>, le mus\u00e9e fut l\u2019une des premi\u00e8res institutions d\u2019art ancien ouverte au public. Occupant les espaces du palais du Luxembourg o\u00f9 si\u00e8ge aujourd\u2019hui le S\u00e9nat, il n\u2019abrite plus de collection permanente mais propose <strong>deux expositions par an<\/strong>, mettant \u00e0 l\u2019honneur de grandes figures de l\u2019art moderne et de la photographie. D\u00e9couvrez en ce moment l\u2019exposition consacr\u00e9e au ma\u00eetre de l\u2019 \u00ab\u00a0outrenoir\u00a0\u00bb, <a href=\"https:\/\/www.beauxarts.com\/grand-format\/pierre-soulages-en-2-minutes\/\" target=\"_blank\" rel=\"noopener\"><strong>Pierre Soulages<\/strong><\/a>.<\/p>\n<p>  Arrow<\/p>\n<p>Soulages. Une autre lumi\u00e8re<\/p>\n<p>Du 17 septembre 2025 au 11 janvier 2026<\/p>\n<p class=\"url-expo\"><a href=\"https:\/\/museeduluxembourg.fr\/fr\/agenda\/evenement\/soulages-une-autre-lumiere\" target=\"_blank\" rel=\"noopener\">museeduluxembourg.fr<\/a><\/p>\n<p class=\"annexe-content__infos\">Mus\u00e9e du Luxembourg \u2022 19, rue de Vaugirard \u2022 75006 Paris<br \/><a href=\"http:\/\/museeduluxembourg.fr\/\" target=\"_blank\" rel=\"noopener\">museeduluxembourg.fr<\/a><\/p>\n<p>Les nocturnes du mardi<br \/>\n<strong>BnF Richelieu \u2013 Jusqu\u2019\u00e0 20h<\/strong><\/p>\n<p>    <img loading=\"lazy\" decoding=\"async\" class=\"image__img\" src=\"https:\/\/www.europesays.com\/fr\/wp-content\/uploads\/2025\/10\/dscf4375-964x723.jpg\" alt=\"Salle Ovale du site Richelieu de la Biblioth\u00e8que nationale de France (BnF), dont les travaux de restauration se sont achev\u00e9s en 2022\" width=\"964\" height=\"723\"\/><\/p>\n<p>Salle Ovale du site Richelieu de la Biblioth\u00e8que nationale de France (BnF), dont les travaux de restauration se sont achev\u00e9s en 2022<\/p>\n<p>    i<\/p>\n<p class=\"editor-content__paragraph\">Manuscrits rares, estampes, photographies, enluminures\u2026 Berceau historique de la Biblioth\u00e8que nationale de France, le site Richelieu regorge de <strong>tr\u00e9sors<\/strong>\u00a0! R\u00e9ouvert en 2022\u00a0suite \u00e0 une mue spectaculaire, il accueille dans la galerie Mansart\u00a0<strong>deux expositions temporaires par an<\/strong> qui compl\u00e8tent celles du <strong>site Fran\u00e7ois-Mitterrand<\/strong> dans le 13e arrondissement, ouvert quant \u00e0 lui tous les jours, sauf le dimanche, jusqu\u2019\u00e0 20h.<\/p>\n<p>  Arrow<\/p>\n<p>Impressions nabies. Bonnard, Vuillard, Denis, Vallotton<\/p>\n<p>Du 9 septembre 2025 au 11 janvier 2026<\/p>\n<p class=\"url-expo\"><a href=\"https:\/\/www.bnf.fr\/fr\/agenda\/impressions-nabies\" target=\"_blank\" rel=\"noopener\">www.bnf.fr<\/a><\/p>\n<p class=\"annexe-content__infos\">Bnf &#8211; Site Richelieu \u2022 5 Rue Vivienne \u2022 75002 Paris<br \/><a href=\"https:\/\/www.bnf.fr\/fr\/richelieu\" target=\"_blank\" rel=\"noopener\">www.bnf.fr<\/a><\/p>\n<p>        \u00c0 lire aussi :<br \/>\n        <a class=\"renvoi-explicite__link\" href=\"https:\/\/www.beauxarts.com\/expos\/les-nabis-et-lestampe-une-folle-creativite-qui-fait-forte-impression\/\" target=\"_blank\" rel=\"noopener\">Les Nabis et l\u2019estampe : une folle cr\u00e9ativit\u00e9 qui fait forte impression !<\/a><\/p>\n<p><strong>Le Jeu de Paume \u2013 Jusqu\u2019\u00e0 21h<\/strong><\/p>\n<p class=\"editor-content__paragraph\">C\u2019est un des<strong> lieux majeurs de la photographie<\/strong> \u00e0 Paris\u00a0! Situ\u00e9 dans le jardin des Tuileries aux abords de la place de la Concorde, le Jeu de Paume a d\u2019abord accueilli \u00e0 ses origines, sous Napol\u00e9on III, un court de jeu de paume, anc\u00eatre du tennis, avant de devenir un lieu d\u2019exposition rattach\u00e9 au mus\u00e9e du Luxembourg. Depuis 2004, l\u2019institution se consacre \u00e0 la photographie avec des <strong>expos temporaires<\/strong>, des conf\u00e9rences et projections de films. En ce moment, le mus\u00e9e consacre une exposition au photo-reporter <strong>Luc Delahaye<\/strong>.\u00a0<\/p>\n<p>  Arrow<\/p>\n<p>Luc Delahaye. Le bruit du monde<\/p>\n<p>Du 10 octobre 2025 au 4 janvier 2026<\/p>\n<p class=\"url-expo\"><a href=\"https:\/\/jeudepaume.org\/evenement\/exposition-luc-delahaye\/\" target=\"_blank\" rel=\"noopener\">jeudepaume.org<\/a><\/p>\n<p class=\"annexe-content__infos\">Jeu de Paume \u2022 1, place de la Concorde \u2022 75008 Paris<br \/><a href=\"http:\/\/www.jeudepaume.org\/index.php\" target=\"_blank\" rel=\"noopener\">www.jeudepaume.org<\/a><\/p>\n<p><strong>Fondation Cartier pour l\u2019art contemporain \u2013 Jusqu\u2019\u00e0 22h<\/strong><\/p>\n<p class=\"editor-content__paragraph\">F\u00e9rus d\u2019art contemporain\u00a0? Foncez \u00e0 la <strong>fondation Cartier fra\u00eechement inaugur\u00e9e<\/strong>, d\u00e9sormais implant\u00e9e pr\u00e8s du <strong>Louvre<\/strong>. Cette institution priv\u00e9e n\u00e9e en 1984\u00a0et autrefois situ\u00e9e boulevard Raspail propose des accrochages audacieux autour<strong> de l\u2019architecture, du design et des arts visuels contemporains<\/strong>.<\/p>\n<p>  Arrow<\/p>\n<p>Exposition g\u00e9n\u00e9rale<\/p>\n<p>Du 25 octobre 2025 au 23 ao\u00fbt 2026<\/p>\n<p class=\"url-expo\"><a href=\"https:\/\/www.fondationcartier.com\/programme\/evenements\/week-end-d-ouverture\" target=\"_blank\" rel=\"noopener\">www.fondationcartier.com<\/a><\/p>\n<p class=\"annexe-content__infos\">Fondation Cartier pour l&rsquo;art contemporain \u2022 2 Place du Palais Royal \u2022 75001 Paris<br \/><a href=\"https:\/\/www.fondationcartier.com\" target=\"_blank\" rel=\"noopener\">www.fondationcartier.com<\/a><\/p>\n<p>        \u00c0 lire aussi :<br \/>\n        <a class=\"renvoi-explicite__link\" href=\"https:\/\/www.beauxarts.com\/expos\/immense-et-innovante-la-fondation-cartier-inaugure-son-nouvel-espace-au-coeur-de-paris-avec-une-expo-best-of\/\" target=\"_blank\" rel=\"noopener\">Immense et ouverte sur la ville, la fondation Cartier inaugure son nouvel espace au c\u0153ur de Paris avec une expo \u00ab best of \u00bb<\/a><\/p>\n<p>Les nocturnes du mercredi<\/p>\n<p class=\"editor-content__paragraph\">Alors que le <strong>Palais de Tokyo <\/strong>ouvre ses portes jusqu\u2019\u00e0 22h, et <strong>le Louvre<\/strong>, jusqu\u2019\u00e0 21h, de nombreux mus\u00e9es organisent aussi des nocturnes le mercredi.<\/p>\n<p><strong>Mus\u00e9e du Louvre \u2013 Jusqu\u2019\u00e0 21h<\/strong><\/p>\n<p class=\"editor-content__paragraph\">Il est le mus\u00e9e le plus grand et le plus visit\u00e9 au monde\u00a0! Ancien palais royal datant du Moyen \u00c2ge, le <a href=\"https:\/\/www.beauxarts.com\/lifestyle\/le-louvre-un-musee-monde-a-paris\/\" target=\"_blank\" rel=\"noopener\">Louvre<\/a> fut transform\u00e9 au fil du temps jusqu\u2019\u00e0 devenir un mus\u00e9e ouvert au public en 1793. En 1988, il prend sa forme actuelle avec l\u2019inauguration de son <strong>iconique pyramide de verre<\/strong> de l\u2019architecte Ieoh Ming Pei (1917\u20132019). Le mus\u00e9e du Louvre abrite une foisonnante collection comptant plus de <strong>500\u00a0000 \u0153uvres<\/strong>, de l\u2019Antiquit\u00e9 jusqu\u2019\u00e0 1848\u00a0et de l\u2019Europe occidentale jusqu\u2019\u00e0 l\u2019Iran, via la Gr\u00e8ce, l\u2019\u00c9gypte et le Proche-Orient. Si les files d\u2019attente peuvent \u00eatre bien longues sans r\u00e9servation, profitez de sa nocturne pour visiter le mus\u00e9e en toute intimit\u00e9. Des <strong>mini-visites de 20\u00a0minutes<\/strong>, avec des guides-conf\u00e9renciers, sont organis\u00e9es lors de ces nocturnes <strong>tous les mercredis et vendredis<\/strong> dans le parcours permanent et dans les expositions du moment. Profitez de d\u00e9couvrir celle consacr\u00e9e \u00e0 <strong>Jacques-Louis David<\/strong>.<\/p>\n<p>  Arrow<\/p>\n<p>Jacques-Louis David<\/p>\n<p>Du 15 octobre 2025 au 26 janvier 2026<\/p>\n<p class=\"url-expo\"><a href=\"https:\/\/www.louvre.fr\/expositions-et-evenements\/expositions\/jacques-louis-david\" target=\"_blank\" rel=\"noopener\">www.louvre.fr<\/a><\/p>\n<p class=\"annexe-content__infos\">Mus\u00e9e du Louvre \u2022 Rue de Rivoli \u2022 75001 Paris<br \/><a href=\"http:\/\/www.louvre.fr\/\" target=\"_blank\" rel=\"noopener\">www.louvre.fr<\/a><\/p>\n<p><strong>Mus\u00e9e Maillol \u2013 Jusqu\u2019\u00e0 22h<\/strong><\/p>\n<p class=\"editor-content__paragraph\">D\u00e9di\u00e9 \u00e0 l\u2019\u0153uvre du sculpteur et peintre <strong><a href=\"https:\/\/www.beauxarts.com\/grand-format\/aristide-maillol-en-2-minutes\/\" target=\"_blank\" rel=\"noopener\">Aristide Maillol<\/a> <\/strong>(1861\u20131944), ce mus\u00e9e sis dans un h\u00f4tel particulier de la rue de Grenelle a \u00e9t\u00e9 inaugur\u00e9 en 1995\u00a0par la muse de l\u2019artiste, Dina Vierny. Outre sa <strong>belle collection d\u2019art moderne<\/strong> et d\u2019\u0153uvres sign\u00e9es de l\u2019artiste nabi, le mus\u00e9e Maillol organise des <strong>expositions temporaires aux th\u00e8mes vari\u00e9s<\/strong>, allant de la photographie \u00e0 l\u2019art contemporain et la bande dessin\u00e9e. D\u00e9couvrez, d\u00e8s le 14\u00a0novembre, l\u2019exposition r\u00e9jouissante consacr\u00e9e aux dessins de <strong>Philippe Geluck et \u00e0 son fameux Chat<\/strong>.<\/p>\n<p>  Arrow<\/p>\n<p>Geluck expose Le Chat<\/p>\n<p class=\"url-expo\"><a href=\"https:\/\/museemaillol.com\/expositions\/geluck-expose-le-chat\/\" target=\"_blank\" rel=\"noopener\">museemaillol.com<\/a><\/p>\n<p class=\"annexe-content__infos\">Mus\u00e9e Maillol \u2022 59-61 Rue de Grenelle \u2022 75007 Paris<br \/><a href=\"http:\/\/www.museemaillol.com\" target=\"_blank\" rel=\"noopener\">www.museemaillol.com<\/a><\/p>\n<p><strong>Monnaie de Paris \u2013 Jusqu\u2019\u00e0 21h<\/strong><\/p>\n<p class=\"editor-content__paragraph\">C\u2019est l\u2019une des plus anciennes institutions fran\u00e7aises\u00a0!<strong> Cr\u00e9\u00e9e en 864<\/strong>, la Monnaie de Paris a pour mission de fabriquer la monnaie nationale mais fond \u00e9galement bijoux et m\u00e9dailles. Son site parisien de l\u2019h\u00f4tel de la Monnaie situ\u00e9 quai de Conti accueille aujourd\u2019hui des <strong>expositions, ateliers et \u00e9v\u00e9nements vari\u00e9s<\/strong> qui en font un espace culturel dynamique. Une grande r\u00e9trospective consacr\u00e9e \u00e0 <strong>Maurits Cornelis Escher<\/strong> ouvrira ses portes le<strong> 15\u00a0novembre<\/strong> prochain.<\/p>\n<p>  Arrow<\/p>\n<p>Maurits Cornelis Escher<\/p>\n<p>Du 15 novembre 2025 au 1 mars 2026<\/p>\n<p class=\"url-expo\"><a href=\"https:\/\/www.monnaiedeparis.fr\/fr\/exposition-mc-escher-paris\" target=\"_blank\" rel=\"noopener\">www.monnaiedeparis.fr<\/a><\/p>\n<p class=\"annexe-content__infos\">Monnaie de Paris \u2022 11, quai de Conti \u2022 75006 Paris<br \/><a href=\"https:\/\/www.monnaiedeparis.fr\/fr\" target=\"_blank\" rel=\"noopener\">www.monnaiedeparis.fr<\/a><\/p>\n<p><strong>Fondation Pernod Ricard \u2013 Jusqu\u2019\u00e0 21h<\/strong><\/p>\n<p class=\"editor-content__paragraph\">Institution priv\u00e9e, la <strong>fondation d\u2019entreprise Pernod Ricard<\/strong>, s\u2019est install\u00e9e en 2020\u00a0dans un espace con\u00e7u par <strong>NeM Architectes<\/strong>\u00a0dans le quartier de la gare Saint-Lazare. Espaces d\u2019exposition, librairie, caf\u00e9-restaurant\u2026 Elle offre de nombreux espaces en faveur de l\u2019expression de la <strong>sc\u00e8ne artistique contemporaine et \u00e9mergente<\/strong>. D\u00e9couvrez d\u00e8s le<strong> 18\u00a0novembre<\/strong> l\u2019exposition hivernale<strong> \u00ab\u00a0In the main in the more\u00a0\u00bb<\/strong>.<\/p>\n<p>  Arrow<\/p>\n<p>In the main in the more<\/p>\n<p>Du 18 novembre 2025 au 31 janvier 2026<\/p>\n<p class=\"url-expo\"><a href=\"https:\/\/www.fondation-pernod-ricard.com\/fr\/expo\/main-more\" target=\"_blank\" rel=\"noopener\">www.fondation-pernod-ricard.com<\/a><\/p>\n<p class=\"annexe-content__infos\">Fondation d&rsquo;Entreprise Pernod Ricard \u2022 1 Cours Paul Ricard \u2022 75008 Paris<br \/><a href=\"https:\/\/www.fondation-pernod-ricard.com\/\" target=\"_blank\" rel=\"noopener\">www.fondation-pernod-ricard.com<\/a><\/p>\n<p><strong>Mus\u00e9e d\u2019Art et d\u2019Histoire du juda\u00efsme (MAHJ) \u2013 Jusqu\u2019\u00e0 21h00<\/strong><\/p>\n<p>    <img loading=\"lazy\" decoding=\"async\" class=\"image__img\" src=\"https:\/\/www.europesays.com\/fr\/wp-content\/uploads\/2025\/10\/une4-964x723.jpg\" alt=\"Denise Bellon, Corposano\" width=\"964\" height=\"723\"\/><\/p>\n<p>Denise Bellon, Corposano, 1939<\/p>\n<p>    i<\/p>\n<p class=\"legende__cartel\">\u00a9 Denise Bellon \/ akg-images<\/p>\n<p class=\"editor-content__paragraph\"><strong>L\u2019histoire et les cultures juives<\/strong> sont \u00e0 l\u2019honneur au mahJ\u00a0! Avec sa foisonnante collection d\u2019objets, de manuscrits et d\u2019\u0153uvres d\u2019art, ce mus\u00e9e, nich\u00e9 dans<strong> un h\u00f4tel particulier<\/strong> du XVIIe si\u00e8cle, propose des expositions sur l\u2019histoire des communaut\u00e9s juives d\u2019Europe et de la M\u00e9diterran\u00e9e, de l\u2019Antiquit\u00e9 \u00e0 nos jours. D\u00e9couvrez en ce moment <a href=\"https:\/\/www.beauxarts.com\/expos\/denise-bellon-la-compagne-discrete-du-surrealisme-au-musee-dart-et-dhistoire-du-judaisme\/\" target=\"_blank\" rel=\"noopener\">l\u2019exposition r\u00e9v\u00e9lant la photographe <strong>Denise Bellon<\/strong><\/a>.<\/p>\n<p>  Arrow<\/p>\n<p>Denise Bellon. Un regard vagabond<\/p>\n<p>Du 9 octobre 2025 au 8 mars 2026<\/p>\n<p class=\"url-expo\"><a href=\"https:\/\/www.mahj.org\/fr\/programme\/denise-bellon-un-regard-vagabond-31499\" target=\"_blank\" rel=\"noopener\">www.mahj.org<\/a><\/p>\n<p class=\"annexe-content__infos\">Mus\u00e9e d&rsquo;art et d&rsquo;histoire du Juda\u00efsme \u2022 71 Rue du Temple \u2022 75003 Paris<br \/><a href=\"https:\/\/www.mahj.org\/fr\/\" target=\"_blank\" rel=\"noopener\">www.mahj.org<\/a><\/p>\n<p><strong>Mus\u00e9e de la Chasse et de la Nature \u2013 Jusqu\u2019\u00e0 21h30<\/strong><\/p>\n<p class=\"editor-content__paragraph\">Inaugur\u00e9 par Andr\u00e9 Malraux, <strong>le mus\u00e9e priv\u00e9 de la Chasse et de la Nature<\/strong> situ\u00e9 dans les h\u00f4tels de Gu\u00e9n\u00e9gaud et de Mongelas dans le Marais explore les rapports entre l\u2019humain et l\u2019animal. \u0152uvres d\u2019art, animaux naturalis\u00e9s, mobilier, orf\u00e8vrerie, armures\u2026 Ses collections \u00e9clectiques dialoguent r\u00e9guli\u00e8rement avec <strong>le travail d\u2019artistes contemporains \u00e0 l\u2019occasion d\u2019expositions temporaires<\/strong>. Un mus\u00e9e plein de charme \u00e0 l\u2019atmosph\u00e8re intimiste\u00a0!<\/p>\n<p>  Arrow<\/p>\n<p>La licorne, l&rsquo;\u00e9toile et la lune<\/p>\n<p>Du 14 octobre 2025 au 8 mars 2026<\/p>\n<p class=\"url-expo\"><a href=\"https:\/\/www.chassenature.org\/expositions\" target=\"_blank\" rel=\"noopener\">www.chassenature.org<\/a><\/p>\n<p class=\"annexe-content__infos\">Mus\u00e9e de la Chasse et de la Nature \u2022 62, rue des Archives \u2022 75003 Paris<br \/><a href=\"http:\/\/www.chassenature.org\" target=\"_blank\" rel=\"noopener\">www.chassenature.org<\/a><\/p>\n<p><strong>Mus\u00e9e Picasso \u2013 Nocturne le 1er mercredi du mois jusqu\u2019\u00e0 22h00<\/strong><\/p>\n<p class=\"editor-content__paragraph\">Peintures, sculptures, dessins, c\u00e9ramiques\u2026 Le mus\u00e9e Picasso install\u00e9 depuis 1985\u00a0dans l\u2019h\u00f4tel Sal\u00e9, au c\u0153ur du Marais, abrite <strong>l\u2019une des plus importantes collections d\u2019\u0153uvres de l\u2019<a href=\"https:\/\/www.beauxarts.com\/grand-format\/pablo-picasso-en-3-minutes\/\" target=\"_blank\" rel=\"noopener\">artiste espagnol<\/a><\/strong>. R\u00e9nov\u00e9 en 2014, il offre un parcours permanent prolong\u00e9 par des<strong> expositions temporaires<\/strong> qui permettent d\u2019embrasser largement l\u2019\u0153uvre prot\u00e9iforme de l\u2019artiste et ses r\u00e9sonances jusqu\u2019\u00e0 nos jours. Le mus\u00e9e accueille actuellement l\u2019\u0153uvre des artistes am\u00e9ricains <strong>Philip Guston et Raymond Pettibon<\/strong>.<\/p>\n<p>  Arrow<\/p>\n<p>Philip Guston. L\u2019ironie de l\u2019histoire<\/p>\n<p>Du 14 octobre 2025 au 1 mars 2026<\/p>\n<p class=\"url-expo\"><a href=\"https:\/\/www.museepicassoparis.fr\/fr\/philip-guston-lironie-de-lhistoire\" target=\"_blank\" rel=\"noopener\">www.museepicassoparis.fr<\/a><\/p>\n<p class=\"annexe-content__infos\">Mus\u00e9e national Picasso &#8211; Paris \u2022 5, rue de Thorigny \u2022 75003 Paris<br \/><a href=\"http:\/\/www.museepicassoparis.fr\/\" target=\"_blank\" rel=\"noopener\">www.museepicassoparis.fr<\/a><\/p>\n<p>  Arrow<\/p>\n<p>Raymond Pettibon. Underground<\/p>\n<p>Du 14 octobre 2025 au 1 mars 2026<\/p>\n<p class=\"url-expo\"><a href=\"https:\/\/www.museepicassoparis.fr\/fr\/raymond-pettibon-underground-0\" target=\"_blank\" rel=\"noopener\">www.museepicassoparis.fr<\/a><\/p>\n<p class=\"annexe-content__infos\">Mus\u00e9e national Picasso &#8211; Paris \u2022 5, rue de Thorigny \u2022 75003 Paris<br \/><a href=\"http:\/\/www.museepicassoparis.fr\/\" target=\"_blank\" rel=\"noopener\">www.museepicassoparis.fr<\/a><\/p>\n<p>  Arrow<\/p>\n<p>La collection. Revoir Picasso<\/p>\n<p>Du 12 mars 2024 au 12 mars 2027<\/p>\n<p class=\"url-expo\"><a href=\"https:\/\/www.museepicassoparis.fr\/fr\/la-collection-revoir-picasso\" target=\"_blank\" rel=\"noopener\">www.museepicassoparis.fr<\/a><\/p>\n<p class=\"annexe-content__infos\">Mus\u00e9e national Picasso &#8211; Paris \u2022 5, rue de Thorigny \u2022 75003 Paris<br \/><a href=\"http:\/\/www.museepicassoparis.fr\/\" target=\"_blank\" rel=\"noopener\">www.museepicassoparis.fr<\/a><\/p>\n<p>        \u00c0 lire aussi :<br \/>\n        <a class=\"renvoi-explicite__link\" href=\"https:\/\/www.beauxarts.com\/expos\/artiste-culte-de-lunderground-californien-raymond-pettibon-devoile-ses-dessins-feroces-au-musee-picasso\/\" target=\"_blank\" rel=\"noopener\">Artiste culte de l&rsquo;underground californien, Raymond Pettibon d\u00e9voile ses dessins f\u00e9roces au mus\u00e9e Picasso<\/a><\/p>\n<p>Les nocturnes du jeudi<br \/>\n<strong>Mus\u00e9e d\u2019Art moderne de Paris \u2013 Jusqu\u2019\u00e0 21h30<\/strong><\/p>\n<p class=\"editor-content__paragraph\">Dans le b\u00e2timent en face de celui du palais de Tokyo, le <strong>mus\u00e9e d\u2019Art moderne de Paris<\/strong> pr\u00e9sente un exceptionnel fonds de plus de 15\u00a0000 \u0153uvres allant du XXe si\u00e8cle \u00e0 nos jours\u00a0: Delaunay, Picasso, Braque, Chagall, Parreno, Doig\u2026 Parmi ses pi\u00e8ces ma\u00eetresses, la monumentale fresque de Raoul Dufy, La F\u00e9e \u00c9lectricit\u00e9 qui occupe une salle enti\u00e8re avec ses 250\u00a0panneaux. D\u00e9couvrez d\u00e8s \u00e0 pr\u00e9sent la programmation automnale du mus\u00e9e, autour de <strong>George Condo<\/strong> et <strong>Otobong Nkanga<\/strong>.<\/p>\n<p>Du 10 octobre 2025 au 8 f\u00e9vrier 2026<\/p>\n<p class=\"url-expo\"><a href=\"https:\/\/www.mam.paris.fr\/fr\/expositions\/exposition-george-condo\" target=\"_blank\" rel=\"noopener\">www.mam.paris.fr<\/a><\/p>\n<p class=\"annexe-content__infos\">MAM &#8211; Mus\u00e9e d&rsquo;Art moderne de Paris \u2022 11 Avenue du Pr\u00e9sident Wilson \u2022 75116 Paris<br \/><a href=\"http:\/\/www.mam.paris.fr\" target=\"_blank\" rel=\"noopener\">www.mam.paris.fr<\/a><\/p>\n<p>  Arrow<\/p>\n<p>Otobong Nkanga. I Dreamt of You in Colours<\/p>\n<p>Du 10 octobre 2025 au 22 f\u00e9vrier 2026<\/p>\n<p class=\"url-expo\"><a href=\"https:\/\/www.mam.paris.fr\/fr\/expositions\/exposition-otobong-nkanga\" target=\"_blank\" rel=\"noopener\">www.mam.paris.fr<\/a><\/p>\n<p class=\"annexe-content__infos\">MAM &#8211; Mus\u00e9e d&rsquo;Art moderne de Paris \u2022 11 Avenue du Pr\u00e9sident Wilson \u2022 75116 Paris<br \/><a href=\"http:\/\/www.mam.paris.fr\" target=\"_blank\" rel=\"noopener\">www.mam.paris.fr<\/a><\/p>\n<p>        \u00c0 lire aussi :<br \/>\n        <a class=\"renvoi-explicite__link\" href=\"https:\/\/www.beauxarts.com\/expos\/au-musee-dart-moderne-de-paris-lart-salvateur-de-la-creatrice-nigeriane-otobong-nkanga\/\" target=\"_blank\" rel=\"noopener\">Au mus\u00e9e d&rsquo;Art Moderne de Paris, l&rsquo;art salvateur de la cr\u00e9atrice nig\u00e9riane Otobong Nkanga<\/a><\/p>\n<p><strong>Mus\u00e9e du quai Branly \u2013 Jusqu\u2019\u00e0 22h<\/strong><\/p>\n<p class=\"editor-content__paragraph\">Sculptures, textiles, objets d\u2019art, instruments de musique\u2026 Abritant une collection de plus de <strong style=\"font-size: 1.125rem;\">370\u00a0000\u00a0objets<\/strong>, le mus\u00e9e du quai Branly \u2013 Jacques Chirac pr\u00e9sente des \u0153uvres des<strong style=\"font-size: 1.125rem;\"> civilisations d\u2019Afrique, d\u2019Asie, d\u2019Oc\u00e9anie et des Am\u00e9riques<\/strong>. Inaugur\u00e9 en 2006, ce mus\u00e9e con\u00e7u par l\u2019architecte Jean Nouvel et \u00e9difi\u00e9 non loin de la tour Eiffel, propose des expositions temporaires et une foule d\u2019\u00e9v\u00e9nements culturels toute l\u2019ann\u00e9e\u00a0! Une immersion dans les cultures extra-occidentales. Plongez actuellement dans <a href=\"https:\/\/www.beauxarts.com\/expos\/le-musee-du-quai-branly-explore-les-origines-mythiques-de-la-peinture-corporelle-amazonienne\/\" target=\"_blank\" rel=\"noopener\">l\u2019exposition consacr\u00e9e \u00e0 <strong>l\u2019Amazonie<\/strong> du point de vue autochtone<\/a>.\u00a0<\/p>\n<p>  Arrow<\/p>\n<p>Amaz\u00f4nia. Cr\u00e9ations et futurs autochtones<\/p>\n<p>Du 30 septembre 2025 au 18 janvier 2026<\/p>\n<p class=\"url-expo\"><a href=\"https:\/\/www.quaibranly.fr\/fr\/expositions-evenements\/au-musee\/expositions\/details-de-levenement\/e\/amazonia\" target=\"_blank\" rel=\"noopener\">www.quaibranly.fr<\/a><\/p>\n<p class=\"annexe-content__infos\">Mus\u00e9e du quai Branly &#8211; Jacques Chirac \u2022 37, quai Branly \u2022 75007 Paris<br \/><a href=\"http:\/\/www.quaibranly.fr\/\" target=\"_blank\" rel=\"noopener\">www.quaibranly.fr<\/a><\/p>\n<p>  Arrow<\/p>\n<p>Le fil voyageur racont\u00e9 par Sheila Hicks et Monique L\u00e9vi-Strauss<\/p>\n<p>Du 30 septembre 2025 au 8 mars 2026<\/p>\n<p class=\"url-expo\"><a href=\"https:\/\/www.quaibranly.fr\/fr\/expositions-evenements\/au-musee\/expositions\/details-de-levenement\/e\/le-fil-voyageur\" target=\"_blank\" rel=\"noopener\">www.quaibranly.fr<\/a><\/p>\n<p class=\"annexe-content__infos\">Mus\u00e9e du quai Branly &#8211; Jacques Chirac \u2022 37, quai Branly \u2022 75007 Paris<br \/><a href=\"http:\/\/www.quaibranly.fr\/\" target=\"_blank\" rel=\"noopener\">www.quaibranly.fr<\/a><\/p>\n<p>        \u00c0 lire aussi :<br \/>\n        <a class=\"renvoi-explicite__link\" href=\"https:\/\/www.beauxarts.com\/expos\/le-musee-du-quai-branly-explore-les-origines-mythiques-de-la-peinture-corporelle-amazonienne\/\" target=\"_blank\" rel=\"noopener\">Le mus\u00e9e du quai Branly explore les origines mythiques de la peinture corporelle amazonienne<\/a><\/p>\n<p><strong>Maison europ\u00e9enne de la photographie (MEP) \u2013 Jusqu\u2019\u00e0 22h <\/strong><\/p>\n<p class=\"editor-content__paragraph\">Install\u00e9e dans un h\u00f4tel particulier du XVIIIe si\u00e8cle en plein c\u0153ur du Marais, la Maison europ\u00e9enne de la photographie (MEP) poss\u00e8de une collection de plus de 12\u00a0000 \u0153uvres. Une <strong>place forte de la photographie<\/strong> \u00e0 Paris qui propose des <strong>expositions temporaires vari\u00e9es<\/strong>, une biblioth\u00e8que sp\u00e9cialis\u00e9e, une librairie et des ateliers toute l\u2019ann\u00e9e\u00a0! Le mus\u00e9e offre en ce moment une plong\u00e9e exceptionnelle dans l\u2019\u0153uvre du photographe <strong>Edward Weston<\/strong>.<\/p>\n<p>  Arrow<\/p>\n<p>Edward Weston. Modernit\u00e9 r\u00e9v\u00e9l\u00e9e<\/p>\n<p>Du 15 octobre 2025 au 25 janvier 2026<\/p>\n<p class=\"url-expo\"><a href=\"https:\/\/www.mep-fr.org\/event\/edward-weston-modernite-revelee\/\" target=\"_blank\" rel=\"noopener\">www.mep-fr.org<\/a><\/p>\n<p class=\"annexe-content__infos\">Maison europ\u00e9enne de la photographie &#8211; Paris \u2022 5\/7 Rue de Fourcy \u2022 75004 Paris<br \/><a href=\"https:\/\/www.mep-fr.org\" target=\"_blank\" rel=\"noopener\">www.mep-fr.org<\/a><\/p>\n<p><strong>Cit\u00e9 de l\u2019architecture et du patrimoine \u2013 Jusqu\u2019\u00e0 21h<\/strong><\/p>\n<p class=\"editor-content__paragraph\">M\u00e9connue, la Cit\u00e9 de l\u2019architecture et du patrimoine, situ\u00e9e dans la palais de Chaillot, est pourtant l\u2019un des mus\u00e9es les plus \u00e9tonnants de la capitale\u00a0! Notamment, gr\u00e2ce \u00e0 sa<strong> fabuleuse galerie des moulages<\/strong> o\u00f9 se trouve install\u00e9e une reproduction du monumental portail de l\u2019\u00e9glise-abbatiale de Moissac. Peintures murales grandeur nature, vitraux m\u00e9di\u00e9vaux, appartement t\u00e9moin de <a href=\"https:\/\/www.beauxarts.com\/grand-format\/le-corbusier-en-2-minutes\/\" target=\"_blank\" rel=\"noopener\">Le Corbusier<\/a>\u2026 Le parcours offre une <strong>immersion compl\u00e8te dans l\u2019histoire de l\u2019architecture<\/strong> en France.<\/p>\n<p>  Arrow<\/p>\n<p>Paris 1925. L\u2019Art d\u00e9co et ses architectes<\/p>\n<p>Du 22 octobre 2025 au 29 mars 2026<\/p>\n<p class=\"url-expo\"><a href=\"https:\/\/www.citedelarchitecture.fr\/fr\/agenda\/exposition\/paris-1925-l-art-deco-et-ses-architectes\" target=\"_blank\" rel=\"noopener\">www.citedelarchitecture.fr<\/a><\/p>\n<p class=\"annexe-content__infos\">Cit\u00e9 de l&rsquo;architecture et du patrimoine \u2022 1 Place du Trocad\u00e9ro et du 11 Novembre \u2022 75116 Paris<br \/><a href=\"https:\/\/www.citedelarchitecture.fr\/fr\" target=\"_blank\" rel=\"noopener\">www.citedelarchitecture.fr<\/a><\/p>\n<p><strong>Mus\u00e9e des Arts d\u00e9coratifs (MAD) \u2013 Jusqu\u2019\u00e0 21h<\/strong><\/p>\n<p>    <img loading=\"lazy\" decoding=\"async\" class=\"image__img\" src=\"https:\/\/www.europesays.com\/fr\/wp-content\/uploads\/2025\/10\/modmad_2025_poiret_05-964x723.jpg\" alt=\"Exposition \u00ab\u00a0Paul Poiret. La mode est une f\u00eate\u00a0\u00bb au MAD \u00e0 Paris\" width=\"964\" height=\"723\"\/><\/p>\n<p>Exposition \u00ab\u00a0Paul Poiret. La mode est une f\u00eate\u00a0\u00bb au MAD \u00e0 Paris<\/p>\n<p>    i<\/p>\n<p class=\"editor-content__paragraph\">Mode, design, arts de la table, graphisme, joaillerie\u2026 Tous les arts d\u00e9coratifs sont repr\u00e9sent\u00e9s dans cette institution fond\u00e9e en 1882\u00a0et en partie install\u00e9e dans les ailes de Rohan et de Marsan du palais du Louvre. Avec des \u0153uvres et objets du Moyen \u00c2ge \u00e0 nos jours, la visite est ponctu\u00e9e de<strong> period rooms<\/strong> qui reconstitue des int\u00e9rieurs embl\u00e9matiques de l\u2019histoire. La nef centrale du mus\u00e9e accueille des <strong>expositions d\u2019envergure<\/strong>. En ce moment, profitez de <a href=\"https:\/\/www.beauxarts.com\/expos\/100-ans-de-lart-deco-lapotheose-dun-style-celebree-au-musee-des-arts-decoratifs\/\" target=\"_blank\" rel=\"noopener\">l\u2019exposition \u00e9v\u00e9nement dans le cadre du centenaire de l\u2019<strong>Art d\u00e9co<\/strong><\/a>, ainsi que des cr\u00e9ations et dessins d\u00e9licats sign\u00e9s <a href=\"https:\/\/www.beauxarts.com\/expos\/laudace-festive-du-couturier-paul-poiret-celebree-au-musee-des-arts-decoratifs\/\" target=\"_blank\" rel=\"noopener\"><strong>Paul Poiret<\/strong><\/a>.<\/p>\n<p>  Arrow<\/p>\n<p>1925-2025. Cent ans d\u2019Art d\u00e9co<\/p>\n<p>Du 22 octobre 2025 au 26 avril 2026<\/p>\n<p class=\"url-expo\"><a href=\"https:\/\/madparis.fr\/1925-2025-Cent-ans-d-Art-deco\" target=\"_blank\" rel=\"noopener\">madparis.fr<\/a><\/p>\n<p class=\"annexe-content__infos\">Mus\u00e9e des Arts d\u00e9coratifs \u2022 107, rue de Rivoli \u2022 75001 Paris<br \/><a href=\"http:\/\/madparis.fr\/\" target=\"_blank\" rel=\"noopener\">madparis.fr<\/a><\/p>\n<p>  Arrow<\/p>\n<p>Paul Poiret. La mode est une f\u00eate<\/p>\n<p>Du 25 juin 2025 au 11 janvier 2026<\/p>\n<p class=\"url-expo\"><a href=\"https:\/\/madparis.fr\/Paul-Poiret-La-mode-est-une-fete\" target=\"_blank\" rel=\"noopener\">madparis.fr<\/a><\/p>\n<p class=\"annexe-content__infos\">Mus\u00e9e des Arts d\u00e9coratifs \u2022 107, rue de Rivoli \u2022 75001 Paris<br \/><a href=\"http:\/\/madparis.fr\/\" target=\"_blank\" rel=\"noopener\">madparis.fr<\/a><\/p>\n<p>        \u00c0 lire aussi :<br \/>\n        <a class=\"renvoi-explicite__link\" href=\"https:\/\/www.beauxarts.com\/expos\/100-ans-de-lart-deco-lapotheose-dun-style-celebree-au-musee-des-arts-decoratifs\/\" target=\"_blank\" rel=\"noopener\">100 ans de l&rsquo;Art d\u00e9co : l&rsquo;apoth\u00e9ose d&rsquo;un style c\u00e9l\u00e9br\u00e9e au mus\u00e9e des Arts d\u00e9coratifs<\/a><\/p>\n<p><strong>Mus\u00e9e de Cluny \u2013 Mus\u00e9e national du Moyen \u00c2ge\u00a0 \u2013 Jusqu\u2019\u00e0 21h, les 1er et 3e jeudis du mois uniquement<\/strong><\/p>\n<p class=\"editor-content__paragraph\">Envie de remonter le temps\u00a0? Rendez-vous au mus\u00e9e de Cluny sur le site de l\u2019ancien h\u00f4tel des abb\u00e9s de Cluny et des thermes de Lut\u00e8ce, en plein c\u0153ur du quartier Latin, pour un <strong>grand plongeon au Moyen \u00c2ge<\/strong>. Sa riche collection de sculptures, pi\u00e8ces d\u2019orf\u00e8vrerie, enluminures, peintures et vitraux se d\u00e9ploie au fil d\u2019un parcours dont l\u2019un des temps forte est la pr\u00e9sentation, dans une pi\u00e8ce d\u00e9di\u00e9e, des <a href=\"https:\/\/www.beauxarts.com\/grand-format\/la-dame-a-la-licorne-les-cinq-sens-en-majeste\/\" target=\"_blank\" rel=\"noopener\"><strong>six tapisseries de La Dame \u00e0 la licorne<\/strong><\/a> (XVe-XVIe si\u00e8cles). L\u2019un des plus grands chefs-d\u2019\u0153uvre de l\u2019histoire de l\u2019art\u00a0!<\/p>\n<p>  Arrow<\/p>\n<p>Mus\u00e9e de Cluny \u2013 mus\u00e9e national du Moyen \u00c2ge<\/p>\n<p class=\"annexe-content__infos\">28 Rue du Sommerard \u2022 75005 Paris<br \/><a href=\"http:\/\/www.musee-moyenage.fr\/\" target=\"_blank\" rel=\"noopener\">www.musee-moyenage.fr<\/a><\/p>\n<p><strong>Mus\u00e9e Jean-Jacques Henner \u2013 Jusqu\u2019\u00e0 21h (2e jeudi du mois)<\/strong><\/p>\n<p class=\"editor-content__paragraph\">Nich\u00e9 dans le quartier cossu de la Plaine-Monceau, cet \u00e9l\u00e9gant h\u00f4tel particulier o\u00f9 r\u00e9sidait autrefois le peintre acad\u00e9mique Guillaume Dubufe (1853\u20131909) affiche un surprenant <strong>d\u00e9cor d\u2019inspiration orientale<\/strong> dans une architecture Belle \u00c9poque.<\/p>\n<p>  Arrow<\/p>\n<p>Mus\u00e9e national Jean-Jacques Henner<\/p>\n<p>Ouvert tous les jours, sauf le mardi, de 11 h \u00e0 18 h<\/p>\n<p class=\"annexe-content__infos\">43, avenue de Villiers \u2022 75017 Paris<br \/><a href=\"http:\/\/www.musee-henner.fr\" target=\"_blank\" rel=\"noopener\">www.musee-henner.fr<\/a><\/p>\n<p><strong>Mus\u00e9e Marmottan Monet \u2013 Jusqu\u2019\u00e0 21h<\/strong><\/p>\n<p class=\"editor-content__paragraph\">Situ\u00e9 dans le cadre bucolique du jardin du Ranelagh dans le 16e arrondissement, le mus\u00e9e Marmottan Monet poss\u00e8de la plus grande collection d\u2019\u0153uvres du ma\u00eetre de l\u2019<a href=\"https:\/\/www.beauxarts.com\/grand-format\/limpressionnisme-en-3-minutes\/\" target=\"_blank\" rel=\"noopener\">impressionnisme<\/a>, dont <strong>l\u2019iconique Impression, soleil levant<\/strong> (1872). <a href=\"https:\/\/www.beauxarts.com\/grand-format\/berthe-morisot-en-3-minutes\/\" target=\"_blank\" rel=\"noopener\">Berthe Morisot<\/a>, <a href=\"https:\/\/www.beauxarts.com\/grand-format\/auguste-renoir-en-2-minutes\/\" target=\"_blank\" rel=\"noopener\">Auguste Renoir<\/a>, <a href=\"https:\/\/www.beauxarts.com\/grand-format\/edgar-degas-en-2-minutes\/\" target=\"_blank\" rel=\"noopener\">Edgar Degas<\/a> ou <a href=\"https:\/\/www.beauxarts.com\/grand-format\/camille-corot-en-2-minutes\/\" target=\"_blank\" rel=\"noopener\">Camille Corot<\/a> comptent \u00e9galement parmi les artistes phares pr\u00e9sent\u00e9s dans cette institution n\u00e9e de la <strong>collection de Paul Marmottan<\/strong>, enrichie par la suite de nombreux legs et dons. D\u00e9couvrez\u00a0en ce moment <a href=\"https:\/\/www.beauxarts.com\/expos\/au-musee-marmottan-monet-lart-du-sommeil-dans-tous-ses-etats\/\" target=\"_blank\" rel=\"noopener\">l\u2019exposition autour de l\u2019imaginaire du <strong>sommeil<\/strong><\/a>.<\/p>\n<p>  Arrow<\/p>\n<p>L&#8217;empire du sommeil<\/p>\n<p>Du 9 octobre 2025 au 1 mars 2026<\/p>\n<p class=\"url-expo\"><a href=\"https:\/\/www.marmottan.fr\/expositions\/lempire-du-sommeil\/\" target=\"_blank\" rel=\"noopener\">www.marmottan.fr<\/a><\/p>\n<p class=\"annexe-content__infos\">Mus\u00e9e Marmottan Monet &#8211; Paris \u2022 2 Rue Louis Boilly \u2022 75016 Paris<br \/><a href=\"https:\/\/www.marmottan.fr\/\" target=\"_blank\" rel=\"noopener\">www.marmottan.fr<\/a><\/p>\n<p>        \u00c0 lire aussi :<br \/>\n        <a class=\"renvoi-explicite__link\" href=\"https:\/\/www.beauxarts.com\/expos\/au-musee-marmottan-monet-lart-du-sommeil-dans-tous-ses-etats\/\" target=\"_blank\" rel=\"noopener\">Au mus\u00e9e Marmottan Monet, l\u2019art du sommeil dans tous ses \u00e9tats<\/a><\/p>\n<p><strong>Mus\u00e9e d\u2019Orsay \u2013 Jusqu\u2019\u00e0 21h45<\/strong><\/p>\n<p>    <img loading=\"lazy\" decoding=\"async\" class=\"image__img\" src=\"https:\/\/www.europesays.com\/fr\/wp-content\/uploads\/2025\/10\/musee_dorsay_north-west_view_paris_7e_140402-964x441.jpg\" alt=\"Le muse\u0301e d\u2019Orsay \u00e0 Paris\" width=\"964\" height=\"441\"\/><\/p>\n<p>Le muse\u0301e d\u2019Orsay \u00e0 Paris<\/p>\n<p>    i<\/p>\n<p class=\"editor-content__paragraph\">Install\u00e9 dans une ancienne gare ferroviaire sp\u00e9cialement construite, dans le 7e arrondissement pour l\u2019Exposition universelle de 1900, le mus\u00e9e d\u2019Orsay h\u00e9berge les <strong>collections nationales d\u2019art allant de 1848 \u00e0 1914<\/strong>. On retrouve donc accroch\u00e9s dans sa majestueuse nef et ses salles attenantes les chefs-d\u2019\u0153uvre de <a href=\"https:\/\/www.beauxarts.com\/grand-format\/claude-monet-en-2-minutes\/\" target=\"_blank\" rel=\"noopener\">Monet<\/a>, <a href=\"https:\/\/www.beauxarts.com\/grand-format\/vincent-van-gogh-en-2-minutes\/\" target=\"_blank\" rel=\"noopener\">Van Gogh<\/a>, <a href=\"https:\/\/www.beauxarts.com\/grand-format\/gustave-courbet-en-3-minutes\/\" target=\"_blank\" rel=\"noopener\">Courbet<\/a>, <a href=\"https:\/\/www.beauxarts.com\/grand-format\/edgar-degas-en-2-minutes\/\" target=\"_blank\" rel=\"noopener\">Degas, <\/a> <a href=\"https:\/\/www.beauxarts.com\/grand-format\/auguste-rodin-en-2-minutes\/\" target=\"_blank\" rel=\"noopener\">Rodin<\/a>, <a href=\"https:\/\/www.beauxarts.com\/grand-format\/rosa-bonheur-en-2-minutes\/\" target=\"_blank\" rel=\"noopener\">Bonheur<\/a>, <a href=\"https:\/\/www.beauxarts.com\/grand-format\/edouard-manet-en-2-minutes\/\" target=\"_blank\" rel=\"noopener\">Manet<\/a>, <a href=\"https:\/\/www.beauxarts.com\/grand-format\/gustave-moreau-en-2-minutes\/\" target=\"_blank\" rel=\"noopener\">Moreau<\/a> et tant d\u2019autres. Il s\u2019agit du <strong>deuxi\u00e8me mus\u00e9e le plus visit\u00e9 de Paris<\/strong> apr\u00e8s le Louvre\u00a0; attention donc \u00e0 r\u00e9server votre billet \u00e0 l\u2019avance\u00a0! D\u00e9couvrez en ce moment <a href=\"https:\/\/www.beauxarts.com\/expos\/john-singer-sargent-le-portraitiste-etrange-du-tout-paris-se-revele-au-musee-dorsay\/\" target=\"_blank\" rel=\"noopener\">l\u2019exposition \u00e9v\u00e9nement consacr\u00e9e \u00e0 <strong>John Singer Sargent<\/strong><\/a>.<\/p>\n<p>  Arrow<\/p>\n<p>John Singer Sargent. \u00c9blouir Paris<\/p>\n<p>Du 23 septembre 2025 au 11 janvier 2026<\/p>\n<p class=\"url-expo\"><a href=\"https:\/\/www.musee-orsay.fr\/fr\/agenda\/expositions\/john-singer-sargent-eblouir-paris\" target=\"_blank\" rel=\"noopener\">www.musee-orsay.fr<\/a><\/p>\n<p class=\"annexe-content__infos\">Mus\u00e9e d&rsquo;Orsay \u2022 Esplanade Val\u00e9ry Giscard d&rsquo;Estaing \u2022 75007 Paris<br \/><a href=\"https:\/\/www.musee-orsay.fr\/fr\" target=\"_blank\" rel=\"noopener\">www.musee-orsay.fr<\/a><\/p>\n<p>  Arrow<\/p>\n<p>Bridget Riley. Point de d\u00e9part<\/p>\n<p>Du 21 octobre 2025 au 25 janvier 2026<\/p>\n<p class=\"url-expo\"><a href=\"https:\/\/www.musee-orsay.fr\/fr\/agenda\/expositions\/bridget-riley-point-de-depart\" target=\"_blank\" rel=\"noopener\">www.musee-orsay.fr<\/a><\/p>\n<p class=\"annexe-content__infos\">Mus\u00e9e d&rsquo;Orsay \u2022 Esplanade Val\u00e9ry Giscard d&rsquo;Estaing \u2022 75007 Paris<br \/><a href=\"https:\/\/www.musee-orsay.fr\/fr\" target=\"_blank\" rel=\"noopener\">www.musee-orsay.fr<\/a><\/p>\n<p>  Arrow<\/p>\n<p>Paul Troubetzkoy. Le prince sculpteur<\/p>\n<p>Du 30 septembre 2025 au 11 janvier 2026<\/p>\n<p class=\"url-expo\"><a href=\"https:\/\/www.musee-orsay.fr\/fr\/agenda\/expositions\/paul-troubetzkoy-le-prince-sculpteur-0\" target=\"_blank\" rel=\"noopener\">www.musee-orsay.fr<\/a><\/p>\n<p class=\"annexe-content__infos\">Mus\u00e9e d&rsquo;Orsay \u2022 Esplanade Val\u00e9ry Giscard d&rsquo;Estaing \u2022 75007 Paris<br \/><a href=\"https:\/\/www.musee-orsay.fr\/fr\" target=\"_blank\" rel=\"noopener\">www.musee-orsay.fr<\/a><\/p>\n<p>        \u00c0 lire aussi :<br \/>\n        <a class=\"renvoi-explicite__link\" href=\"https:\/\/www.beauxarts.com\/expos\/john-singer-sargent-le-portraitiste-etrange-du-tout-paris-se-revele-au-musee-dorsay\/\" target=\"_blank\" rel=\"noopener\">John Singer Sargent, le portraitiste \u00ab \u00e9trange \u00bb du tout-Paris se r\u00e9v\u00e8le au mus\u00e9e d&rsquo;Orsay<\/a><\/p>\n<p><strong>Palais de Tokyo \u2013 Jusqu\u2019\u00e0 minuit\u00a0<\/strong><\/p>\n<p class=\"editor-content__paragraph\">Au c\u0153ur de la capitale, non loin de la tour Eiffel, ce joyau de <a href=\"https:\/\/www.beauxarts.com\/grand-format\/lart-deco-en-2-minutes\/\" target=\"_blank\" rel=\"noopener\">l\u2019Art d\u00e9co<\/a> ravit les amateurs d\u2019art contemporain. \u00c9difi\u00e9 \u00e0 l\u2019occasion de l\u2019Exposition internationale de 1937, il est aujourd\u2019hui un <strong>vaste centre d\u2019art<\/strong> qui met en lumi\u00e8re la sc\u00e8ne <strong>artistique fran\u00e7aise et europ\u00e9enne<\/strong>. Une occasion parfaite pour d\u00e9couvrir les nouveaux talents de l\u2019art contemporain avant de profiter de sa librairie, des restaurants ou m\u00eame du night club qu\u2019il abrite. Sa <strong>programmation automnale<\/strong>, plac\u00e9e sous le signe du dialogue entre la France et les \u00c9tats-Unis, vient tout juste de commencer\u00a0!\u00a0<\/p>\n<p>  Arrow<\/p>\n<p>Echo Delay Reverb. Art am\u00e9ricain, pens\u00e9es francophones<\/p>\n<p>Du 22 octobre 2025 au 15 f\u00e9vrier 2026<\/p>\n<p class=\"url-expo\"><a href=\"https:\/\/palaisdetokyo.com\/exposition\/echo-delay-reverb\/\" target=\"_blank\" rel=\"noopener\">palaisdetokyo.com<\/a><\/p>\n<p class=\"annexe-content__infos\">Palais de Tokyo \u2022 13, avenue du Pr\u00e9sident Wilson \u2022 75116 Paris<br \/><a href=\"http:\/\/www.palaisdetokyo.com\/\" target=\"_blank\" rel=\"noopener\">www.palaisdetokyo.com<\/a><\/p>\n<p>Du 22 octobre 2025 au 15 f\u00e9vrier 2026<\/p>\n<p class=\"url-expo\"><a href=\"https:\/\/palaisdetokyo.com\/exposition\/melvin-edwards\/\" target=\"_blank\" rel=\"noopener\">palaisdetokyo.com<\/a><\/p>\n<p class=\"annexe-content__infos\">Palais de Tokyo \u2022 13, avenue du Pr\u00e9sident Wilson \u2022 75116 Paris<br \/><a href=\"http:\/\/www.palaisdetokyo.com\/\" target=\"_blank\" rel=\"noopener\">www.palaisdetokyo.com<\/a><\/p>\n<p><strong>M\u00e9morial de la Shoah \u2013 Jusqu\u2019\u00e0 21h<\/strong><\/p>\n<p class=\"editor-content__paragraph\">Lieu de m\u00e9moire du g\u00e9nocide des Juifs lors de la Seconde Guerre mondiale, le M\u00e9morial de la Shoah situ\u00e9 dans le Marais abrite le <strong>Mur des noms<\/strong>, qui rend hommage aux 75\u00a0568\u00a0juifs fran\u00e7ais et \u00e9trangers d\u00e9port\u00e9s et, pour la plupart, extermin\u00e9s par les nazis, un Mur des Justes, une crypte et un M\u00e9morial des enfants. Sa riche collection de documents, photos, et objets <strong>retrace l\u2019histoire des Juifs de France pendant la Shoah<\/strong>, compl\u00e9t\u00e9e par des <strong>expositions temporaires<\/strong>, des conf\u00e9rences, des ateliers, des concerts\u2026<\/p>\n<p>  Arrow<\/p>\n<p>M\u00e9morial de la Shoah &#8211; Paris<\/p>\n<p>Ouvert de 10h \u00e0 18h tous les jours, sauf le samedi.<br \/>Nocturne jusqu\u2019\u00e0 21h le jeudi.<\/p>\n<p class=\"annexe-content__infos\">17, rue Geoffroy l&rsquo;Asnier \u2022 75004 Paris<br \/><a href=\"http:\/\/www.memorialdelashoah.org\" target=\"_blank\" rel=\"noopener\">www.memorialdelashoah.org<\/a><\/p>\n<p>        \u00c0 lire aussi :<br \/>\n        <a class=\"renvoi-explicite__link\" href=\"https:\/\/www.beauxarts.com\/expos\/quand-les-nazis-photographiaient-auschwitz-decryptage-au-memorial-de-la-shoah-dans-une-expo-gratuite\/\" target=\"_blank\" rel=\"noopener\">Quand les nazis photographiaient Auschwitz : d\u00e9cryptage au M\u00e9morial de la Shoah dans une expo gratuite<\/a><\/p>\n<p>Les nocturnes du vendredi<br \/>\n<strong>Le Grand Palais<\/strong><strong> \u2013 Jusqu\u2019\u00e0 22h<\/strong><br \/>\n<strong><\/p>\n<p>    <img loading=\"lazy\" decoding=\"async\" class=\"image__img\" src=\"https:\/\/www.europesays.com\/fr\/wp-content\/uploads\/2025\/10\/uneweble-grand-palais-photo-credit-laurent-kronental-for-chatillon-architectes5-copie-964x723.jpg\" alt=\"La nef r\u00e9nov\u00e9e du Grand Palais en 2024\" width=\"964\" height=\"723\"\/><\/p>\n<p>La nef r\u00e9nov\u00e9e du Grand Palais en 2024<\/p>\n<p>    i<\/p>\n<p class=\"legende__cartel\">\u00a9 Photo Laurent Kronental \/ Chatillon Architectes<\/p>\n<p><\/strong><\/p>\n<p class=\"editor-content__paragraph\">Dans le cadre de sa r\u00e9ouverture le 6\u00a0juin dernier, le nouveau <strong>Grand Palais<\/strong> <a href=\"https:\/\/www.beauxarts.com\/grand-format\/au-grand-palais-une-programmation-celebrant-les-arts-et-la-fete-pour-sa-reouverture-complete\/\" target=\"_blank\" rel=\"noopener\">fait tourner la t\u00eate de ses visiteurs<\/a>. Et pour cause, le monument renoue avec les espaces qui \u00e9taient les siens entre 1900\u00a0et les ann\u00e9es 1930, retrouvant sa stature et sa beaut\u00e9. Le mus\u00e9e promet d\u2019accueillir les noctambules<strong> jusque tard<\/strong>\u00a0! D\u00e9couvrez la myriade d\u2019expositions c\u00e9l\u00e9brant cette r\u00e9ouverture, notamment celle consacr\u00e9e \u00e0 <a href=\"https:\/\/www.beauxarts.com\/expos\/niki-de-saint-phalle-jean-tinguely-pontus-hulten-les-enfants-terribles-de-lart-moderne-reunis-au-grand-palais\/\" target=\"_blank\" rel=\"noopener\"><strong>Niki de Saint Phalle, Jean Tinguely et Pontus Hult\u00e9n<\/strong><\/a>.<\/p>\n<p>  Arrow<\/p>\n<p>Niki de Saint Phalle, Jean Tinguely, Pontus Hult\u00e9n<\/p>\n<p>Du 20 juin 2025 au 4 janvier 2026<\/p>\n<p class=\"url-expo\"><a href=\"https:\/\/www.grandpalais.fr\/fr\/programme\/niki-de-saint-phalle-jean-tinguely-pontus-hulten\" target=\"_blank\" rel=\"noopener\">www.grandpalais.fr<\/a><\/p>\n<p class=\"annexe-content__infos\">Grand Palais \u2022 7 Avenue Winston Churchill \u2022 75008 Paris<br \/><a href=\"http:\/\/www.grandpalais.fr\" target=\"_blank\" rel=\"noopener\">www.grandpalais.fr<\/a><\/p>\n<p>        \u00c0 lire aussi :<br \/>\n        <a class=\"renvoi-explicite__link\" href=\"https:\/\/www.beauxarts.com\/expos\/niki-de-saint-phalle-jean-tinguely-pontus-hulten-les-enfants-terribles-de-lart-moderne-reunis-au-grand-palais\/\" target=\"_blank\" rel=\"noopener\">Niki de Saint Phalle, Jean Tinguely, Pontus Hulten : les enfants terribles de l&rsquo;art moderne r\u00e9unis au Grand Palais<\/a><\/p>\n<p><strong>La Bourse de Commerce \u2014 Collection Pinault <\/strong><strong>\u2013 Jusqu\u2019\u00e0 21h<\/strong><\/p>\n<p class=\"editor-content__paragraph\">En 2021, l\u2019\u00e9difice historique de <strong>la Bourse de Commerce<\/strong>, en plein c\u0153ur du quartier des Halles, a rouvert ses portes m\u00e9tamorphos\u00e9 par l\u2019architecte <strong>Tadao And\u014d<\/strong> afin d\u2019accueillir une partie de la collection d\u2019art contemporain du riche homme d\u2019affaires <strong>Fran\u00e7ois Pinault<\/strong>. Sa pr\u00e9sentation est sans cesse renouvel\u00e9e au gr\u00e9 d\u2019expositions questionnant notre soci\u00e9t\u00e9 actuelle. En ce moment, <a href=\"https:\/\/www.beauxarts.com\/expos\/lart-minimal-a-son-maximum-a-la-bourse-de-commerce\/\" target=\"_blank\" rel=\"noopener\">la grande exposition <strong>\u00ab\u00a0Minimal\u00a0\u00bb<\/strong><\/a> se d\u00e9voile.<\/p>\n<p>Du 8 octobre 2025 au 18 janvier 2026<\/p>\n<p class=\"url-expo\"><a href=\"https:\/\/www.pinaultcollection.com\/fr\/boursedecommerce\/minimal\" target=\"_blank\" rel=\"noopener\">www.pinaultcollection.com<\/a><\/p>\n<p class=\"annexe-content__infos\">Bourse de Commerce &#8211; Pinault Collection  \u2022 2 Rue de Viarmes \u2022 75001 Paris<br \/><a href=\"https:\/\/www.boursedecommerce.fr\/\" target=\"_blank\" rel=\"noopener\">www.boursedecommerce.fr<\/a><\/p>\n<p>  Arrow<\/p>\n<p>Lygia Pape. Tisser l&rsquo;espace<\/p>\n<p>Du 10 septembre 2025 au 26 janvier 2026<\/p>\n<p class=\"url-expo\"><a href=\"https:\/\/www.pinaultcollection.com\/fr\/boursedecommerce\/lygia-pape-tisser-lespace\" target=\"_blank\" rel=\"noopener\">www.pinaultcollection.com<\/a><\/p>\n<p class=\"annexe-content__infos\">Bourse de Commerce &#8211; Pinault Collection  \u2022 2 Rue de Viarmes \u2022 75001 Paris<br \/><a href=\"https:\/\/www.boursedecommerce.fr\/\" target=\"_blank\" rel=\"noopener\">www.boursedecommerce.fr<\/a><\/p>\n<p>        \u00c0 lire aussi :<br \/>\n        <a class=\"renvoi-explicite__link\" href=\"https:\/\/www.beauxarts.com\/expos\/lart-minimal-a-son-maximum-a-la-bourse-de-commerce\/\" target=\"_blank\" rel=\"noopener\">L&rsquo;art minimal \u00e0 son maximum \u00e0 la Bourse de Commerce<\/a><\/p>\n<p><strong>Mus\u00e9e Jacquemart-Andr\u00e9 \u2013 Jusqu\u2019\u00e0 22h\u00a0<\/strong><br \/>\n<strong><\/p>\n<p>    <img loading=\"lazy\" decoding=\"async\" class=\"image__img\" src=\"https:\/\/www.europesays.com\/fr\/wp-content\/uploads\/2025\/10\/web21-537733-964x790.jpg\" alt=\"Georges de La Tour, Le Nouveau-N\u00e9\" width=\"964\" height=\"790\"\/><\/p>\n<p>Georges de La Tour, Le Nouveau-N\u00e9, Vers 1645<\/p>\n<p>    i<\/p>\n<p class=\"legende__cartel\">Coll. Dagli Orti \/ Mus\u00e9e des Beaux Arts, Rennes \/ Gianni Dagli Orti \/ Aurimages \u2022 \u00a9 Collection Dagli Orti \/ Mus\u00e9e des Beaux Arts, Rennes \/ Gianni Dagli Orti \/ Aurimages<\/p>\n<p><\/strong><\/p>\n<p class=\"editor-content__paragraph\">\u00c9difi\u00e9 \u00e0 la fin du XIXe si\u00e8cle dans le nouveau Paris d\u2019Haussmann <strong>par \u00c9douard Andr\u00e9 et son \u00e9pouse <a href=\"https:\/\/www.beauxarts.com\/grand-format\/nelie-jacquemart-artiste-et-chercheuse-dart-dans-le-paris-de-la-belle-epoque\/\" target=\"_blank\" rel=\"noopener\">N\u00e9lie Jacquemart<\/a><\/strong>, couple de grands collectionneurs, cet h\u00f4tel particulier propose la d\u00e9couverte d\u2019espaces habit\u00e9s au XIXe si\u00e8cle et d\u2019<strong>expositions temporaires<\/strong> d\u2019envergure internationale. Profitez actuellement de <a href=\"https:\/\/www.beauxarts.com\/expos\/mysterieux-maitre-du-clair-obscur-georges-de-la-tour-brille-de-mille-feux-au-musee-jacquemart-andre\/\" target=\"_blank\" rel=\"noopener\">la nouvelle exposition consacr\u00e9e \u00e0 <strong>Georges de La Tour<\/strong><\/a>.<\/p>\n<p>  Arrow<\/p>\n<p>Georges de La Tour. Entre ombre et lumi\u00e8re<\/p>\n<p>Du 11 septembre 2025 au 25 janvier 2026<\/p>\n<p class=\"url-expo\"><a href=\"https:\/\/www.musee-jacquemart-andre.com\/fr\/georges-tour\" target=\"_blank\" rel=\"noopener\">www.musee-jacquemart-andre.com<\/a><\/p>\n<p class=\"annexe-content__infos\">Mus\u00e9e Jacquemart-Andr\u00e9 \u2022 158, boulevard Haussmann \u2022 75008 Paris<br \/><a href=\"http:\/\/www.musee-jacquemart-andre.com\/fr\/home\" target=\"_blank\" rel=\"noopener\">www.musee-jacquemart-andre.com<\/a><\/p>\n<p>        \u00c0 lire aussi :<br \/>\n        <a class=\"renvoi-explicite__link\" href=\"https:\/\/www.beauxarts.com\/expos\/mysterieux-maitre-du-clair-obscur-georges-de-la-tour-brille-de-mille-feux-au-musee-jacquemart-andre\/\" target=\"_blank\" rel=\"noopener\">Myst\u00e9rieux ma\u00eetre du clair-obscur, Georges de La Tour brille de mille feux au mus\u00e9e Jacquemart-Andr\u00e9<\/a><\/p>\n<p><strong>Petit Palais \u2013 Jusqu\u2019\u00e0 20h\u00a0<\/strong><\/p>\n<p class=\"editor-content__paragraph\">Joyau architectural \u00e9difi\u00e9 par <strong>Charles Girault<\/strong> entre la Seine et les Champs-\u00c9lys\u00e9es, le <strong>Petit Palais<\/strong> abrite des galeries majestueuses peupl\u00e9es de chefs-d\u2019\u0153uvre de l\u2019histoire de l\u2019art, gr\u00e2ce \u00e0 des donations exceptionnelles. Construit pour <strong>l\u2019Exposition universelle de 1900<\/strong>, le b\u00e2timent accueille aujourd\u2019hui des expositions temporaires de grande envergure. En ce moment, d\u00e9couvrez les visages poupins et d\u00e9licats du <a href=\"https:\/\/www.beauxarts.com\/expos\/sous-ses-dehors-tendres-greuze-traite-de-sujets-graves-que-la-societe-ne-veut-pas-voir-le-portraitiste-virtuose-de-lenfance-au-petit-palais\/\" target=\"_blank\" rel=\"noopener\">peintre virtuose <strong>Jean-Baptiste Greuze<\/strong><\/a>\u00a0et les paysages enneig\u00e9s de <strong>Pekka Halonen<\/strong> d\u00e8s le<strong> 4\u00a0novembre<\/strong>.<\/p>\n<p>  Arrow<\/p>\n<p>Pekka Halonen. Un hymne \u00e0 la Finlande<\/p>\n<p>Du 4 novembre 2025 au 22 f\u00e9vrier 2026<\/p>\n<p class=\"url-expo\"><a href=\"https:\/\/www.petitpalais.paris.fr\/expositions\/pekka-halonen\" target=\"_blank\" rel=\"noopener\">www.petitpalais.paris.fr<\/a><\/p>\n<p class=\"annexe-content__infos\">Petit Palais \u2022 Avenue Winston Churchill \u2022 75008 Paris<br \/><a href=\"http:\/\/www.petitpalais.paris.fr\/\" target=\"_blank\" rel=\"noopener\">www.petitpalais.paris.fr<\/a><\/p>\n<p>  Arrow<\/p>\n<p>Jean-Baptiste Greuze. L\u2019enfance en lumi\u00e8re<\/p>\n<p>Du 16 septembre 2025 au 25 janvier 2026<\/p>\n<p class=\"url-expo\"><a href=\"https:\/\/www.petitpalais.paris.fr\/expositions\/jean-baptiste-greuze\" target=\"_blank\" rel=\"noopener\">www.petitpalais.paris.fr<\/a><\/p>\n<p class=\"annexe-content__infos\">Petit Palais \u2022 Avenue Winston Churchill \u2022 75008 Paris<br \/><a href=\"http:\/\/www.petitpalais.paris.fr\/\" target=\"_blank\" rel=\"noopener\">www.petitpalais.paris.fr<\/a><\/p>\n<p><strong>Palais Galliera \u2013 mus\u00e9e de la Mode de la Ville de Paris \u2013 Jusqu\u2019\u00e0 21h<\/strong><\/p>\n<p class=\"editor-content__paragraph\">C\u2019est un des fleurons des mus\u00e9es de la Ville de Paris\u00a0! Le Palais Galliera, \u00e9difice de style n\u00e9o-renaissance implant\u00e9 au milieu d\u2019un agr\u00e9able jardin, offre un v\u00e9ritable <strong>panorama de l\u2019histoire de la mode<\/strong> en France depuis le XVIIIe si\u00e8cle. Sa collection de pr\u00e8s de 200\u00a0000\u00a0pi\u00e8ces est en partie visible au niveau du rez-de-jardin \u00e0 travers un accrochage renouvel\u00e9. Ses autres espaces pr\u00e9sentent des <strong>expositions sur les plus grands couturiers<\/strong> ou sur des th\u00e9matiques. En ce moment, d\u00e9couvrez<a href=\"https:\/\/www.beauxarts.com\/expos\/rick-owens-rhabille-le-palais-galliera-avant-sa-grande-expo-a-la-fois-beau-et-bizarre\/\" target=\"_blank\" rel=\"noopener\"> <strong>l\u2019exposition consacr\u00e9e au cr\u00e9ateur am\u00e9ricain culte Rick Owens<\/strong><\/a>.<\/p>\n<p>  Arrow<\/p>\n<p>Rick Owens. Temple of Love<\/p>\n<p>Du 28 juin 2025 au 4 janvier 2026<\/p>\n<p class=\"url-expo\"><a href=\"https:\/\/www.palaisgalliera.paris.fr\/en\/exhibitions\/rick-owens-temple-love\" target=\"_blank\" rel=\"noopener\">www.palaisgalliera.paris.fr<\/a><\/p>\n<p class=\"annexe-content__infos\">Palais Galliera &#8211; Mus\u00e9e de la Mode de la Ville de Paris \u2022 10, Avenue Pierre 1er de Serbie \u2022 75016 Paris<br \/><a href=\"http:\/\/palaisgalliera.paris.fr\" target=\"_blank\" rel=\"noopener\">palaisgalliera.paris.fr<\/a><\/p>\n<p>        \u00c0 lire aussi :<br \/>\n        <a class=\"renvoi-explicite__link\" href=\"https:\/\/www.beauxarts.com\/expos\/au-palais-galliera-les-silhouettes-de-rick-owens-couturier-des-tenebres\/\" target=\"_blank\" rel=\"noopener\">Au Palais Galliera, les silhouettes de Rick Owens, couturier des t\u00e9n\u00e8bres<\/a><\/p>\n<p><strong>Philharmonie de Paris \u2013 Jusqu\u2019\u00e0 20h<\/strong><\/p>\n<p class=\"editor-content__paragraph\">Inaugur\u00e9e en 2015, la <strong>Philharmonie de Paris<\/strong> partage les locaux de la <strong>Cit\u00e9 de la musique<\/strong>, plac\u00e9e sous tutelle du minist\u00e8re de la Culture. Le b\u00e2timent construit par <strong>Jean Nouvel<\/strong> face \u00e0 la Grande halle de la Villette abrite 800\u00a0m2\u00a0d\u2019espace d\u2019exposition, ainsi qu\u2019une salle de concert, des locaux pour les r\u00e9sidences d\u2019orchestres, des salles de r\u00e9p\u00e9tition et des studios. Plongez actuellement dans <a href=\"https:\/\/www.beauxarts.com\/expos\/kandinsky-a-la-philharmonie-de-paris-le-peintre-synesthete-et-la-musique-des-couleurs\/\" target=\"_blank\" rel=\"noopener\">l\u2019univers ultra-color\u00e9 du c\u00e9l\u00e8bre <strong>Vassily Kandinsky<\/strong><\/a>.<\/p>\n<p>  Arrow<\/p>\n<p>Kandinsky, la musique des couleurs<\/p>\n<p>Du 15 octobre 2025 au 1 f\u00e9vrier 2026<\/p>\n<p class=\"url-expo\"><a href=\"https:\/\/philharmoniedeparis.fr\/fr\/activite\/exposition\/28824-kandinsky\" target=\"_blank\" rel=\"noopener\">philharmoniedeparis.fr<\/a><\/p>\n<p class=\"annexe-content__infos\">Cit\u00e9 de la musique &#8211; Philharmonie de Paris \u2022 221, avenue Jean Jaur\u00e8s \u2022 75019 Paris<br \/><a href=\"http:\/\/philharmoniedeparis.fr\" target=\"_blank\" rel=\"noopener\">philharmoniedeparis.fr<\/a><\/p>\n<p>        \u00c0 lire aussi :<br \/>\n        <a class=\"renvoi-explicite__link\" href=\"https:\/\/www.beauxarts.com\/expos\/kandinsky-a-la-philharmonie-de-paris-le-peintre-synesthete-et-la-musique-des-couleurs\/\" target=\"_blank\" rel=\"noopener\">Kandinsky \u00e0 la Philharmonie de Paris : le peintre synesth\u00e8te et la musique des couleurs<\/a><\/p>\n<p><strong>Atelier des Lumi\u00e8res \u2013 Jusqu\u2019\u00e0 21h<\/strong><\/p>\n<p class=\"editor-content__paragraph\">Nich\u00e9 dans l\u2019ancienne fonderie du Chemin-Vert cr\u00e9\u00e9e en 1835, l\u2019Atelier des Lumi\u00e8res propose depuis 2018\u00a0des expositions et<strong> exp\u00e9riences immersives<\/strong> grand public autour de l\u2019\u0153uvre de grands artistes ou de th\u00e8mes historiques. En ce moment, direction la Lune dans <strong>un voyage immersif avec Tom Hanks<\/strong>.<\/p>\n<p>  Arrow<\/p>\n<p>Destination Lune. Un voyage immersif avec Tom Hanks<\/p>\n<p>\u00c0 partir du 24 septembre 2025<\/p>\n<p class=\"url-expo\"><a href=\"https:\/\/destinationlune.atelier-lumieres.com\/?_gl=1*1cjv1wj*_gcl_au*OTU5MTczMDAzLjE3NTIyNDM5ODE.*_ga*MTQ4Njg1NjU0OS4xNzUyMjQzOTc4*_ga_GL3PS7XDNG*czE3NTgxODc3MjYkbzIkZzAkdDE3NTgxODc3MjYkajYwJGwwJGgw\" target=\"_blank\" rel=\"noopener\">destinationlune.atelier-lumieres.com<\/a><\/p>\n<p class=\"annexe-content__infos\">Atelier des Lumi\u00e8res \u2022 38 Rue Saint-Maur \u2022 75011 Paris<br \/><a href=\"http:\/\/atelier-lumieres.com\/\" target=\"_blank\" rel=\"noopener\">atelier-lumieres.com<\/a><\/p>\n<p><strong>H\u00f4tel de la Marine \u2013 Jusqu\u2019\u00e0 21h30<\/strong><\/p>\n<p class=\"editor-content__paragraph\">Ancien garde-meuble royal tr\u00f4nant place de la Concorde, l\u2019h\u00f4tel de la Marine, \u00e9difi\u00e9 par l\u2019architecte Ange-Jacques Gabriel au XVIIIe si\u00e8cle, fut un th\u00e9\u00e2tre privil\u00e9gi\u00e9 de l\u2019histoire de France. Enti\u00e8rement restaur\u00e9, il a ouvert au public en 2021, offrant une visite des luxueux appartements des intendants du <strong>Garde-Meuble de la Couronne<\/strong> ainsi que de <strong>l\u2019\u00e9clectique collection Al Thani<\/strong> qui expose ses pi\u00e8ces\u200b allant de l\u2019Antiquit\u00e9 \u00e0 nos jours, \u00e0 travers des expositions temporaires.<\/p>\n<p>  Arrow<\/p>\n<p>H\u00f4tel de la Marine<\/p>\n<p class=\"annexe-content__infos\">2 Place de la Concorde \u2022 75001 Paris<br \/><a href=\"http:\/\/www.hotel-de-la-marine.paris\/\" target=\"_blank\" rel=\"noopener\">www.hotel-de-la-marine.paris<\/a><\/p>\n<p><strong>Mus\u00e9e des Arts et M\u00e9tiers \u2013 Jusqu\u2019\u00e0 21h<\/strong><\/p>\n<p class=\"editor-content__paragraph\">C\u2019est l\u2019un des plus anciens mus\u00e9es techniques et industriels au monde\u00a0! Riche d\u2019une collection de plus de <strong>80\u00a0000\u00a0objets et 15\u00a0000\u00a0dessins<\/strong>, le mus\u00e9e des Arts et M\u00e9tiers permet de d\u00e9couvrir des <strong>instruments scientifiques majeurs<\/strong> tels que microscope du duc de Chaulnes ou le laboratoire de Lavoisier, mais aussi les avions de Bl\u00e9riot et de Breguet expos\u00e9s dans l\u2019ancienne \u00e9glise Saint-Martin-des-Champs ainsi que le c\u00e9l\u00e8bre pendule de Foucault.<\/p>\n<p>Du 14 octobre 2025 au 17 mai 2026<\/p>\n<p class=\"url-expo\"><a href=\"https:\/\/www.arts-et-metiers.net\/musee\/flops\" target=\"_blank\" rel=\"noopener\">www.arts-et-metiers.net<\/a><\/p>\n<p class=\"annexe-content__infos\">Mus\u00e9e des Arts et M\u00e9tiers \u2022 60 Rue R\u00e9aumur \u2022 75003 Paris<br \/><a href=\"https:\/\/www.arts-et-metiers.net\/\" target=\"_blank\" rel=\"noopener\">www.arts-et-metiers.net<\/a><\/p>\n<p><strong>Mus\u00e9e du Louvre \u2013 Jusqu\u2019\u00e0 21h<\/strong><br \/>\n<strong><\/p>\n<p>    <img loading=\"lazy\" decoding=\"async\" class=\"image__img\" src=\"https:\/\/www.europesays.com\/fr\/wp-content\/uploads\/2025\/10\/unehemis_4779872-964x723.jpg\" alt=\"Le mus\u00e9e du Louvre, la cour carr\u00e9e et la Pyramide\" width=\"964\" height=\"723\"\/><\/p>\n<p>Le mus\u00e9e du Louvre, la cour carr\u00e9e et la Pyramide<\/p>\n<p>    i<\/p>\n<p class=\"legende__cartel\">\u00a9 Bertrand Gardel \/ hemis<\/p>\n<p><\/strong><\/p>\n<p class=\"editor-content__paragraph\">Il est le mus\u00e9e le plus grand et le plus visit\u00e9 au monde\u00a0! Ancien palais royal datant du Moyen \u00c2ge, le Louvre fut transform\u00e9 au fil du temps jusqu\u2019\u00e0 devenir un mus\u00e9e ouvert au public en 1793. En 1988, il prend sa forme actuelle avec l\u2019inauguration de son <strong>iconique pyramide de verre<\/strong> de l\u2019architecte Ieoh Ming Pei (1917\u20132019). Le mus\u00e9e du Louvre abrite une foisonnante collection comptant plus de <strong>500\u00a0000 \u0153uvres<\/strong>, de l\u2019Antiquit\u00e9 jusqu\u2019\u00e0 1848\u00a0et de l\u2019Europe occidentale jusqu\u2019\u00e0 l\u2019Iran, via la Gr\u00e8ce, l\u2019\u00c9gypte et le Proche-Orient. Si les files d\u2019attente peuvent \u00eatre bien longues sans r\u00e9servation, profitez de sa nocturne pour visiter le mus\u00e9e en toute intimit\u00e9. Bon \u00e0 savoir\u00a0: le mus\u00e9e est<strong> gratuit la premi\u00e8re nocturne du mois <\/strong>(hors juillet et ao\u00fbt).\u00a0Des <strong>mini-visites de 20\u00a0minutes<\/strong>, avec des guides-conf\u00e9renciers, sont organis\u00e9es lors de ces nocturnes tous les mercredis et vendredis dans le parcours permanent et dans les expositions du moment. Profitez de d\u00e9couvrir celle consacr\u00e9e \u00e0 <strong>Jacques-Louis David<\/strong>.<\/p>\n<p>  Arrow<\/p>\n<p>Jacques-Louis David<\/p>\n<p>Du 15 octobre 2025 au 26 janvier 2026<\/p>\n<p class=\"url-expo\"><a href=\"https:\/\/www.louvre.fr\/expositions-et-evenements\/expositions\/jacques-louis-david\" target=\"_blank\" rel=\"noopener\">www.louvre.fr<\/a><\/p>\n<p class=\"annexe-content__infos\">Mus\u00e9e du Louvre \u2022 Rue de Rivoli \u2022 75001 Paris<br \/><a href=\"http:\/\/www.louvre.fr\/\" target=\"_blank\" rel=\"noopener\">www.louvre.fr<\/a><\/p>\n<p><strong>Mus\u00e9e de l\u2019Arm\u00e9e \u2013 Tous les 1ers vendredis de chaque mois, jusqu\u2019\u00e0 22h<\/strong><\/p>\n<p class=\"editor-content__paragraph\">Dans le b\u00e2timent de l\u2019<strong>h\u00f4tel national des Invalides<\/strong>, le mus\u00e9e de l\u2019Arm\u00e9e abrite non seulement le tombeau de Napol\u00e9on Ier depuis 1840\u00a0mais aussi une <strong>vaste collection<\/strong> d\u2019armes, de tenues, d\u2019insignes, d\u2019\u0153uvres d\u2019art et de documents sur l\u2019histoire militaire de la France, de la fin du Moyen \u00c2ge \u00e0 la Seconde Guerre mondiale. Un lieu de m\u00e9moire autant que de r\u00e9flexion.<\/p>\n<p>  Arrow<\/p>\n<p>Mus\u00e9e de l\u2019Arm\u00e9e<\/p>\n<p class=\"annexe-content__infos\">129 Rue de Grenelle \u2022 75007 Paris<br \/><a href=\"https:\/\/www.musee-armee.fr\/accueil.html\" target=\"_blank\" rel=\"noopener\">www.musee-armee.fr<\/a><\/p>\n<p>Les nocturnes du samedi<br \/>\n<strong>Petit Palais \u2013 Jusqu\u2019\u00e0 20h <\/strong><br \/>\n<strong><\/p>\n<p>    <img loading=\"lazy\" decoding=\"async\" class=\"image__img\" src=\"https:\/\/www.europesays.com\/fr\/wp-content\/uploads\/2025\/10\/webimg_1884-964x643.jpg\" alt=\"La terrasse du Petit Palais, Paris\" width=\"964\" height=\"643\"\/><\/p>\n<p>La terrasse du Petit Palais, Paris<\/p>\n<p>    i<\/p>\n<p><\/strong><\/p>\n<p class=\"editor-content__paragraph\">Joyau architectural \u00e9difi\u00e9 par <strong>Charles Girault<\/strong> entre la Seine et les Champs-\u00c9lys\u00e9es, le <strong>Petit Palais<\/strong> abrite des galeries majestueuses peupl\u00e9es de chefs-d\u2019\u0153uvre de l\u2019histoire de l\u2019art, gr\u00e2ce \u00e0 des donations exceptionnelles. Construit pour <strong>l\u2019Exposition universelle de 1900<\/strong>, le b\u00e2timent accueille encore aujourd\u2019hui des expositions temporaires de grande envergure. En ce moment, d\u00e9couvrez les visages poupins et d\u00e9licats du peintre virtuose <strong>Jean-Baptiste Greuze <\/strong>et les paysages enneig\u00e9s de <strong>Pekka Halonen<\/strong> d\u00e8s le<strong> 4\u00a0novembre<\/strong>.<\/p>\n<p>  Arrow<\/p>\n<p>Jean-Baptiste Greuze. L\u2019enfance en lumi\u00e8re<\/p>\n<p>Du 16 septembre 2025 au 25 janvier 2026<\/p>\n<p class=\"url-expo\"><a href=\"https:\/\/www.petitpalais.paris.fr\/expositions\/jean-baptiste-greuze\" target=\"_blank\" rel=\"noopener\">www.petitpalais.paris.fr<\/a><\/p>\n<p class=\"annexe-content__infos\">Petit Palais \u2022 Avenue Winston Churchill \u2022 75008 Paris<br \/><a href=\"http:\/\/www.petitpalais.paris.fr\/\" target=\"_blank\" rel=\"noopener\">www.petitpalais.paris.fr<\/a><\/p>\n<p>        \u00c0 lire aussi :<br \/>\n        <a class=\"renvoi-explicite__link\" href=\"https:\/\/www.beauxarts.com\/expos\/sous-ses-dehors-tendres-greuze-traite-de-sujets-graves-que-la-societe-ne-veut-pas-voir-le-portraitiste-virtuose-de-lenfance-au-petit-palais\/\" target=\"_blank\" rel=\"noopener\">\u00ab\u00a0Sous ses dehors tendres, Greuze traite de sujets graves, que la soci\u00e9t\u00e9 ne veut pas voir\u00a0\u00bb : le portraitiste virtuose de l&rsquo;enfance au Petit Palais<\/a><\/p>\n<p><strong>Philharmonie de Paris \u2013 Jusqu\u2019\u00e0 20h<\/strong><\/p>\n<p class=\"editor-content__paragraph\">Inaugur\u00e9e en 2015, la <strong>Philharmonie de Paris<\/strong> partage les locaux de la <strong>Cit\u00e9 de la musique<\/strong>, plac\u00e9e sous tutelle du minist\u00e8re de la Culture. Le b\u00e2timent construit par <strong>Jean Nouvel<\/strong> face \u00e0 la Grande halle de la Villette abrite 800\u00a0m2\u00a0d\u2019espace d\u2019exposition, ainsi qu\u2019une salle de concert, des locaux pour les r\u00e9sidences d\u2019orchestres, des salles de r\u00e9p\u00e9tition et des studios. Plongez actuellement dans l\u2019univers ultra-color\u00e9 du c\u00e9l\u00e8bre <strong>Vassily Kandinsky<\/strong>.<\/p>\n<p>  Arrow<\/p>\n<p>Kandinsky, la musique des couleurs<\/p>\n<p>Du 15 octobre 2025 au 1 f\u00e9vrier 2026<\/p>\n<p class=\"url-expo\"><a href=\"https:\/\/philharmoniedeparis.fr\/fr\/activite\/exposition\/28824-kandinsky\" target=\"_blank\" rel=\"noopener\">philharmoniedeparis.fr<\/a><\/p>\n<p class=\"annexe-content__infos\">Cit\u00e9 de la musique &#8211; Philharmonie de Paris \u2022 221, avenue Jean Jaur\u00e8s \u2022 75019 Paris<br \/><a href=\"http:\/\/philharmoniedeparis.fr\" target=\"_blank\" rel=\"noopener\">philharmoniedeparis.fr<\/a><\/p>\n<p><strong>Atelier des Lumi\u00e8res \u2013 Jusqu\u2019\u00e0 21h<\/strong><\/p>\n<p class=\"editor-content__paragraph\">Nich\u00e9 dans l\u2019ancienne fonderie du Chemin-Vert cr\u00e9\u00e9e en 1835, l\u2019Atelier des Lumi\u00e8res propose depuis 2018\u00a0des expositions et<strong> exp\u00e9riences immersives<\/strong> grand public autour de l\u2019\u0153uvre de grands artistes ou de th\u00e8mes historiques. En ce moment, direction la Lune dans <strong>un voyage immersif avec Tom Hanks<\/strong>.<\/p>\n<p>  Arrow<\/p>\n<p>Destination Lune. Un voyage immersif avec Tom Hanks<\/p>\n<p>\u00c0 partir du 24 septembre 2025<\/p>\n<p class=\"url-expo\"><a href=\"https:\/\/destinationlune.atelier-lumieres.com\/?_gl=1*1cjv1wj*_gcl_au*OTU5MTczMDAzLjE3NTIyNDM5ODE.*_ga*MTQ4Njg1NjU0OS4xNzUyMjQzOTc4*_ga_GL3PS7XDNG*czE3NTgxODc3MjYkbzIkZzAkdDE3NTgxODc3MjYkajYwJGwwJGgw\" target=\"_blank\" rel=\"noopener\">destinationlune.atelier-lumieres.com<\/a><\/p>\n<p class=\"annexe-content__infos\">Atelier des Lumi\u00e8res \u2022 38 Rue Saint-Maur \u2022 75011 Paris<br \/><a href=\"http:\/\/atelier-lumieres.com\/\" target=\"_blank\" rel=\"noopener\">atelier-lumieres.com<\/a><\/p>\n<p>Les nocturnes du dimanche<\/p>\n<p class=\"editor-content__paragraph\">Le <strong>Palais de Tokyo<\/strong> reste ouvert le dimanche jusqu\u2019\u00e0 <strong>22h<\/strong>\u00a0!<\/p>\n<p>        \u00c0 lire aussi :<br \/>\n        <a class=\"renvoi-explicite__link\" href=\"https:\/\/www.beauxarts.com\/expos\/paris-strasbourg-lyon-bordeaux-18-expos-immersives-qui-rechauffent-lautomne\/\" target=\"_blank\" rel=\"noopener\">Paris, Strasbourg, Lyon, Bordeaux\u2026 18 expos immersives qui r\u00e9chauffent l\u2019automne<\/a><\/p>\n","protected":false},"excerpt":{"rendered":"Les temp\u00e9ratures et le moral baissent\u00a0? Rien de tel qu\u2019une visite au mus\u00e9e pour se remettre en forme.&hellip;\n","protected":false},"author":2,"featured_media":500634,"comment_status":"","ping_status":"","sticky":false,"template":"","format":"standard","meta":{"footnotes":""},"categories":[1888],"tags":[11,25872,62281,3401,3416,1777,674,62279,62282,12155,1011,27,1398,25873,62278,11810,29189,12871,19399,1651,3408,49435,3417,3094,62276,3402,13349,62277,3415,3406,62280,12,30283,24451,626,25,1669],"class_list":{"0":"post-500633","1":"post","2":"type-post","3":"status-publish","4":"format-standard","5":"has-post-thumbnail","7":"category-paris","8":"tag-actualites","9":"tag-atelier-des-lumieres","10":"tag-bnf-site-richelieu","11":"tag-centre-georges-pompidou","12":"tag-cite-de-larchitecture-du-patrimoine","13":"tag-eu","14":"tag-europe","15":"tag-fondation-dentreprise-pernod-ricard","16":"tag-fondation-jerome-seydoux-pathe","17":"tag-fondation-louis-vuitton-paris","18":"tag-fr","19":"tag-france","20":"tag-grand-palais","21":"tag-grand-palais-immersif","22":"tag-hotel-de-la-marine","23":"tag-jeu-de-paume-paris","24":"tag-maison-europeenne-de-la-photographie-paris","25":"tag-mam-musee-dart-moderne-de-paris","26":"tag-monnaie-de-paris","27":"tag-musee-dorsay","28":"tag-musee-de-cluny-musee-national-du-moyen-age","29":"tag-musee-des-arts-decoratifs","30":"tag-musee-des-arts-et-metiers","31":"tag-musee-du-louvre","32":"tag-musee-du-luxembourg-paris","33":"tag-musee-du-quai-branly-jacques-chirac","34":"tag-musee-maillol-paris","35":"tag-musee-marmottan-monet-paris","36":"tag-musee-national-jean-jacques-henner","37":"tag-musee-national-picasso-paris","38":"tag-musee-yves-saint-laurent-paris","39":"tag-news","40":"tag-nocturnes","41":"tag-palais-de-tokyo","42":"tag-paris","43":"tag-republique-francaise","44":"tag-sorties"},"share_on_mastodon":{"url":"","error":"Validation failed: Text character limit of 500 exceeded"},"_links":{"self":[{"href":"https:\/\/www.europesays.com\/fr\/wp-json\/wp\/v2\/posts\/500633","targetHints":{"allow":["GET"]}}],"collection":[{"href":"https:\/\/www.europesays.com\/fr\/wp-json\/wp\/v2\/posts"}],"about":[{"href":"https:\/\/www.europesays.com\/fr\/wp-json\/wp\/v2\/types\/post"}],"author":[{"embeddable":true,"href":"https:\/\/www.europesays.com\/fr\/wp-json\/wp\/v2\/users\/2"}],"replies":[{"embeddable":true,"href":"https:\/\/www.europesays.com\/fr\/wp-json\/wp\/v2\/comments?post=500633"}],"version-history":[{"count":0,"href":"https:\/\/www.europesays.com\/fr\/wp-json\/wp\/v2\/posts\/500633\/revisions"}],"wp:featuredmedia":[{"embeddable":true,"href":"https:\/\/www.europesays.com\/fr\/wp-json\/wp\/v2\/media\/500634"}],"wp:attachment":[{"href":"https:\/\/www.europesays.com\/fr\/wp-json\/wp\/v2\/media?parent=500633"}],"wp:term":[{"taxonomy":"category","embeddable":true,"href":"https:\/\/www.europesays.com\/fr\/wp-json\/wp\/v2\/categories?post=500633"},{"taxonomy":"post_tag","embeddable":true,"href":"https:\/\/www.europesays.com\/fr\/wp-json\/wp\/v2\/tags?post=500633"}],"curies":[{"name":"wp","href":"https:\/\/api.w.org\/{rel}","templated":true}]}}