{"id":500639,"date":"2025-10-30T19:30:25","date_gmt":"2025-10-30T19:30:25","guid":{"rendered":"https:\/\/www.europesays.com\/fr\/500639\/"},"modified":"2025-10-30T19:30:25","modified_gmt":"2025-10-30T19:30:25","slug":"la-confrontation-entre-la-chine-et-les-etats-unis-est-structurelle-et-va-sapprofondir","status":"publish","type":"post","link":"https:\/\/www.europesays.com\/fr\/500639\/","title":{"rendered":"\u00ab\u00a0La confrontation entre la Chine et les \u00c9tats-Unis est structurelle et va s\u2019approfondir\u00a0\u00bb"},"content":{"rendered":"<p>\n    <strong>ENTRETIEN<\/strong> &#8211; L\u2019\u00e9ditorialiste du quotidien japonais \u00ab\u00a0Nikkei\u00a0\u00bb d\u00e9crypte la vision de politique \u00e9trang\u00e8re de la nouvelle premi\u00e8re ministre qui cherche \u00e0 conforter l\u2019alliance avec Trump tout en misant sur le renforcement massif du potentiel militaire japonais face aux vis\u00e9es h\u00e9g\u00e9moniques chinoises.<\/p>\n<p class=\"fig-paragraph\"><strong>LE FIGARO. &#8211; La premi\u00e8re ministre japonaise Sanae Takaichi a accueilli chaleureusement le pr\u00e9sident Trump cette semaine. Derri\u00e8re la reconnaissance du r\u00f4le central de l\u2019Am\u00e9rique dans la s\u00e9curit\u00e9 du Japon, quelle est sa perception de Trump et de sa politique \u00e9trang\u00e8re\u00a0?<\/strong><\/p>\n<p class=\"fig-paragraph\"><strong>AKITA HIROYUKI -.<\/strong>\u00a0<a href=\"http:\/\/www.lefigaro.fr\/international\/japon-la-nationaliste-sanae-takaichi-nommee-premiere-ministre-par-la-chambre-basse-du-parlement-20251021\" data-fig-type=\"NewsFlash\" data-gtm-custom-categorie=\"navigation\" data-gtm-custom-action=\"crossclick\" data-gtm-custom-label=\"Contextuel\" data-gtm-event=\"customEventSPE\" data-fig-domain=\"LEFIGARO\" target=\"_blank\" rel=\"noopener\">La premi\u00e8re ministre Takaichi<\/a>\u00a0a model\u00e9 sa carri\u00e8re politique sur celle de l\u2019ancien premier ministre Shinzo Abe, dirigeant conservateur. Durant son mandat, Abe avait b\u00e2ti une relation exceptionnellement solide avec le pr\u00e9sident Trump et r\u00e9ussi \u00e0\u00a0<a href=\"http:\/\/www.lefigaro.fr\/international\/a-tokyo-donald-trump-assure-que-les-etats-unis-sont-un-allie-du-japon-au-plus-haut-niveau-20251028\" data-fig-type=\"NewsFlash\" data-gtm-custom-categorie=\"navigation\" data-gtm-custom-action=\"crossclick\" data-gtm-custom-label=\"Contextuel\" data-gtm-event=\"customEventSPE\" data-fig-domain=\"LEFIGARO\" target=\"_blank\" rel=\"noopener\">maintenir une alliance forte entre le Japon et les \u00c9tats-Unis<\/a>. S\u2019inspirant de ce succ\u00e8s, Takaichi pense qu\u2019elle aussi peut construire une bonne relation avec Trump. Plus pr\u00e9cis\u00e9ment, elle est convaincue que le Japon doit jouer\u00a0<a href=\"http:\/\/www.lefigaro.fr\/flash-eco\/japon-le-ministre-de-la-defense-confirme-l-acceleration-des-depenses-militaires-pour-atteindre-2-du-pib-20251029\" data-fig-type=\"NewsFlash\" data-gtm-custom-categorie=\"navigation\" data-gtm-custom-action=\"crossclick\" data-gtm-custom-label=\"Contextuel\" data-gtm-event=\"customEventSPE\" data-fig-domain=\"LEFIGARO\" target=\"_blank\" rel=\"noopener\">un r\u00f4le plus actif dans sa propre d\u00e9fense<\/a>\u00a0afin de r\u00e9duire la charge qui p\u00e8se sur les \u00c9tats-Unis. Elle comprend que c\u2019est la condition minimum pour \u00e9tablir une relation \u00e9troite avec l\u2019Administration Trump. C\u2019est pourquoi, d\u00e8s son entr\u00e9e en\u2026<\/p>\n<p class=\"fig-premium-paywall__infos\">\n        Cet article est r\u00e9serv\u00e9 aux abonn\u00e9s.        Il vous reste 90% \u00e0 d\u00e9couvrir.\n    <\/p>\n<p>                <img  data- alt=\"Le Figaro\" class=\"fig-img--complete fig-img\"\/><\/p>\n<p class=\"fig-premium-paywall__title\">Vous avez envie de lire la suite ?<\/p>\n<p class=\"fig-premium-paywall__subtitle\">D\u00e9bloquez tous les articles imm\u00e9diatement.<\/p>\n<p class=\"fig-premium-paywall__connect\">\n                D\u00e9j\u00e0 abonn\u00e9\u00a0?                <a class=\"fig-premium-paywall__connect-link\" href=\"https:\/\/connect.lefigaro.fr\/login?client=horizon_web&amp;type=main&amp;redirect_uri=https%3A%2F%2Fwww.lefigaro.fr%2Finternational%2Fakita-hiroyuki-la-confrontation-entre-la-chine-et-les-etats-unis-est-structurelle-et-va-s-approfondir-20251030\" data-js-gtm=\"{&quot;customCategorie&quot;: &quot;conversion&quot;, &quot;customAction&quot;: &quot;before_Landing_Connexion_paywall_auto&quot;, &quot;customLabel&quot;: &quot;bGVmaWdhcm8uZnJfXzFmMGI1NzJlLTMxMDUtNmVmMi05YzMwLTM3Y2Q1NDIyZDZjZF9fQXJ0aWNsZQ==_Akita Hiroyuki\u00a0: \u00ab\u00a0La confrontation entre la Chine et les \u00c9tats-Unis est structurelle et va s\u2019approfondir\u00a0\u00bb_726&quot;, &quot;customIDSPE&quot;: &quot;bGVmaWdhcm8uZnJfXzFmMGI1NzJlLTMxMDUtNmVmMi05YzMwLTM3Y2Q1NDIyZDZjZF9fQXJ0aWNsZQ==&quot;, &quot;event&quot;: &quot;customEventSPE&quot;}\" target=\"_blank\" rel=\"noopener\"><br \/>\n                    Connectez-vous<br \/>\n                <\/a>\n            <\/p>\n","protected":false},"excerpt":{"rendered":"ENTRETIEN &#8211; L\u2019\u00e9ditorialiste du quotidien japonais \u00ab\u00a0Nikkei\u00a0\u00bb d\u00e9crypte la vision de politique \u00e9trang\u00e8re de la nouvelle premi\u00e8re ministre&hellip;\n","protected":false},"author":2,"featured_media":500640,"comment_status":"","ping_status":"","sticky":false,"template":"","format":"standard","meta":{"footnotes":""},"categories":[1589],"tags":[11,309,75,73,1866,3535,2070,12,1864,1865,1863,308],"class_list":{"0":"post-500639","1":"post","2":"type-post","3":"status-publish","4":"format-standard","5":"has-post-thumbnail","7":"category-etats-unis","8":"tag-actualites","9":"tag-chine","10":"tag-donald-trump","11":"tag-etats-unis","12":"tag-etats-unis-damerique","13":"tag-geopolitique","14":"tag-japon","15":"tag-news","16":"tag-united-states","17":"tag-united-states-of-america","18":"tag-us","19":"tag-usa"},"share_on_mastodon":{"url":"https:\/\/pubeurope.com\/@fr\/115464780059598231","error":""},"_links":{"self":[{"href":"https:\/\/www.europesays.com\/fr\/wp-json\/wp\/v2\/posts\/500639","targetHints":{"allow":["GET"]}}],"collection":[{"href":"https:\/\/www.europesays.com\/fr\/wp-json\/wp\/v2\/posts"}],"about":[{"href":"https:\/\/www.europesays.com\/fr\/wp-json\/wp\/v2\/types\/post"}],"author":[{"embeddable":true,"href":"https:\/\/www.europesays.com\/fr\/wp-json\/wp\/v2\/users\/2"}],"replies":[{"embeddable":true,"href":"https:\/\/www.europesays.com\/fr\/wp-json\/wp\/v2\/comments?post=500639"}],"version-history":[{"count":0,"href":"https:\/\/www.europesays.com\/fr\/wp-json\/wp\/v2\/posts\/500639\/revisions"}],"wp:featuredmedia":[{"embeddable":true,"href":"https:\/\/www.europesays.com\/fr\/wp-json\/wp\/v2\/media\/500640"}],"wp:attachment":[{"href":"https:\/\/www.europesays.com\/fr\/wp-json\/wp\/v2\/media?parent=500639"}],"wp:term":[{"taxonomy":"category","embeddable":true,"href":"https:\/\/www.europesays.com\/fr\/wp-json\/wp\/v2\/categories?post=500639"},{"taxonomy":"post_tag","embeddable":true,"href":"https:\/\/www.europesays.com\/fr\/wp-json\/wp\/v2\/tags?post=500639"}],"curies":[{"name":"wp","href":"https:\/\/api.w.org\/{rel}","templated":true}]}}