{"id":500647,"date":"2025-10-30T19:34:15","date_gmt":"2025-10-30T19:34:15","guid":{"rendered":"https:\/\/www.europesays.com\/fr\/500647\/"},"modified":"2025-10-30T19:34:15","modified_gmt":"2025-10-30T19:34:15","slug":"lue-renonce-a-la-mesure-controversee-de-scan-des-messages-prives","status":"publish","type":"post","link":"https:\/\/www.europesays.com\/fr\/500647\/","title":{"rendered":"l\u2019UE renonce \u00e0 la mesure controvers\u00e9e de scan des messages priv\u00e9s"},"content":{"rendered":"<p class=\"article-p mdl\">L&rsquo;Union europ\u00e9enne va renoncer \u00e0 la mesure la plus critiqu\u00e9e d&rsquo;un texte contre la p\u00e9docriminalit\u00e9. Cette technologie, surnomm\u00e9e \u00ab\u00a0<a class=\"link\" href=\"https:\/\/www.rtl.fr\/actu\/sciences-tech\/chat-control-un-reglement-europeen-va-t-il-placer-les-applications-de-messagerie-sous-surveillance-7900550427\" title=\"&quot;Chat control&quot; : un r\u00e8glement europ\u00e9en va-t-il placer les applications de messagerie sous surveillance ?\" target=\"_blank\" rel=\"nofollow noopener\">Chat Control<\/a>\u00ab\u00a0, aurait permis de <strong>scanner les conversations priv\u00e9es<\/strong>, ont annonc\u00e9 des responsables.<\/p>\n<p class=\"article-p mdl\">En 2022, la Commission europ\u00e9enne avait pr\u00e9sent\u00e9 une proposition de loi visant \u00e0 <strong>lutter contre la prolif\u00e9ration d&rsquo;images et de vid\u00e9os de violences sexuelles<\/strong> sur des enfants et contre la sollicitation d&rsquo;enfants par des p\u00e9docriminels, ce qui avait engendr\u00e9 de nombreux d\u00e9bats.<\/p>\n<p class=\"article-p mdl\">Soutenue par plusieurs associations de protection de l&rsquo;enfance,\u00a0<a class=\"link\" href=\"https:\/\/www.rtl.fr\/actu\/sciences-tech\/whatsapp-signal-messages-pourquoi-vos-conversations-en-ligne-pourraient-etre-moins-protegees-a-l-avenir-7900394640\" title=\"WhatsApp, Signal, Messages... Pourquoi vos conversations en ligne pourraient \u00eatre moins prot\u00e9g\u00e9es \u00e0 l&#039;avenir\" rel=\"nofollow noopener\" target=\"_blank\">elle pr\u00e9voyait d&rsquo;obliger les plateformes et services de messagerie en ligne \u00e0 d\u00e9tecter puis signaler de tels contenus<\/a>. Elle \u00e9tait n\u00e9anmoins <strong>critiqu\u00e9e par des eurod\u00e9put\u00e9s et certains pays<\/strong>, dont l&rsquo;Allemagne, qui y voyaient une atteinte \u00ab\u00a0disproportionn\u00e9e\u00a0\u00bb au respect de la vie priv\u00e9e.<\/p>\n<p class=\"article-p mdl\">Ces acteurs s&rsquo;inqui\u00e9taient tout particuli\u00e8rement de l&rsquo;utilisation d&rsquo;une technologie permettant de scanner les conversations priv\u00e9es d&rsquo;utilisateurs,\u00a0<a class=\"link\" href=\"https:\/\/www.rtl.fr\/actu\/sciences-tech\/loi-narcotrafic-pourquoi-nous-sommes-tous-concernes-par-les-attaques-contre-le-chiffrement-7900480436\" title=\"Loi narcotrafic : pourquoi nous sommes tous concern\u00e9s par les attaques contre le chiffrement\" rel=\"nofollow noopener\" target=\"_blank\">y compris sur des messageries crypt\u00e9es comme Signal ou WhatsApp<\/a>, pour y d\u00e9tecter des contenus p\u00e9dopornographiques. Les plateformes \u00e9taient elles aussi vent debout contre le texte.<\/p>\n<p>            62 % des contenus p\u00e9dopornographiques h\u00e9berg\u00e9s sur des serveurs dans l&rsquo;UE<\/p>\n<p class=\"article-p mdl\">Apr\u00e8s plusieurs ann\u00e9es de tractations, le Danemark, qui occupe actuellement la pr\u00e9sidence tournante de l&rsquo;Union europ\u00e9enne, a donc finalement d\u00e9cid\u00e9 de retirer cette mesure contest\u00e9e du texte, dans l&rsquo;espoir qu&rsquo;il soit enfin adopt\u00e9. En effet, <strong>les r\u00e8gles actuellement en vigueur pour d\u00e9tecter les contenus p\u00e9dopornographiques en ligne expirent en avril 2026<\/strong>.<\/p>\n<p class=\"article-p mdl\">Le nouveau compromis ressemble davantage \u00e0 ce qui est actuellement autoris\u00e9 : que les plateformes puissent d\u00e9tecter les contenus p\u00e9dopornographiques, mais exclusivement sur une base volontaire, sans se le faire ordonner par un juge par exemple. Des r\u00e8gles que plusieurs pays, dont le Danemark, jugent largement insuffisantes.<\/p>\n<p class=\"article-p mdl\">Un rapport de l&rsquo;organisation britannique Internet Watch Foundation (IWF) publi\u00e9 en 2024 estimait que 62 % des contenus p\u00e9dopornographiques \u00e9taient h\u00e9berg\u00e9s sur des serveurs situ\u00e9s dans l&rsquo;UE.<\/p>\n<p>    La r\u00e9daction vous recommande<\/p>\n<p class=\"s-newsletter__title\">\n                L\u2019actualit\u00e9 par la r\u00e9daction de RTL dans votre bo\u00eete mail.\n            <\/p>\n<p class=\"s-newsletter__subtitle\">\n                Gr\u00e2ce \u00e0 votre compte RTL abonnez-vous \u00e0 la newsletter RTL info pour suivre toute l&rsquo;actualit\u00e9 au quotidien\n            <\/p>\n<p>\n                                    Lire la suite\n                                <\/p>\n","protected":false},"excerpt":{"rendered":"L&rsquo;Union europ\u00e9enne va renoncer \u00e0 la mesure la plus critiqu\u00e9e d&rsquo;un texte contre la p\u00e9docriminalit\u00e9. Cette technologie, surnomm\u00e9e&hellip;\n","protected":false},"author":2,"featured_media":500648,"comment_status":"","ping_status":"","sticky":false,"template":"","format":"standard","meta":{"footnotes":""},"categories":[1586],"tags":[11,1777,674,1779,107,1011,27,12,1974,25,717,1778,364],"class_list":{"0":"post-500647","1":"post","2":"type-post","3":"status-publish","4":"format-standard","5":"has-post-thumbnail","7":"category-europe","8":"tag-actualites","9":"tag-eu","10":"tag-europe","11":"tag-european-union","12":"tag-fil-info","13":"tag-fr","14":"tag-france","15":"tag-news","16":"tag-pedocriminalite","17":"tag-republique-francaise","18":"tag-technologie","19":"tag-ue","20":"tag-union-europeenne"},"share_on_mastodon":{"url":"https:\/\/pubeurope.com\/@fr\/115464795852936693","error":""},"_links":{"self":[{"href":"https:\/\/www.europesays.com\/fr\/wp-json\/wp\/v2\/posts\/500647","targetHints":{"allow":["GET"]}}],"collection":[{"href":"https:\/\/www.europesays.com\/fr\/wp-json\/wp\/v2\/posts"}],"about":[{"href":"https:\/\/www.europesays.com\/fr\/wp-json\/wp\/v2\/types\/post"}],"author":[{"embeddable":true,"href":"https:\/\/www.europesays.com\/fr\/wp-json\/wp\/v2\/users\/2"}],"replies":[{"embeddable":true,"href":"https:\/\/www.europesays.com\/fr\/wp-json\/wp\/v2\/comments?post=500647"}],"version-history":[{"count":0,"href":"https:\/\/www.europesays.com\/fr\/wp-json\/wp\/v2\/posts\/500647\/revisions"}],"wp:featuredmedia":[{"embeddable":true,"href":"https:\/\/www.europesays.com\/fr\/wp-json\/wp\/v2\/media\/500648"}],"wp:attachment":[{"href":"https:\/\/www.europesays.com\/fr\/wp-json\/wp\/v2\/media?parent=500647"}],"wp:term":[{"taxonomy":"category","embeddable":true,"href":"https:\/\/www.europesays.com\/fr\/wp-json\/wp\/v2\/categories?post=500647"},{"taxonomy":"post_tag","embeddable":true,"href":"https:\/\/www.europesays.com\/fr\/wp-json\/wp\/v2\/tags?post=500647"}],"curies":[{"name":"wp","href":"https:\/\/api.w.org\/{rel}","templated":true}]}}