{"id":500649,"date":"2025-10-30T19:35:18","date_gmt":"2025-10-30T19:35:18","guid":{"rendered":"https:\/\/www.europesays.com\/fr\/500649\/"},"modified":"2025-10-30T19:35:18","modified_gmt":"2025-10-30T19:35:18","slug":"info-rtl-affaire-de-viol-au-tribunal-de-bobigny-les-deux-policiers-en-garde-a-vue-reconnaissent-des-relations-sexuelles-avec-la-plaignante","status":"publish","type":"post","link":"https:\/\/www.europesays.com\/fr\/500649\/","title":{"rendered":"INFO RTL &#8211; Affaire de viol au tribunal de Bobigny : les deux policiers en garde \u00e0 vue reconnaissent des relations sexuelles avec la plaignante"},"content":{"rendered":"<p class=\"article-p mdl\">L&rsquo;affaire est particuli\u00e8rement grave. Une jeune femme a \u00e9t\u00e9 plac\u00e9e au d\u00e9p\u00f4t, dans les cellules du tribunal de Bobigny dans la nuit du 28 au 29 octobre 2025, dans l&rsquo;attente d&rsquo;\u00eatre d\u00e9f\u00e9r\u00e9e au parquet de Bobigny pour des faits de soustraction par un parent \u00e0 ses obligations l\u00e9gales.<\/p>\n<p class=\"article-p mdl\">Elle accuse deux policiers affect\u00e9s \u00e0 la surveillance de ce d\u00e9p\u00f4t de l&rsquo;avoir viol\u00e9e et elle a d\u00e9pos\u00e9 plainte indique ce jeudi 30 octobre le procureur de Bobigny dans un communiqu\u00e9.<br \/>L&rsquo;Inspection g\u00e9n\u00e9rale de la police nationale (IGPN) a \u00e9t\u00e9 saisie et les deux fonctionnaires plac\u00e9s en garde \u00e0 vue ce jeudi matin. Au d\u00e9but de leur audition, selon les informations de RTL, les deux hommes ont reconnus\u00a0des relations sexuelles avec la plaignante tout en assurant qu&rsquo;elles \u00e9taient consenties.<\/p>\n<p class=\"article-p mdl\">Le pr\u00e9fet de police de Paris, Patrice Faure, a de son c\u00f4t\u00e9 annonc\u00e9 la suspension des deux fonctionnaires.<\/p>\n<p class=\"article-p mdl\">\u00ab\u00a0\u00c0 la suite de ce signalement, j&rsquo;ai imm\u00e9diatement suspendu de leurs fonctions les deux policiers affect\u00e9s au d\u00e9p\u00f4t du tribunal judiciaire de Bobigny apr\u00e8s que ceux-ci ont \u00e9t\u00e9 mis en cause pour des faits de viol pr\u00e9sum\u00e9s sur une personne d\u00e9f\u00e9r\u00e9e\u00a0\u00bb, a-t-il \u00e9crit sur X. Une enqu\u00eate est en cours.\u00a0<\/p>\n<p>    La r\u00e9daction vous recommande<\/p>\n<p class=\"s-newsletter__title\">\n                L\u2019actualit\u00e9 par la r\u00e9daction de RTL dans votre bo\u00eete mail.\n            <\/p>\n<p class=\"s-newsletter__subtitle\">\n                Gr\u00e2ce \u00e0 votre compte RTL abonnez-vous \u00e0 la newsletter RTL info pour suivre toute l&rsquo;actualit\u00e9 au quotidien\n            <\/p>\n<p>\n                                    Lire la suite\n                                <\/p>\n","protected":false},"excerpt":{"rendered":"L&rsquo;affaire est particuli\u00e8rement grave. Une jeune femme a \u00e9t\u00e9 plac\u00e9e au d\u00e9p\u00f4t, dans les cellules du tribunal de&hellip;\n","protected":false},"author":2,"featured_media":500650,"comment_status":"","ping_status":"","sticky":false,"template":"","format":"standard","meta":{"footnotes":""},"categories":[2],"tags":[11,898,6656,118,107,1011,27,303,1249,12,25],"class_list":{"0":"post-500649","1":"post","2":"type-post","3":"status-publish","4":"format-standard","5":"has-post-thumbnail","7":"category-actualites","8":"tag-actualites","9":"tag-alerte","10":"tag-bobigny","11":"tag-faits-divers","12":"tag-fil-info","13":"tag-fr","14":"tag-france","15":"tag-justice","16":"tag-justice-francaise","17":"tag-news","18":"tag-republique-francaise"},"share_on_mastodon":{"url":"https:\/\/pubeurope.com\/@fr\/115464799934432764","error":""},"_links":{"self":[{"href":"https:\/\/www.europesays.com\/fr\/wp-json\/wp\/v2\/posts\/500649","targetHints":{"allow":["GET"]}}],"collection":[{"href":"https:\/\/www.europesays.com\/fr\/wp-json\/wp\/v2\/posts"}],"about":[{"href":"https:\/\/www.europesays.com\/fr\/wp-json\/wp\/v2\/types\/post"}],"author":[{"embeddable":true,"href":"https:\/\/www.europesays.com\/fr\/wp-json\/wp\/v2\/users\/2"}],"replies":[{"embeddable":true,"href":"https:\/\/www.europesays.com\/fr\/wp-json\/wp\/v2\/comments?post=500649"}],"version-history":[{"count":0,"href":"https:\/\/www.europesays.com\/fr\/wp-json\/wp\/v2\/posts\/500649\/revisions"}],"wp:featuredmedia":[{"embeddable":true,"href":"https:\/\/www.europesays.com\/fr\/wp-json\/wp\/v2\/media\/500650"}],"wp:attachment":[{"href":"https:\/\/www.europesays.com\/fr\/wp-json\/wp\/v2\/media?parent=500649"}],"wp:term":[{"taxonomy":"category","embeddable":true,"href":"https:\/\/www.europesays.com\/fr\/wp-json\/wp\/v2\/categories?post=500649"},{"taxonomy":"post_tag","embeddable":true,"href":"https:\/\/www.europesays.com\/fr\/wp-json\/wp\/v2\/tags?post=500649"}],"curies":[{"name":"wp","href":"https:\/\/api.w.org\/{rel}","templated":true}]}}