{"id":500651,"date":"2025-10-30T19:36:37","date_gmt":"2025-10-30T19:36:37","guid":{"rendered":"https:\/\/www.europesays.com\/fr\/500651\/"},"modified":"2025-10-30T19:36:37","modified_gmt":"2025-10-30T19:36:37","slug":"condamne-pour-injures-raciales-envers-linda-kebbab-taha-bouhafs-na-toujours-pas-dedommage-la-policiere","status":"publish","type":"post","link":"https:\/\/www.europesays.com\/fr\/500651\/","title":{"rendered":"Condamn\u00e9 pour injures raciales envers Linda Kebbab, Taha Bouhafs n\u2019a toujours pas d\u00e9dommag\u00e9 la polici\u00e8re"},"content":{"rendered":"<p>\n    <strong>INFO LE FIGARO &#8211; <\/strong>Le journaliste militant n\u2019a \u00abaucun \u00e9l\u00e9ment de solvabilit\u00e9\u00bb, selon les r\u00e9centes conclusions d\u2019un commissaire de justice.<\/p>\n<p class=\"fig-paragraph\">Le journaliste militant\u00a0<a href=\"https:\/\/www.lefigaro.fr\/vox\/societe\/taha-bouhafs-pietre-journaliste-et-dangereux-militant-20200121\" target=\"_blank\" data-fig-type=\"Article\" rel=\"noopener nofollow\" data-gtm-custom-categorie=\"navigation\" data-gtm-custom-action=\"crossclick\" data-gtm-custom-label=\"Contextuel\" data-gtm-event=\"customEventSPE\" data-fig-domain=\"LEFIGARO\">Taha Bouhafs<\/a>, ancien candidat aux \u00e9lections l\u00e9gislatives pour La France insoumise (LFI) en 2017, a-t-il organis\u00e9 son insolvabilit\u00e9\u00a0? Presque deux ans apr\u00e8s avoir \u00e9t\u00e9 d\u00e9finitivement condamn\u00e9 par la justice fran\u00e7aise pour injure publique \u00e0 raison de l\u2019origine envers la syndicaliste polici\u00e8re\u00a0<a href=\"https:\/\/www.lefigaro.fr\/actualite-france\/linda-kebbab-policiere-revoltee-20201006\" target=\"_blank\" data-fig-type=\"Article\" rel=\"noopener nofollow\" data-gtm-custom-categorie=\"navigation\" data-gtm-custom-action=\"crossclick\" data-gtm-custom-label=\"Contextuel\" data-gtm-event=\"customEventSPE\" data-fig-domain=\"LEFIGARO\">Linda Kebbab<\/a>, le Franco-Alg\u00e9rien n\u2019a toujours pas pay\u00e9 les sommes, environ 9000 euros, qu\u2019il lui doit, a appris Le Figaro. Ces sommes recouvrent notamment les dommages et int\u00e9r\u00eats allou\u00e9s en premi\u00e8re instance et en appel, les frais d\u2019avocats en premi\u00e8re instance, en appel et en cassation ainsi que des frais d\u2019huissier.<\/p>\n<p class=\"fig-paragraph\">Selon les conclusions rendues mi-octobre par un commissaire de justice (autrefois appel\u00e9 huissier de justice), mandat\u00e9 par Linda Kebbab, Taha Bouhafs n\u2019a \u00abaucun \u00e9l\u00e9ment de solvabilit\u00e9 malgr\u00e9 toutes les recherches effectu\u00e9es\u00bb. Aucune adresse, aucun employeur, aucun compte bancaire et aucun v\u00e9hicule n\u2019ont pu \u00eatre trouv\u00e9s en France. La partie civile a 10 ans pour\u2026<\/p>\n<p class=\"fig-premium-paywall__infos\">\n        Cet article est r\u00e9serv\u00e9 aux abonn\u00e9s.        Il vous reste 78% \u00e0 d\u00e9couvrir.\n    <\/p>\n<p>                <img  data- alt=\"Le Figaro\" class=\"fig-img--complete fig-img\"\/><\/p>\n<p class=\"fig-premium-paywall__title\">Vous avez envie de lire la suite ?<\/p>\n<p class=\"fig-premium-paywall__subtitle\">D\u00e9bloquez tous les articles imm\u00e9diatement.<\/p>\n<p class=\"fig-premium-paywall__connect\">\n                D\u00e9j\u00e0 abonn\u00e9\u00a0?                <a class=\"fig-premium-paywall__connect-link\" href=\"https:\/\/connect.lefigaro.fr\/login?client=horizon_web&amp;type=main&amp;redirect_uri=https%3A%2F%2Fwww.lefigaro.fr%2Ffaits-divers%2Fcondamne-pour-injures-raciales-envers-linda-kebbab-taha-bouhafs-n-a-toujours-pas-dedommage-la-policiere-20251030\" data-js-gtm=\"{&quot;customCategorie&quot;: &quot;conversion&quot;, &quot;customAction&quot;: &quot;before_Landing_Connexion_paywall_auto&quot;, &quot;customLabel&quot;: &quot;bGVmaWdhcm8uZnJfXzFmMGI1NmRkLTE0YWUtNjVlOC04NjQ0LWE3YjViYjIyNTE0ZV9fQXJ0aWNsZQ==_Condamn\u00e9 pour injures raciales envers Linda Kebbab, Taha Bouhafs n\u2019a toujours pas d\u00e9dommag\u00e9 la polici\u00e8re_360&quot;, &quot;customIDSPE&quot;: &quot;bGVmaWdhcm8uZnJfXzFmMGI1NmRkLTE0YWUtNjVlOC04NjQ0LWE3YjViYjIyNTE0ZV9fQXJ0aWNsZQ==&quot;, &quot;event&quot;: &quot;customEventSPE&quot;}\" rel=\"nofollow noopener\" target=\"_blank\"><br \/>\n                    Connectez-vous<br \/>\n                <\/a>\n            <\/p>\n","protected":false},"excerpt":{"rendered":"INFO LE FIGARO &#8211; Le journaliste militant n\u2019a \u00abaucun \u00e9l\u00e9ment de solvabilit\u00e9\u00bb, selon les r\u00e9centes conclusions d\u2019un commissaire&hellip;\n","protected":false},"author":2,"featured_media":500652,"comment_status":"","ping_status":"","sticky":false,"template":"","format":"standard","meta":{"footnotes":""},"categories":[2],"tags":[11,1011,27,62283,12,2694,25,20957],"class_list":{"0":"post-500651","1":"post","2":"type-post","3":"status-publish","4":"format-standard","5":"has-post-thumbnail","7":"category-actualites","8":"tag-actualites","9":"tag-fr","10":"tag-france","11":"tag-linda-kebbab","12":"tag-news","13":"tag-proces","14":"tag-republique-francaise","15":"tag-taha-bouhafs"},"share_on_mastodon":{"url":"https:\/\/pubeurope.com\/@fr\/115464803682586114","error":""},"_links":{"self":[{"href":"https:\/\/www.europesays.com\/fr\/wp-json\/wp\/v2\/posts\/500651","targetHints":{"allow":["GET"]}}],"collection":[{"href":"https:\/\/www.europesays.com\/fr\/wp-json\/wp\/v2\/posts"}],"about":[{"href":"https:\/\/www.europesays.com\/fr\/wp-json\/wp\/v2\/types\/post"}],"author":[{"embeddable":true,"href":"https:\/\/www.europesays.com\/fr\/wp-json\/wp\/v2\/users\/2"}],"replies":[{"embeddable":true,"href":"https:\/\/www.europesays.com\/fr\/wp-json\/wp\/v2\/comments?post=500651"}],"version-history":[{"count":0,"href":"https:\/\/www.europesays.com\/fr\/wp-json\/wp\/v2\/posts\/500651\/revisions"}],"wp:featuredmedia":[{"embeddable":true,"href":"https:\/\/www.europesays.com\/fr\/wp-json\/wp\/v2\/media\/500652"}],"wp:attachment":[{"href":"https:\/\/www.europesays.com\/fr\/wp-json\/wp\/v2\/media?parent=500651"}],"wp:term":[{"taxonomy":"category","embeddable":true,"href":"https:\/\/www.europesays.com\/fr\/wp-json\/wp\/v2\/categories?post=500651"},{"taxonomy":"post_tag","embeddable":true,"href":"https:\/\/www.europesays.com\/fr\/wp-json\/wp\/v2\/tags?post=500651"}],"curies":[{"name":"wp","href":"https:\/\/api.w.org\/{rel}","templated":true}]}}