{"id":500653,"date":"2025-10-30T19:38:20","date_gmt":"2025-10-30T19:38:20","guid":{"rendered":"https:\/\/www.europesays.com\/fr\/500653\/"},"modified":"2025-10-30T19:38:20","modified_gmt":"2025-10-30T19:38:20","slug":"130-millions-deuros-annonces-pour-les-futures-maisons-france-sante","status":"publish","type":"post","link":"https:\/\/www.europesays.com\/fr\/500653\/","title":{"rendered":"130 millions d&rsquo;euros\u00a0annonc\u00e9s pour les futures maisons France Sant\u00e9"},"content":{"rendered":"<p>En d\u00e9placement \u00e0 Carentan (Manche), ce jeudi, le Premier ministre\u00a0a chiffrer son projet de d\u00e9veloppement des maisons France Sant\u00e9.\u00a0\u00ab On va modifier le projet de loi de finances pour la S\u00e9curit\u00e9 sociale avec une somme de 130 millions d&rsquo;euros\u00a0\u00bb, a-t-il d\u00e9clar\u00e9 \u00e0 ce sujet.<\/p>\n<p><a href=\"https:\/\/www.ledauphine.com\/p\/sebastien-lecornu\" target=\"_blank\" rel=\"nofollow noopener\">S\u00e9bastien Lecornu<\/a> avait d\u00e9j\u00e0 annonc\u00e9 le lancement de ces maisons France Sant\u00e9 lors de son premier d\u00e9placement en tant que chef du gouvernement \u00e0 M\u00e2con, mais sans apporter jusque l\u00e0 beaucoup de d\u00e9tails sur son projet.\u00a0Il s&rsquo;agira de\u00a0structures d\u00e9j\u00e0 existantes comme des maisons de sant\u00e9 (anim\u00e9es par des m\u00e9decins lib\u00e9raux) ou des centres de sant\u00e9 (o\u00f9 des m\u00e9decins salari\u00e9s exercent) qui recevront chacune un \u00ab forfait de 50.000 euros \u00bb, a-t-il expliqu\u00e9 \u00e0 Carentan, o\u00f9 il s&rsquo;est notamment rendu dans un centre hospitalier.<\/p>\n<p>\u00ab\u00a0Mont\u00e9e en puissance tr\u00e8s rapide\u00a0\u00bb<\/p>\n<p>Pour \u00eatre labellis\u00e9es France Sant\u00e9, ces structures devront \u00ab remplir quelques crit\u00e8res \u00bb comme l&rsquo;absence \u00ab de d\u00e9passement d&rsquo;honoraires \u00bb ou \u00ab un volume d&rsquo;horaires suffisant dans la semaine pour acc\u00e9der aux soins \u00bb, a notamment expliqu\u00e9 le chef du gouvernement.<\/p>\n<p>\u00ab Parfois ce sont des pharmacies qui constitueront la maison France sant\u00e9 parce que dans certains territoires ruraux, de toute fa\u00e7on, la seule pr\u00e9sence que vous avez, c&rsquo;est la pharmacie \u00bb a-t-il dit. \u00ab Je souhaite qu&rsquo;on ait globalement 15 \u00e0 20 maisons France sant\u00e9 qui soient agr\u00e9\u00e9es d&rsquo;ici \u00e0 No\u00ebl \u00bb puis \u00ab on doit avoir une mont\u00e9e en puissance tr\u00e8s rapide pour atteindre les 2\u00a0000 maisons \u00bb.<\/p>\n","protected":false},"excerpt":{"rendered":"En d\u00e9placement \u00e0 Carentan (Manche), ce jeudi, le Premier ministre\u00a0a chiffrer son projet de d\u00e9veloppement des maisons France&hellip;\n","protected":false},"author":2,"featured_media":500654,"comment_status":"","ping_status":"","sticky":false,"template":"","format":"standard","meta":{"footnotes":""},"categories":[4],"tags":[11,33,107,1011,27,329,12,316,25,71],"class_list":{"0":"post-500653","1":"post","2":"type-post","3":"status-publish","4":"format-standard","5":"has-post-thumbnail","7":"category-france","8":"tag-actualites","9":"tag-economie","10":"tag-fil-info","11":"tag-fr","12":"tag-france","13":"tag-france-monde","14":"tag-news","15":"tag-politique","16":"tag-republique-francaise","17":"tag-sante"},"share_on_mastodon":{"url":"https:\/\/pubeurope.com\/@fr\/115464811612954665","error":""},"_links":{"self":[{"href":"https:\/\/www.europesays.com\/fr\/wp-json\/wp\/v2\/posts\/500653","targetHints":{"allow":["GET"]}}],"collection":[{"href":"https:\/\/www.europesays.com\/fr\/wp-json\/wp\/v2\/posts"}],"about":[{"href":"https:\/\/www.europesays.com\/fr\/wp-json\/wp\/v2\/types\/post"}],"author":[{"embeddable":true,"href":"https:\/\/www.europesays.com\/fr\/wp-json\/wp\/v2\/users\/2"}],"replies":[{"embeddable":true,"href":"https:\/\/www.europesays.com\/fr\/wp-json\/wp\/v2\/comments?post=500653"}],"version-history":[{"count":0,"href":"https:\/\/www.europesays.com\/fr\/wp-json\/wp\/v2\/posts\/500653\/revisions"}],"wp:featuredmedia":[{"embeddable":true,"href":"https:\/\/www.europesays.com\/fr\/wp-json\/wp\/v2\/media\/500654"}],"wp:attachment":[{"href":"https:\/\/www.europesays.com\/fr\/wp-json\/wp\/v2\/media?parent=500653"}],"wp:term":[{"taxonomy":"category","embeddable":true,"href":"https:\/\/www.europesays.com\/fr\/wp-json\/wp\/v2\/categories?post=500653"},{"taxonomy":"post_tag","embeddable":true,"href":"https:\/\/www.europesays.com\/fr\/wp-json\/wp\/v2\/tags?post=500653"}],"curies":[{"name":"wp","href":"https:\/\/api.w.org\/{rel}","templated":true}]}}