{"id":500655,"date":"2025-10-30T19:39:10","date_gmt":"2025-10-30T19:39:10","guid":{"rendered":"https:\/\/www.europesays.com\/fr\/500655\/"},"modified":"2025-10-30T19:39:10","modified_gmt":"2025-10-30T19:39:10","slug":"rolex-grand-final-euan-walker-seul-en-tete-felix-mory-3e-lequipe","status":"publish","type":"post","link":"https:\/\/www.europesays.com\/fr\/500655\/","title":{"rendered":"Rolex Grand Final : Euan Walker seul en t\u00eate, F\u00e9lix Mory 3e &#8211; L&#039;\u00c9quipe"},"content":{"rendered":"<ol>\n<li><a href=\"https:\/\/news.google.com\/rss\/articles\/CBMipgFBVV95cUxPcU9RYW1vNWduX3MwNkJqSkUtaG5SaFhzLWJKb1BoMk1fVkJHdjl6a1g1OEd4TTUxSUtYZmR0YkdfSnhZN1AyU0lIcVdIRURHWHk3dnlNbDdlcDZxbEhxSVZURlowTHZWS0VfYkx6NHc4b0EzemotbXQxOF9DM1NhOW1SRjNHbWlhcGVoT2Ryenc4OGduYTZnaE9rUHRNWUFmMGxMQlR3?oc=5\" target=\"_blank\" rel=\"nofollow noopener\">Rolex Grand Final : Euan Walker seul en t\u00eate, F\u00e9lix Mory 3e<\/a>&nbsp;&nbsp;L&rsquo;\u00c9quipe<\/li>\n<li><a href=\"https:\/\/news.google.com\/rss\/articles\/CBMilAJBVV95cUxPNm51SE1jdURtdWpTdzF4b3pRUVBkSW52OWZoUkpmSjJ2QlBMNHR0UkNfY1h3ZEVwTDJUOFVMVmd4TnUtLWpSUURVM1RXTGlHZllGQU11QzRtUUVzWUItaXBDSEFqYnBsSUF0aU1ZMzZVX1E5NEUwNGhKeHY0a0hnZmJ1TlNyVlIxNVpEVFpFbkIyUUxzcVZSNGxmZlZXeUtEcWRzVy1UOUhjV25mOUhmdlAtMmhnbzhxekZaT0tlb050cE1lMEhpWEhjQUxWQ2kyVXhHekpTcl95UXlhVjVpMm9uQ2RHb2wwRk5ySnhhWVM3UVRCSUhSM0xhWDJkT3lwNWEwUExTZ3l3V0dQRDE2VGwtRDY?oc=5\" target=\"_blank\" rel=\"nofollow noopener\">Golf. Challenge Tour Grand Final: Euan Walker en t\u00eate apr\u00e8s le 1er tour, les Fran\u00e7ais en embuscade<\/a>&nbsp;&nbsp;Ouest-France<\/li>\n<li><a href=\"https:\/\/news.google.com\/rss\/articles\/CBMiiAFBVV95cUxQNnlCc2h0ejdhdm91amxyUVNRQ01sZHN0ZTZDRzhLUDBYbmdHQXpkQ2d1Mk4yUGZXUE5iejdaeHZkQ3BfQ2JjUlM2Nk1KUktaTEl3SWxTdW5NV005ZFZzUTg2TUViTUhZM1psakRINUkybURKbGNIY1JfWkpHTmhUaVBzU05KbDEy?oc=5\" target=\"_blank\" rel=\"nofollow noopener\">HotelPlanner Tour : les enjeux de la finale<\/a>&nbsp;&nbsp;Golf Plan\u00e8te<\/li>\n<li><a href=\"https:\/\/news.google.com\/rss\/articles\/CBMi3AFBVV95cUxOZDBvSG5BYmRDMjlxRFplT0tULUFBb0FKbFgzbUJDVG5qRXBCb3d2TGMwNVFjSTVBNElZY2dMM09kc0lES0ZTQV8zXzhGX1E4bnpFQVZFTHFqVzgxcVlkbXRKM3JWVVBYSFFCejFpRkJJaC1sbnhERDF6cFdFcERseWwxZ0Zjak9sQUpIM0hVcVBwcnVQdkkwZUxEMnBCaDBXZEJHNGRyQjlmUEpnWk9tMEt4ejBQZFlva3Vqa2pkWktlWXFadDBibFg1eG9TLXVmV0U0X0dyZ2pXcDJv?oc=5\" target=\"_blank\" rel=\"nofollow noopener\">Grosse semaine pour les Fran\u00e7ais<\/a>&nbsp;&nbsp;L&rsquo;\u00c9quipe<\/li>\n<li><a href=\"https:\/\/news.google.com\/rss\/articles\/CBMipgFBVV95cUxQRThOUGYwVFRxZmNTdmZKSnFEUEJpem9CZFF6MzRBMTRQSmpuaHZKeldxU0hQbEZKYnZIQlFhWHk2MTluSFlYVWw0UzAxNVctdDRuYTVTdkFYZ3lTQzcxeFdkbEtURnA5Zy1VbG45azI1YktCZDQ4WFYtT2wxUzFNc2dTVmFQakd2eE5WalBvY1BzcmtDeTFJVS01bC1YaG9iQ20yNGd3?oc=5\" target=\"_blank\" rel=\"nofollow noopener\">Golf professionnel : L&rsquo;actu du 27 octobre au 2 novembre<\/a>&nbsp;&nbsp;F\u00e9d\u00e9ration fran\u00e7aise de golf (ffgolf)<\/li>\n<\/ol>\n","protected":false},"excerpt":{"rendered":"Rolex Grand Final : Euan Walker seul en t\u00eate, F\u00e9lix Mory 3e&nbsp;&nbsp;L&rsquo;\u00c9quipe Golf. Challenge Tour Grand Final: Euan&hellip;\n","protected":false},"author":2,"featured_media":500656,"comment_status":"","ping_status":"","sticky":false,"template":"","format":"standard","meta":{"footnotes":""},"categories":[1418],"tags":[1011,27,1472,60],"class_list":{"0":"post-500655","1":"post","2":"type-post","3":"status-publish","4":"format-standard","5":"has-post-thumbnail","7":"category-golf","8":"tag-fr","9":"tag-france","10":"tag-golf","11":"tag-sports"},"share_on_mastodon":{"url":"https:\/\/pubeurope.com\/@fr\/115464815437625685","error":""},"_links":{"self":[{"href":"https:\/\/www.europesays.com\/fr\/wp-json\/wp\/v2\/posts\/500655","targetHints":{"allow":["GET"]}}],"collection":[{"href":"https:\/\/www.europesays.com\/fr\/wp-json\/wp\/v2\/posts"}],"about":[{"href":"https:\/\/www.europesays.com\/fr\/wp-json\/wp\/v2\/types\/post"}],"author":[{"embeddable":true,"href":"https:\/\/www.europesays.com\/fr\/wp-json\/wp\/v2\/users\/2"}],"replies":[{"embeddable":true,"href":"https:\/\/www.europesays.com\/fr\/wp-json\/wp\/v2\/comments?post=500655"}],"version-history":[{"count":0,"href":"https:\/\/www.europesays.com\/fr\/wp-json\/wp\/v2\/posts\/500655\/revisions"}],"wp:featuredmedia":[{"embeddable":true,"href":"https:\/\/www.europesays.com\/fr\/wp-json\/wp\/v2\/media\/500656"}],"wp:attachment":[{"href":"https:\/\/www.europesays.com\/fr\/wp-json\/wp\/v2\/media?parent=500655"}],"wp:term":[{"taxonomy":"category","embeddable":true,"href":"https:\/\/www.europesays.com\/fr\/wp-json\/wp\/v2\/categories?post=500655"},{"taxonomy":"post_tag","embeddable":true,"href":"https:\/\/www.europesays.com\/fr\/wp-json\/wp\/v2\/tags?post=500655"}],"curies":[{"name":"wp","href":"https:\/\/api.w.org\/{rel}","templated":true}]}}