{"id":50066,"date":"2025-04-24T20:45:12","date_gmt":"2025-04-24T20:45:12","guid":{"rendered":"https:\/\/www.europesays.com\/fr\/50066\/"},"modified":"2025-04-24T20:45:12","modified_gmt":"2025-04-24T20:45:12","slug":"a-nantes-les-eleves-et-les-parents-sous-le-choc","status":"publish","type":"post","link":"https:\/\/www.europesays.com\/fr\/50066\/","title":{"rendered":"\u00e0 Nantes, les \u00e9l\u00e8ves et les parents sous le choc"},"content":{"rendered":"<p>Astrid \u00e9tait en cours vers midi lorsqu&rsquo;une sonnerie a retenti. C&rsquo;est l&rsquo;alerte attentat. Mais le signal ne dure qu&rsquo;une petite seconde, si bien que l&rsquo;enseignante du lyc\u00e9e priv\u00e9 Notre-Dame-de-Toutes-Aides, \u00e0 Nantes, ne s&rsquo;inqui\u00e8te pas outre mesure. \u00ab\u00a0\u00c7a doit \u00eatre un petit souci\u00a0\u00bb, a-t-elle dit avant de reprendre. Il y avait pourtant bien un souci. Et m\u00eame un tr\u00e8s gros souci. En l&rsquo;occurrence <a class=\"link \" href=\"https:\/\/www.lepoint.fr\/societe\/a-nantes-un-lyceen-attaque-au-couteau-ses-camarades-au-moins-un-mort-24-04-2025-2588111_23.php\" rel=\"nofollow noopener\" target=\"_blank\" data-ylk=\"slk:une attaque au couteau;elm:context_link;itc:0;sec:content-canvas\">une attaque au couteau<\/a>, perp\u00e9tr\u00e9e quelques minutes plus t\u00f4t par un \u00e9l\u00e8ve de seconde de 15\u00a0ans, Justin P., qui s&rsquo;en est pris \u00e0 plusieurs de ses camarades avant d&rsquo;\u00eatre ma\u00eetris\u00e9 par un membre du personnel, puis interpell\u00e9.<\/p>\n<p>Au moins quatre personnes ont \u00e9t\u00e9 touch\u00e9es, dont une jeune fille, mortellement atteinte. Un acte possiblement pr\u00e9m\u00e9dit\u00e9 puisque l&rsquo;auteur pr\u00e9sum\u00e9 avait envoy\u00e9 un long e-mail au pr\u00e9alable \u00e0 tous les \u00e9l\u00e8ves de l&rsquo;\u00e9tablissement. Intitul\u00e9 \u00ab\u00a0L&rsquo;action immunitaire\u00a0\u00bb, ce PDF qui comporte un symbole en branches vertes sur sa premi\u00e8re page, se d\u00e9coupe en plusieurs paragraphes \u00e9voquant, entre autres, \u00ab\u00a0l&rsquo;\u00e9cocide\u00a0\u00bb ou encore \u00ab\u00a0l&rsquo;ali\u00e9nation sociale\u00a0\u00bb, avec une illustration reprenant le tableau Le Misanthrope, peint en\u00a01568\u00a0par Pieter Brueghel l&rsquo;Ancien.<\/p>\n<p>\u00ab\u00a0Un lyc\u00e9e habituellement tr\u00e8s calme\u00a0\u00bb<\/p>\n<p>Un v\u00e9ritable manifeste qui comporte aussi un sous-titre \u2013 \u00ab\u00a0La r\u00e9volte est d\u00e9j\u00e0 la plus grande victoire que nous puissions atteindre\u00a0\u00bb \u2013 et un avertissement\u00a0: \u00ab\u00a0Je tiens \u00e0 pr\u00e9ciser que ce document ne justifie aucun acte.\u00a0\u00bb Exp\u00e9di\u00e9 \u00e0 12\u00a0h\u00a015 \u00e0 l&rsquo;ensemble des\u00a052\u00a0classes de ce\u00a0lyc\u00e9e priv\u00e9 et [&#8230;] <a href=\"https:\/\/www.lepoint.fr\/societe\/maman-il-y-a-eu-une-attaque-au-couteau-a-nantes-les-eleves-et-les-parents-sous-le-choc-24-04-2025-2588121_23.php\" rel=\"nofollow noopener\" target=\"_blank\" data-ylk=\"slk:Lire la suite;elm:context_link;itc:0;sec:content-canvas\" class=\"link \">Lire la suite<\/a><\/p>\n","protected":false},"excerpt":{"rendered":"Astrid \u00e9tait en cours vers midi lorsqu&rsquo;une sonnerie a retenti. C&rsquo;est l&rsquo;alerte attentat. Mais le signal ne dure&hellip;\n","protected":false},"author":2,"featured_media":50067,"comment_status":"","ping_status":"","sticky":false,"template":"","format":"standard","meta":{"footnotes":""},"categories":[1586],"tags":[11,1777,674,1779,1011,27,14250,12,25,1778,364],"class_list":{"0":"post-50066","1":"post","2":"type-post","3":"status-publish","4":"format-standard","5":"has-post-thumbnail","7":"category-europe","8":"tag-actualites","9":"tag-eu","10":"tag-europe","11":"tag-european-union","12":"tag-fr","13":"tag-france","14":"tag-lycee-prive","15":"tag-news","16":"tag-republique-francaise","17":"tag-ue","18":"tag-union-europeenne"},"share_on_mastodon":{"url":"https:\/\/pubeurope.com\/@fr\/114394898362733338","error":""},"_links":{"self":[{"href":"https:\/\/www.europesays.com\/fr\/wp-json\/wp\/v2\/posts\/50066","targetHints":{"allow":["GET"]}}],"collection":[{"href":"https:\/\/www.europesays.com\/fr\/wp-json\/wp\/v2\/posts"}],"about":[{"href":"https:\/\/www.europesays.com\/fr\/wp-json\/wp\/v2\/types\/post"}],"author":[{"embeddable":true,"href":"https:\/\/www.europesays.com\/fr\/wp-json\/wp\/v2\/users\/2"}],"replies":[{"embeddable":true,"href":"https:\/\/www.europesays.com\/fr\/wp-json\/wp\/v2\/comments?post=50066"}],"version-history":[{"count":0,"href":"https:\/\/www.europesays.com\/fr\/wp-json\/wp\/v2\/posts\/50066\/revisions"}],"wp:featuredmedia":[{"embeddable":true,"href":"https:\/\/www.europesays.com\/fr\/wp-json\/wp\/v2\/media\/50067"}],"wp:attachment":[{"href":"https:\/\/www.europesays.com\/fr\/wp-json\/wp\/v2\/media?parent=50066"}],"wp:term":[{"taxonomy":"category","embeddable":true,"href":"https:\/\/www.europesays.com\/fr\/wp-json\/wp\/v2\/categories?post=50066"},{"taxonomy":"post_tag","embeddable":true,"href":"https:\/\/www.europesays.com\/fr\/wp-json\/wp\/v2\/tags?post=50066"}],"curies":[{"name":"wp","href":"https:\/\/api.w.org\/{rel}","templated":true}]}}