{"id":500660,"date":"2025-10-30T19:46:12","date_gmt":"2025-10-30T19:46:12","guid":{"rendered":"https:\/\/www.europesays.com\/fr\/500660\/"},"modified":"2025-10-30T19:46:12","modified_gmt":"2025-10-30T19:46:12","slug":"cyclisme-route-jayco-alula-et-liv-alula-jayco-sont-sauves-sur-le-gong","status":"publish","type":"post","link":"https:\/\/www.europesays.com\/fr\/500660\/","title":{"rendered":"Cyclisme. Route &#8211; Jayco AlUla et Liv AlUla Jayco sont sauv\u00e9s sur le gong"},"content":{"rendered":"<p><strong><a href=\"https:\/\/www.cyclismactu.net\/..\/news-route-la-formation-jayco-alula-est-en-crise-et-pourrait-meme-disparaitre-90787.html\" target=\"_blank\" rel=\"noopener\">Jayco AlUla<\/a><\/strong> n\u2019est plus en danger. Les \u00e9quipes masculine et f\u00e9minine de la formation australienne, absentes de la liste provisoire des demandes de licence publi\u00e9e la semaine derni\u00e8re par l\u2019<strong>UCI<\/strong>, n\u2019avaient pas encore fourni les garanties bancaires requises. Mais selon <a href=\"https:\/\/www.wielerflits.nl\/nieuws\/jayco-alula-komt-met-de-schrik-vrij-na-geldproblemen\/\" target=\"_blank\" rel=\"noopener\">WielerFlits<\/a>, le manager g\u00e9n\u00e9ral <strong>Brent Copeland <\/strong>a annonc\u00e9 ce jeudi \u00e0 ses coureurs et au staff que les probl\u00e8mes \u00e9taient d\u00e9sormais r\u00e9solus.<\/p>\n<p>Vid\u00e9o &#8211; Ben O&rsquo;Connor, leader de cette \u00e9quipe Jayco AlUla Lire la suite de l&rsquo;article&#13;<\/p>\n<p>\u00a0<\/p>\n<p>&#13;<br \/>\nUn grand \u00ab\u00a0ouf\u00a0\u00bb de soulagement&#13;<\/p>\n<p>Depuis une dizaine de jours, les rumeurs allaient bon train autour de <strong>Jayco AlUla<\/strong> et <strong>Liv AlUla Jayco<\/strong>, \u00e9voquant aussi bien une disparition pure et simple des deux \u00e9quipes qu\u2019une \u00e9ventuelle poursuite sous une forme r\u00e9duite. Leur absence de la premi\u00e8re liste de demandes de licence <strong>UCI <\/strong>avait, conform\u00e9ment au r\u00e8glement, lib\u00e9r\u00e9 les coureurs et coureuses de leurs engagements, leur permettant de n\u00e9gocier avec d\u2019autres formations. <strong>Copeland <\/strong>aurait tenu \u00e0 remercier ceux qui avaient choisi de rester malgr\u00e9 l\u2019incertitude, tout en pr\u00e9sentant ses excuses \u00e0 l\u2019ensemble du personnel pour le flou des derni\u00e8res semaines.<\/p>\n<p>&#13;<\/p>\n<p>Selon plusieurs sources, la situation d\u00e9coulait de discussions confidentielles avec les partenaires du projet, qui ont pris plus de temps que pr\u00e9vu \u00e0 aboutir. Une solution a finalement \u00e9t\u00e9 trouv\u00e9e, garantissant la p\u00e9rennit\u00e9 des deux WorldTeams jusqu\u2019en 2026. Les sponsors<strong> AlUla<\/strong> et <strong>Giant<\/strong> auraient consenti d\u2019importants efforts financiers pour s\u00e9curiser l\u2019avenir de la structure. La d\u00e9cision finale revenait toutefois au propri\u00e9taire de l\u2019\u00e9quipe, <strong>Gerry Ryan<\/strong>, qui a donn\u00e9 son feu vert pour poursuivre au moins jusqu\u2019\u00e0 l\u2019an prochain. <strong>Jayco<\/strong>, rappelons-le, est l\u2019entreprise de ce riche entrepreneur australien, soutien historique du projet.<\/p>\n<p>&#13;<\/p>\n<p>Ainsi, <strong>Jayco AlUla<\/strong> et <strong>Liv AlUla Jayco<\/strong> sont sauv\u00e9es, au moins provisoirement. Les deux \u00e9quipes continueront d\u2019\u00e9voluer dans le peloton en 2026. Si la premi\u00e8re \u00e9ch\u00e9ance du 15 octobre pour le d\u00e9p\u00f4t des licences a bien \u00e9t\u00e9 manqu\u00e9e, la deuxi\u00e8me, fix\u00e9e au lundi 3 novembre, devrait \u00eatre respect\u00e9e : toutes les pi\u00e8ces du dossier sont d\u00e9sormais pr\u00eates et entre les mains de l\u2019<a href=\"https:\/\/www.cyclismactu.net\/..\/news-cyclisme-route-dopage-oier-lazkano-suspendu-pour-anomalies-dans-son-passeport-biologique-90812.html\" target=\"_blank\" rel=\"noopener\"><strong>UCI<\/strong><\/a>.<\/p>\n","protected":false},"excerpt":{"rendered":"Jayco AlUla n\u2019est plus en danger. Les \u00e9quipes masculine et f\u00e9minine de la formation australienne, absentes de la&hellip;\n","protected":false},"author":2,"featured_media":500661,"comment_status":"","ping_status":"","sticky":false,"template":"","format":"standard","meta":{"footnotes":""},"categories":[1411],"tags":[1154,207,211,1011,27,209,60,210,212,208,213],"class_list":{"0":"post-500660","1":"post","2":"type-post","3":"status-publish","4":"format-standard","5":"has-post-thumbnail","7":"category-cyclisme","8":"tag-cycling","9":"tag-cyclisme","10":"tag-ffc","11":"tag-fr","12":"tag-france","13":"tag-route","14":"tag-sports","15":"tag-tour-de-france","16":"tag-uci","17":"tag-velo","18":"tag-world-tour"},"share_on_mastodon":{"url":"https:\/\/pubeurope.com\/@fr\/115464843035578996","error":""},"_links":{"self":[{"href":"https:\/\/www.europesays.com\/fr\/wp-json\/wp\/v2\/posts\/500660","targetHints":{"allow":["GET"]}}],"collection":[{"href":"https:\/\/www.europesays.com\/fr\/wp-json\/wp\/v2\/posts"}],"about":[{"href":"https:\/\/www.europesays.com\/fr\/wp-json\/wp\/v2\/types\/post"}],"author":[{"embeddable":true,"href":"https:\/\/www.europesays.com\/fr\/wp-json\/wp\/v2\/users\/2"}],"replies":[{"embeddable":true,"href":"https:\/\/www.europesays.com\/fr\/wp-json\/wp\/v2\/comments?post=500660"}],"version-history":[{"count":0,"href":"https:\/\/www.europesays.com\/fr\/wp-json\/wp\/v2\/posts\/500660\/revisions"}],"wp:featuredmedia":[{"embeddable":true,"href":"https:\/\/www.europesays.com\/fr\/wp-json\/wp\/v2\/media\/500661"}],"wp:attachment":[{"href":"https:\/\/www.europesays.com\/fr\/wp-json\/wp\/v2\/media?parent=500660"}],"wp:term":[{"taxonomy":"category","embeddable":true,"href":"https:\/\/www.europesays.com\/fr\/wp-json\/wp\/v2\/categories?post=500660"},{"taxonomy":"post_tag","embeddable":true,"href":"https:\/\/www.europesays.com\/fr\/wp-json\/wp\/v2\/tags?post=500660"}],"curies":[{"name":"wp","href":"https:\/\/api.w.org\/{rel}","templated":true}]}}