{"id":500666,"date":"2025-10-30T19:49:11","date_gmt":"2025-10-30T19:49:11","guid":{"rendered":"https:\/\/www.europesays.com\/fr\/500666\/"},"modified":"2025-10-30T19:49:11","modified_gmt":"2025-10-30T19:49:11","slug":"le-musee-du-louvre-attendait-des-travaux-de-surete-depuis-sept-ans","status":"publish","type":"post","link":"https:\/\/www.europesays.com\/fr\/500666\/","title":{"rendered":"Le Mus\u00e9e du Louvre attendait des travaux de s\u00fbret\u00e9\u2026 depuis sept ans"},"content":{"rendered":"<p>Alors qu\u2019un rapport \u2013 encore confidentiel \u2013 de l\u2019Inspection g\u00e9n\u00e9rale des affaires culturelles sur la s\u00e9curit\u00e9 au Louvre a \u00e9t\u00e9 remis le 29\u00a0octobre \u00e0 la ministre de la culture, la commission culture du S\u00e9nat a poursuivi ses investigations sur ce br\u00fblant sujet, apr\u00e8s avoir auditionn\u00e9 la pr\u00e9sidente du mus\u00e9e, Laurence des Cars, la semaine derni\u00e8re. Mardi 28\u00a0octobre, plusieurs s\u00e9nateurs se sont rendus au Louvre, avant d\u2019entendre l\u2019apr\u00e8s-midi la ministre Rachida Dati sur son budget. Celle-ci a reconnu que \u00ab\u00a0des failles s\u00e9curitaires ont bien exist\u00e9\u00a0\u00bb et ont permis le cambriolage d\u2019une partie des bijoux de la Couronne, et elle a promis d\u2019annoncer des mesures dans les prochains jours.<\/p>\n<p>Cet article est r\u00e9serv\u00e9 aux abonn\u00e9s<\/p>\n<p>\n                    Vous souhaitez lire la suite\u00a0? Abonnez-vous sans engagement \u00e0 notre offre num\u00e9rique\n                <\/p>\n<p>                <a href=\"https:\/\/www.la-croix.com\/abonnement\" class=\"default-paywall__subscribe-button\" data-tracking=\"cta_click\" data-tracking-action=\"voir la page abonnement\" data-tracking-category=\"abonnement\" rel=\"nofollow noopener\" target=\"_blank\">Je m&rsquo;abonne<\/a><\/p>\n","protected":false},"excerpt":{"rendered":"Alors qu\u2019un rapport \u2013 encore confidentiel \u2013 de l\u2019Inspection g\u00e9n\u00e9rale des affaires culturelles sur la s\u00e9curit\u00e9 au Louvre&hellip;\n","protected":false},"author":2,"featured_media":500667,"comment_status":"","ping_status":"","sticky":false,"template":"","format":"standard","meta":{"footnotes":""},"categories":[1358],"tags":[1348,1384,1385,1386,58,59,1011,27],"class_list":{"0":"post-500666","1":"post","2":"type-post","3":"status-publish","4":"format-standard","5":"has-post-thumbnail","7":"category-arts-et-design","8":"tag-arts","9":"tag-arts-and-design","10":"tag-arts-et-design","11":"tag-design","12":"tag-divertissement","13":"tag-entertainment","14":"tag-fr","15":"tag-france"},"share_on_mastodon":{"url":"https:\/\/pubeurope.com\/@fr\/115464854769805805","error":""},"_links":{"self":[{"href":"https:\/\/www.europesays.com\/fr\/wp-json\/wp\/v2\/posts\/500666","targetHints":{"allow":["GET"]}}],"collection":[{"href":"https:\/\/www.europesays.com\/fr\/wp-json\/wp\/v2\/posts"}],"about":[{"href":"https:\/\/www.europesays.com\/fr\/wp-json\/wp\/v2\/types\/post"}],"author":[{"embeddable":true,"href":"https:\/\/www.europesays.com\/fr\/wp-json\/wp\/v2\/users\/2"}],"replies":[{"embeddable":true,"href":"https:\/\/www.europesays.com\/fr\/wp-json\/wp\/v2\/comments?post=500666"}],"version-history":[{"count":0,"href":"https:\/\/www.europesays.com\/fr\/wp-json\/wp\/v2\/posts\/500666\/revisions"}],"wp:featuredmedia":[{"embeddable":true,"href":"https:\/\/www.europesays.com\/fr\/wp-json\/wp\/v2\/media\/500667"}],"wp:attachment":[{"href":"https:\/\/www.europesays.com\/fr\/wp-json\/wp\/v2\/media?parent=500666"}],"wp:term":[{"taxonomy":"category","embeddable":true,"href":"https:\/\/www.europesays.com\/fr\/wp-json\/wp\/v2\/categories?post=500666"},{"taxonomy":"post_tag","embeddable":true,"href":"https:\/\/www.europesays.com\/fr\/wp-json\/wp\/v2\/tags?post=500666"}],"curies":[{"name":"wp","href":"https:\/\/api.w.org\/{rel}","templated":true}]}}