{"id":500669,"date":"2025-10-30T19:52:14","date_gmt":"2025-10-30T19:52:14","guid":{"rendered":"https:\/\/www.europesays.com\/fr\/500669\/"},"modified":"2025-10-30T19:52:14","modified_gmt":"2025-10-30T19:52:14","slug":"il-y-aura-des-repercussions-cest-inevitable-la-sortie-du-livre-choc-sur-le-rap-enflamme-lindustrie-du-disque-le-parisien","status":"publish","type":"post","link":"https:\/\/www.europesays.com\/fr\/500669\/","title":{"rendered":"\u00ab Il y aura des r\u00e9percussions, c\u2019est in\u00e9vitable \u00bb : la sortie du livre choc sur le rap enflamme l\u2019industrie du disque &#8211; Le Parisien"},"content":{"rendered":"<ol>\n<li><a href=\"https:\/\/news.google.com\/rss\/articles\/CBMipwJBVV95cUxQRFhqNTlNMWVod1R0M0lfTlB2Y1Rsck5oOGdpbEctMDZncXZSVU5BdGlxTUJ0cVM2cTB3VWxsWlNsdVJMbC1ZUjZuLXpJX01tSDdNWHZzbkVUTlNWRUhuQXlwdTZhVWotajlnMlZWYmZUODVvLXZveWF4dmI2am8wRGp0WDNEWWRCQ2ktWU95cXBpbTNEQ3hNbzFyYy1KQkFtTmVjcXQ0cDJTUGJ4VWpWMkxiaTEzRC11ZFp0UzdGMzJnOTN6aXpkT2NxUkI2RWx3Z0NzZVdiTVZ1OXdKVlI3bHFkMFJmSmNsTEYtclBQeGJNX0RyS21EblpQb0pSQ3oxdWRNYVNKclZEaV9KV1JpcF9HZmtkWExlQmxRUXhEcExkbHpyZlBB?oc=5\" target=\"_blank\" rel=\"nofollow noopener\">\u00ab Il y aura des r\u00e9percussions, c\u2019est in\u00e9vitable \u00bb : la sortie du livre choc sur le rap enflamme l\u2019industrie du disque<\/a>&nbsp;&nbsp;Le Parisien<\/li>\n<li><a href=\"https:\/\/news.google.com\/rss\/articles\/CBMiwgJBVV95cUxNeUlvVU9ELXJ6SkpJbmJDWXduXzh2c2l4R3RBSFI5YWt6XzBtdUwzbEtJWkRlSEcybXE1cDloTDExakM0N3ZMcTV1UW5obFl2ZkdpMlpmeTkzMm44SE9fd01PdkZrSHRORk1DMGluYVNDb3BCRHBPR0pHVXZ4UlFMZDRTYmJxTjZnUUVHamhacm5sUnk1TW1abjdwR0pZejRzWFU5d3NadzRnMlluMlZRbGhReVJNQ21rU1Zoa29RVERnUnV3b19ZeWN0a2xtTTFRQlpTUDFaczNqS2NDRUljVTBnTXI2NWg0d2FJUnpJTUtJd3psSjB3RFNQSU96SnNMNmF4c3NSbFRjSDVCSlJlamIxd21QRmVFcUEwV2hVZ3JfeG40OXR6bXJaTlZWbC1uNk5CdFJKZUs5UDNjMi1qRzVn?oc=5\" target=\"_blank\" rel=\"nofollow noopener\">\u00ab Des organisations \u00e0 la violence sans limite ont fait irruption dans le rap fran\u00e7ais \u00bb : les extraits de \u00ab L\u2019Empire \u00bb, dans les coulisses criminelles d\u2019une industrie aux chiffres vertigineux<\/a>&nbsp;&nbsp;Le Monde.fr<\/li>\n<li><a href=\"https:\/\/news.google.com\/rss\/articles\/CBMigAJBVV95cUxNbThuVE9CN1J2dTZNX1B6RVRQQko2Z3hMZHR5ZVUza2lPbFZNN3ZGZ1R4RXpITE96anFvTEI5NjJrY21hdGY0SHZOTENZS1JYTVlSWjJBRDlTWGZzbDY0RmphVGNUQWl4RGl2OUNVZkF1WmFSR3ljWmhHQnNmekVNSHZrbUxkZmpBWXAwcV90OWdTUFVVSUJQMkFyMGlxaWpmclQyR21jdG1NMlY0Y0xsUU5OZ1VJMmRRQVRjNjZNVTBDcFk3cU4xTmJuMF9nRHVtSmRPRG5OUnpPdzk4RUo4d2tyOUh1T0ZDOU1tU01fak5vcGxreGh3YlZTQnlscGxr?oc=5\" target=\"_blank\" rel=\"nofollow noopener\">\u00ab\u00a0Jul a d\u00fb se cacher pour enregistrer &lsquo;My World'\u00a0\u00bb : la face sombre du rap fran\u00e7ais d\u00e9voil\u00e9e dans le livre-enqu\u00eate \u00ab\u00a0L&rsquo;Empire\u00a0\u00bb<\/a>&nbsp;&nbsp;RTL.fr<\/li>\n<li><a href=\"https:\/\/news.google.com\/rss\/articles\/CBMitAFBVV95cUxNT3lscFBQVHJONkE0N1VrMnJqdHFCX3I5Ql9ndnY5Q2w1dE1uZW1mRUYtaG5oN29tMENCVUlRZG9XSEN0cnFmeUZKZTVGQmtLWmt2OWlFWmdyX2NzVko3dGVyU240aWJhanNBWi1EWDlLZnpwLU8tUEJhZTlFWGwtXzZMdDBNREZ3Q09Hcmp3TDFTSjRUOWU3YnFtZm5fdnNSTjlWYU9wZmJvbHMyV05PM1UxeGs?oc=5\" target=\"_blank\" rel=\"nofollow noopener\">Joan Tilouine : \u00ab\u00a0Il y a des liens sulfureux entre certains entourages de rappeurs et des figures du grand banditisme\u00a0\u00bb<\/a>&nbsp;&nbsp;Radio France<\/li>\n<li><a href=\"https:\/\/news.google.com\/rss\/articles\/CBMizgFBVV95cUxNODJ0UjhtTmdyZmZnN1dVS0F3dEsxdmlIT0Vtdm55NlBqYjhlZUdnZ0tVS3dDQmFERGdLWUh0TkVYUHVWcTZwZzAzSU94Z3JmTkFmQ1p3clVWV1NsZDVRYnlrMnpBRFNKNWFEQ3dnZFJobG5NRFZ2NUNHWV9nbUhZeGEzYXJnaW5iWVd2MnA1THNxNWJlWTBlZHY5X2lENUpKNUdGNWhtRnc1OW9BNlRRYXl0Qzl3anhxNzl4MEEtZmctc0pTY1F5Z1c0TjgxQQ?oc=5\" target=\"_blank\" rel=\"nofollow noopener\">Le rappeur Maes soup\u00e7onn\u00e9 par la justice d\u2019avoir commandit\u00e9 des assassinats<\/a>&nbsp;&nbsp;Le HuffPost<\/li>\n<\/ol>\n","protected":false},"excerpt":{"rendered":"\u00ab Il y aura des r\u00e9percussions, c\u2019est in\u00e9vitable \u00bb : la sortie du livre choc sur le rap&hellip;\n","protected":false},"author":2,"featured_media":500670,"comment_status":"","ping_status":"","sticky":false,"template":"","format":"standard","meta":{"footnotes":""},"categories":[1355],"tags":[872,58,59,1011,27,1361,873],"class_list":{"0":"post-500669","1":"post","2":"type-post","3":"status-publish","4":"format-standard","5":"has-post-thumbnail","7":"category-musique","8":"tag-culture-et-loisirs","9":"tag-divertissement","10":"tag-entertainment","11":"tag-fr","12":"tag-france","13":"tag-music","14":"tag-musique"},"share_on_mastodon":{"url":"https:\/\/pubeurope.com\/@fr\/115464867189356710","error":""},"_links":{"self":[{"href":"https:\/\/www.europesays.com\/fr\/wp-json\/wp\/v2\/posts\/500669","targetHints":{"allow":["GET"]}}],"collection":[{"href":"https:\/\/www.europesays.com\/fr\/wp-json\/wp\/v2\/posts"}],"about":[{"href":"https:\/\/www.europesays.com\/fr\/wp-json\/wp\/v2\/types\/post"}],"author":[{"embeddable":true,"href":"https:\/\/www.europesays.com\/fr\/wp-json\/wp\/v2\/users\/2"}],"replies":[{"embeddable":true,"href":"https:\/\/www.europesays.com\/fr\/wp-json\/wp\/v2\/comments?post=500669"}],"version-history":[{"count":0,"href":"https:\/\/www.europesays.com\/fr\/wp-json\/wp\/v2\/posts\/500669\/revisions"}],"wp:featuredmedia":[{"embeddable":true,"href":"https:\/\/www.europesays.com\/fr\/wp-json\/wp\/v2\/media\/500670"}],"wp:attachment":[{"href":"https:\/\/www.europesays.com\/fr\/wp-json\/wp\/v2\/media?parent=500669"}],"wp:term":[{"taxonomy":"category","embeddable":true,"href":"https:\/\/www.europesays.com\/fr\/wp-json\/wp\/v2\/categories?post=500669"},{"taxonomy":"post_tag","embeddable":true,"href":"https:\/\/www.europesays.com\/fr\/wp-json\/wp\/v2\/tags?post=500669"}],"curies":[{"name":"wp","href":"https:\/\/api.w.org\/{rel}","templated":true}]}}