{"id":500679,"date":"2025-10-30T19:57:14","date_gmt":"2025-10-30T19:57:14","guid":{"rendered":"https:\/\/www.europesays.com\/fr\/500679\/"},"modified":"2025-10-30T19:57:14","modified_gmt":"2025-10-30T19:57:14","slug":"cest-une-opportunite-en-or-affinity-est-desormais-gratuit-pour-tous-a-vie","status":"publish","type":"post","link":"https:\/\/www.europesays.com\/fr\/500679\/","title":{"rendered":"C\u2019est une opportunit\u00e9 en or ! Affinity est d\u00e9sormais gratuit pour tous, \u00e0 vie"},"content":{"rendered":"<p>Un an apr\u00e8s <a href=\"https:\/\/www.presse-citron.net\/canva-rachete-affinity-adobe-doit-il-sinquieter\/\" rel=\"nofollow noopener\" target=\"_blank\">son rachat par Canva<\/a>, la suite Affinity passe en acc\u00e8s libre. Les trois logiciels, <a href=\"https:\/\/www.presse-citron.net\/telecharger\/multimedia\/dessin_image\/affinity-photo.html\" rel=\"nofollow noopener\" target=\"_blank\">Affinity Photo<\/a>, Affinity Designer et Affinity Publisher, fusionnent et deviennent enti\u00e8rement gratuits \u00e0 vie, sur Mac, Windows et iPad. C\u2019est une d\u00e9cision rare, presque impensable dans un secteur domin\u00e9 par les formules mensuelles et les hausses de prix en cha\u00eene.<\/p>\n<p> Une r\u00e9f\u00e9rence pro \u00e0 port\u00e9e de tous <\/p>\n<p>Consid\u00e9r\u00e9e comme l\u2019alternative la plus s\u00e9rieuse \u00e0 la Creative Suite, Affinity s\u2019adresse surtout aux professionnels gr\u00e2ce \u00e0 des outils puissants, rapides, et pens\u00e9s pour le contr\u00f4le total du cr\u00e9ateur. Jusqu\u2019alors, il fallait d\u00e9bourser une soixantaine d\u2019euros par logiciel pour en profiter. Ce n\u2019est plus le cas\u00a0: <strong>tout le monde peut maintenant t\u00e9l\u00e9charger une application unifi\u00e9e, regroupant l\u2019ensemble des outils, sans contrepartie<\/strong>.<\/p>\n<p>\u00ab\u00a0Nous voulons redonner la libert\u00e9 aux cr\u00e9atifs. Affinity est d\u00e9sormais totalement gratuit, pour tout le monde, et pour toujours\u00a0\u00bb, a d\u00e9clar\u00e9 Ash Hewson, PDG d\u2019Affinity, lors d\u2019une conf\u00e9rence de presse. Une d\u00e9cision qui illustre parfaitement la philosophie de Canva: mettre le design et la cr\u00e9ation \u00e0 port\u00e9e de tous.<\/p>\n<p>\u00c9tudiants, freelances, enseignants ou simples passionn\u00e9s\u00a0: chacun peut d\u00e9sormais acc\u00e9der \u00e0 des outils de qualit\u00e9 professionnelle sans se ruiner. Et la plateforme promet de garder sa ligne de conduite malgr\u00e9 la gratuit\u00e9, avec des outils quasiment inchang\u00e9s. \u00ab\u00a0Affinity reste un outil pens\u00e9 par et pour des designers. Nous n\u2019avons pas l\u2019intention de le simplifier ou de le transformer, seulement de le rendre accessible\u00a0\u00bb, a insist\u00e9 le dirigeant.<\/p>\n<p> <img loading=\"lazy\" decoding=\"async\" class=\"size-full wp-image-687866\" src=\"https:\/\/www.europesays.com\/fr\/wp-content\/uploads\/2025\/10\/affinity-canva.jpg\" alt=\"Affinity Canva\" width=\"1920\" height=\"1080\"  \/>\u00a9 Affinity \/ Canva Unifier le monde du design <\/p>\n<p>Cette d\u00e9cision s\u2019inscrit dans la suite logique de la strat\u00e9gie de Canva. Depuis son acquisition d\u2019Affinity, la plateforme australienne cherche avant tout <a href=\"https:\/\/www.presse-citron.net\/canva-affinity-bilan\/\" rel=\"nofollow noopener\" target=\"_blank\">\u00e0 rendre compatibles deux mondes longtemps s\u00e9par\u00e9s<\/a> : les designers professionnels et les cr\u00e9atifs du quotidien. <strong>\u00ab\u00a0C\u2019est la rencontre de deux plateformes puissantes pour red\u00e9finir le futur du design professionnel\u00a0\u00bb<\/strong>, a illustr\u00e9 Hewson, cofondatrice de Canva.<\/p>\n<p>Et d\u00e9sormais, les ponts sont bien r\u00e9els. <strong>Il est en effet possible d\u2019exporter ses cr\u00e9ations d\u2019Affinity vers Canva pour les partager, les adapter ou les publier en ligne<\/strong>. Mieux encore, certaines fonctions d\u2019intelligence artificielle de Canva, comme le remplissage g\u00e9n\u00e9ratif ou la g\u00e9n\u00e9ration d\u2019images, sont \u00e9galement accessibles dans Affinity via un studio int\u00e9gr\u00e9, r\u00e9serv\u00e9 aux utilisateurs Premium.<\/p>\n<p>Le but du rachat qui avait fait couler tant d\u2019encre se mat\u00e9rialise enfin\u00a0: combiner la pr\u00e9cision d\u2019Affinity et la puissance collaborative de Canva, sans qu\u2019aucun ne perde son identit\u00e9. Reste \u00e0 voir, tout de m\u00eame, si cette gratuit\u00e9 n\u2019influera pas sur le logiciel \u00e0 plus long terme\u2026<\/p>\n<ul class=\"tldr\">\n<li>La suite professionnelle Affinity devient enti\u00e8rement gratuite, pour tous et \u00e0 vie.<\/li>\n<li>Une annonce qui rapproche le monde des cr\u00e9atifs du quotidien et celui des designers professionnels.<\/li>\n<li>Objectif affich\u00e9 : d\u00e9mocratiser le design sans rien sacrifier \u00e0 la pr\u00e9cision ni \u00e0 la libert\u00e9 de cr\u00e9ation.<\/li>\n<\/ul>\n<blockquote>\n<p class=\"text-base text-neutral-700 dark:text-neutral-300\">\ud83d\udccd Pour ne manquer aucune actualit\u00e9 de Presse-citron, suivez-nous sur <a href=\"https:\/\/news.google.com\/publications\/CAAqBggKMIPiNTC70wU?hl=fr&amp;gl=FR&amp;ceid=FR%3Afr\" target=\"_blank\" rel=\"nofollow noopener\">Google Actualit\u00e9s<\/a> et <a href=\"https:\/\/whatsapp.com\/channel\/0029VaCkGuz4NViitBXbEr0b\" target=\"_blank\" rel=\"nofollow noopener\">WhatsApp<\/a>.<\/p>\n<\/blockquote>\n","protected":false},"excerpt":{"rendered":"Un an apr\u00e8s son rachat par Canva, la suite Affinity passe en acc\u00e8s libre. Les trois logiciels, Affinity&hellip;\n","protected":false},"author":2,"featured_media":500680,"comment_status":"","ping_status":"","sticky":false,"template":"","format":"standard","meta":{"footnotes":""},"categories":[7],"tags":[7212,4942,28194,1386,1011,27,43,40,41,39,42,44],"class_list":{"0":"post-500679","1":"post","2":"type-post","3":"status-publish","4":"format-standard","5":"has-post-thumbnail","7":"category-sciences-et-technologies","8":"tag-canva","9":"tag-creation","10":"tag-creativite","11":"tag-design","12":"tag-fr","13":"tag-france","14":"tag-science","15":"tag-science-and-technology","16":"tag-sciences","17":"tag-sciences-et-technologies","18":"tag-technologies","19":"tag-technology"},"share_on_mastodon":{"url":"https:\/\/pubeurope.com\/@fr\/115464886991405640","error":""},"_links":{"self":[{"href":"https:\/\/www.europesays.com\/fr\/wp-json\/wp\/v2\/posts\/500679","targetHints":{"allow":["GET"]}}],"collection":[{"href":"https:\/\/www.europesays.com\/fr\/wp-json\/wp\/v2\/posts"}],"about":[{"href":"https:\/\/www.europesays.com\/fr\/wp-json\/wp\/v2\/types\/post"}],"author":[{"embeddable":true,"href":"https:\/\/www.europesays.com\/fr\/wp-json\/wp\/v2\/users\/2"}],"replies":[{"embeddable":true,"href":"https:\/\/www.europesays.com\/fr\/wp-json\/wp\/v2\/comments?post=500679"}],"version-history":[{"count":0,"href":"https:\/\/www.europesays.com\/fr\/wp-json\/wp\/v2\/posts\/500679\/revisions"}],"wp:featuredmedia":[{"embeddable":true,"href":"https:\/\/www.europesays.com\/fr\/wp-json\/wp\/v2\/media\/500680"}],"wp:attachment":[{"href":"https:\/\/www.europesays.com\/fr\/wp-json\/wp\/v2\/media?parent=500679"}],"wp:term":[{"taxonomy":"category","embeddable":true,"href":"https:\/\/www.europesays.com\/fr\/wp-json\/wp\/v2\/categories?post=500679"},{"taxonomy":"post_tag","embeddable":true,"href":"https:\/\/www.europesays.com\/fr\/wp-json\/wp\/v2\/tags?post=500679"}],"curies":[{"name":"wp","href":"https:\/\/api.w.org\/{rel}","templated":true}]}}