{"id":500681,"date":"2025-10-30T19:58:33","date_gmt":"2025-10-30T19:58:33","guid":{"rendered":"https:\/\/www.europesays.com\/fr\/500681\/"},"modified":"2025-10-30T19:58:33","modified_gmt":"2025-10-30T19:58:33","slug":"deux-candidats-a-la-reprise-de-claires-france-proposent-de-reembaucher-460-salaries-sur-829","status":"publish","type":"post","link":"https:\/\/www.europesays.com\/fr\/500681\/","title":{"rendered":"Deux candidats \u00e0 la reprise de Claire\u2019s France proposent de r\u00e9embaucher 460 salari\u00e9s sur 829"},"content":{"rendered":"<p>\n    La marque d\u2019accessoires, plac\u00e9e en redressement judiciaire, suscite des offres qui pourraient sauver plus d\u2019un salari\u00e9 sur deux, mais la majorit\u00e9 reste menac\u00e9e.<\/p>\n<p class=\"fig-paragraph\">Deux entreprises ont propos\u00e9 jeudi au tribunal des activit\u00e9s \u00e9conomiques de Paris de reprendre la marque Claire\u2019s en France, plac\u00e9e en redressement judiciaire fin juillet, et 460 salari\u00e9s sur les 829 de\u00a0<a href=\"http:\/\/www.lefigaro.fr\/flash-eco\/la-chaine-claire-s-se-declare-en-faillite-aux-etats-unis-ainsi-qu-au-canada-prochainement-20250806\" data-fig-type=\"NewsFlash\" data-gtm-custom-categorie=\"navigation\" data-gtm-custom-action=\"crossclick\" data-gtm-custom-label=\"Contextuel\" data-gtm-event=\"customEventSPE\" data-fig-domain=\"LEFIGARO\" rel=\"nofollow noopener\" target=\"_blank\">l\u2019enseigne de bijoux \u00e0 petits prix\u00a0<\/a>en France, ont indiqu\u00e9 les avocats des repr\u00e9sentants du personnel.<\/p>\n<p class=\"fig-paragraph\">Les soci\u00e9t\u00e9s en question sont le vendeur de bijoux fantaisie June, qui a d\u00e9j\u00e0 obtenu l\u2019autorisation d\u2019exploiter la marque Claire\u2019s et souhaite reprendre 426 salari\u00e9s, et le vendeur espagnol de coques de t\u00e9l\u00e9phone La Casa de las Carcasas, qui entend reprendre 34 salari\u00e9s. \u00abCes offres\u00bb, qui ont toutes les chances d\u2019\u00eatre valid\u00e9es le 14 novembre par le tribunal \u00absont solides et p\u00e9rennes et pourraient permettre de sauver quasiment 50% des emplois\u00bb, a assur\u00e9 Me Eve Ouanson.<\/p>\n<p>                                    <a class=\"fig-a11y-skip a11y-hidden\" href=\"#fig-a11y-skip-main-inarticle\"><br \/>\n        Passer la publicit\u00e9<br \/>\n    <\/a><\/p>\n<p class=\"fig-paragraph\">Un plan de sauvegarde de l\u2019emploi (PSE) a d\u00e9j\u00e0 \u00e9t\u00e9 ouvert pour les salari\u00e9s qui ne sont pas concern\u00e9s par la reprise, qui devrait aboutir \u00e0 un licenciement pour la majorit\u00e9 d\u2019entre eux. \u00abLes organisations syndicales ont sign\u00e9 en responsabilit\u00e9 l\u2019accord sur ce PSE pour essayer de limiter la casse en termes d\u2019emplois\u00bb, a soulign\u00e9 Me Khaled Meziani.<\/p>\n<p>Les filiales am\u00e9ricaines et espagnoles en faillite<\/p>\n<p class=\"fig-paragraph\">La justice avait ouvert fin juillet une proc\u00e9dure de redressement judiciaire pour Claire\u2019s France, marque surtout connue pour ses petits bijoux, piercings et autres accessoires \u00e0 destination des adolescents. La direction le justifiait par la baisse continue des ventes en magasin depuis plusieurs ann\u00e9es, acc\u00e9l\u00e9r\u00e9e par\u00a0<a href=\"http:\/\/www.lefigaro.fr\/conjoncture\/dossier\/droits-de-douane-americains-notre-dossier-pour-tout-comprendre\" data-fig-type=\"Topic\" data-gtm-custom-categorie=\"navigation\" data-gtm-custom-action=\"crossclick\" data-gtm-custom-label=\"Contextuel\" data-gtm-event=\"customEventSPE\" data-fig-domain=\"LEFIGARO\" rel=\"nofollow noopener\" target=\"_blank\">les droits de douane am\u00e9ricains<\/a>\u00a0sur les produits chinois, auxquels Claire\u2019s recourt massivement.<\/p>\n<p class=\"fig-paragraph\">Mais selon les derniers comptes publi\u00e9s, Claire\u2019s France avait d\u00e9gag\u00e9 1,3 million d\u2019euros de b\u00e9n\u00e9fice net entre fin 2023 et fin 2024, et 0,8 million sur l\u2019exercice pr\u00e9c\u00e9dent. Une troisi\u00e8me offre de reprise avait un temps \u00e9t\u00e9 pr\u00e9sent\u00e9e \u00e0 l\u2019administrateur judiciaire avant qu\u2019elle ne soit finalement \u00e9cart\u00e9e.<\/p>\n<p class=\"fig-paragraph\">L\u2019enseigne Claire\u2019s n\u2019est pas qu\u2019en difficult\u00e9 en France\u00a0: sa maison m\u00e8re aux \u00c9tats-Unis s\u2019\u00e9tait d\u00e9clar\u00e9 en faillite en ao\u00fbt avant d\u2019\u00eatre reprise par un fonds d\u2019investissement. La filiale espagnole de Claire\u2019s s\u2019est \u00e9galement d\u00e9clar\u00e9e en cessation de paiements en septembre. Les repr\u00e9sentants du personnel ont signal\u00e9 d\u00e9but septembre \u00e0 la justice des faits qu\u2019ils qualifient \u00abd\u2019irr\u00e9gularit\u00e9s graves dans la gestion de la soci\u00e9t\u00e9\u00bb, accusant la maison m\u00e8re am\u00e9ricaine d\u2019avoir \u00abvid\u00e9 les caisses\u00bb via des \u00abflux financiers\u00bb entre les nombreuses filiales du groupe.<\/p>\n","protected":false},"excerpt":{"rendered":"La marque d\u2019accessoires, plac\u00e9e en redressement judiciaire, suscite des offres qui pourraient sauver plus d\u2019un salari\u00e9 sur deux,&hellip;\n","protected":false},"author":2,"featured_media":500682,"comment_status":"","ping_status":"","sticky":false,"template":"","format":"standard","meta":{"footnotes":""},"categories":[6],"tags":[35,33,34,1011,27,1103],"class_list":{"0":"post-500681","1":"post","2":"type-post","3":"status-publish","4":"format-standard","5":"has-post-thumbnail","7":"category-economie","8":"tag-business","9":"tag-economie","10":"tag-economy","11":"tag-fr","12":"tag-france","13":"tag-pret-a-porter"},"share_on_mastodon":{"url":"https:\/\/pubeurope.com\/@fr\/115464890449824887","error":""},"_links":{"self":[{"href":"https:\/\/www.europesays.com\/fr\/wp-json\/wp\/v2\/posts\/500681","targetHints":{"allow":["GET"]}}],"collection":[{"href":"https:\/\/www.europesays.com\/fr\/wp-json\/wp\/v2\/posts"}],"about":[{"href":"https:\/\/www.europesays.com\/fr\/wp-json\/wp\/v2\/types\/post"}],"author":[{"embeddable":true,"href":"https:\/\/www.europesays.com\/fr\/wp-json\/wp\/v2\/users\/2"}],"replies":[{"embeddable":true,"href":"https:\/\/www.europesays.com\/fr\/wp-json\/wp\/v2\/comments?post=500681"}],"version-history":[{"count":0,"href":"https:\/\/www.europesays.com\/fr\/wp-json\/wp\/v2\/posts\/500681\/revisions"}],"wp:featuredmedia":[{"embeddable":true,"href":"https:\/\/www.europesays.com\/fr\/wp-json\/wp\/v2\/media\/500682"}],"wp:attachment":[{"href":"https:\/\/www.europesays.com\/fr\/wp-json\/wp\/v2\/media?parent=500681"}],"wp:term":[{"taxonomy":"category","embeddable":true,"href":"https:\/\/www.europesays.com\/fr\/wp-json\/wp\/v2\/categories?post=500681"},{"taxonomy":"post_tag","embeddable":true,"href":"https:\/\/www.europesays.com\/fr\/wp-json\/wp\/v2\/tags?post=500681"}],"curies":[{"name":"wp","href":"https:\/\/api.w.org\/{rel}","templated":true}]}}