{"id":500685,"date":"2025-10-30T20:00:10","date_gmt":"2025-10-30T20:00:10","guid":{"rendered":"https:\/\/www.europesays.com\/fr\/500685\/"},"modified":"2025-10-30T20:00:10","modified_gmt":"2025-10-30T20:00:10","slug":"la-procureure-lance-un-message-de-clemence-aux-voleurs","status":"publish","type":"post","link":"https:\/\/www.europesays.com\/fr\/500685\/","title":{"rendered":"La procureure lance un message de cl\u00e9mence aux voleurs"},"content":{"rendered":"<p>Des talents de n\u00e9gociatrice digne du <a href=\"https:\/\/www.20minutes.fr\/dossier\/raid\" class=\"c-link c-link--is-underlined\" rel=\"nofollow noopener\" target=\"_blank\">RAID<\/a>\u00a0? Bon, peut-\u00eatre pas, mais la procureure de Paris adresse un message aux cambrioleurs et\/ou receleurs des bijoux du <a href=\"https:\/\/www.20minutes.fr\/dossier\/louvre\" class=\"c-link c-link--is-underlined\" rel=\"nofollow noopener\" target=\"_blank\">Louvre<\/a> ce jeudi, alors que cinq nouvelles interpellations ont \u00e9t\u00e9 r\u00e9alis\u00e9es ce matin. \u00ab\u00a0Evidemment la justice saura tenir compte de l\u2019absence de pr\u00e9judice de ce <a href=\"https:\/\/www.20minutes.fr\/dossier\/cambriolage\" class=\"c-link c-link--is-underlined\" rel=\"nofollow noopener\" target=\"_blank\">cambriolage<\/a>\u00a0\u00bb, a-t-elle annonc\u00e9.<\/p>\n<p>Ou, plus explicitement\u00a0: \u00ab\u00a0La coop\u00e9ration dans l\u2019enqu\u00eate, on en tient compte pour la peine \u00e9videmment.\u00a0\u00bb En gros, les voleurs auront une peine moindre s\u2019ils se rendent, remettent leur butin et coop\u00e8rent avec la justice.<\/p>\n<p>\u00ab\u00a0Il est encore temps de restituer les bijoux\u00a0\u00bb<\/p>\n<p>La veille d\u00e9j\u00e0, elle avait appel\u00e9 \u00e0 restituer les joyaux cambriol\u00e9s. \u00ab\u00a0Ces joyaux sont dor\u00e9navant bien \u00e9videmment invendables, avait lanc\u00e9 Laure Beccuau. Pour rappel, [\u2026] quiconque les ach\u00e8terait se rendrait coupable \u00e0 son tour de recel de ce crime. Il est encore temps de les restituer.\u00a0\u00bb<\/p>\n<\/p>\n<p>Malgr\u00e9 les avanc\u00e9es de l\u2019enqu\u00eate, les bijoux vol\u00e9s, estim\u00e9s \u00e0 88\u00a0millions d\u2019euros, restent introuvables. Les enqu\u00eateurs esp\u00e8rent que les deux suspects mis en examen hier, et les gard\u00e9s \u00e0 vue, pourront fournir plus d\u2019\u00e9l\u00e9ments sur le reste des malfaiteurs.<\/p>\n","protected":false},"excerpt":{"rendered":"Des talents de n\u00e9gociatrice digne du RAID\u00a0? Bon, peut-\u00eatre pas, mais la procureure de Paris adresse un message&hellip;\n","protected":false},"author":2,"featured_media":500686,"comment_status":"","ping_status":"","sticky":false,"template":"","format":"standard","meta":{"footnotes":""},"categories":[4],"tags":[47,11,5417,1174,118,1011,27,662,303,11274,3048,12,626,25],"class_list":{"0":"post-500685","1":"post","2":"type-post","3":"status-publish","4":"format-standard","5":"has-post-thumbnail","7":"category-france","8":"tag-actualite","9":"tag-actualites","10":"tag-bijoux","11":"tag-cambriolage","12":"tag-faits-divers","13":"tag-fr","14":"tag-france","15":"tag-ile-de-france","16":"tag-justice","17":"tag-louvre","18":"tag-musee","19":"tag-news","20":"tag-paris","21":"tag-republique-francaise"},"share_on_mastodon":{"url":"https:\/\/pubeurope.com\/@fr\/115464898364510354","error":""},"_links":{"self":[{"href":"https:\/\/www.europesays.com\/fr\/wp-json\/wp\/v2\/posts\/500685","targetHints":{"allow":["GET"]}}],"collection":[{"href":"https:\/\/www.europesays.com\/fr\/wp-json\/wp\/v2\/posts"}],"about":[{"href":"https:\/\/www.europesays.com\/fr\/wp-json\/wp\/v2\/types\/post"}],"author":[{"embeddable":true,"href":"https:\/\/www.europesays.com\/fr\/wp-json\/wp\/v2\/users\/2"}],"replies":[{"embeddable":true,"href":"https:\/\/www.europesays.com\/fr\/wp-json\/wp\/v2\/comments?post=500685"}],"version-history":[{"count":0,"href":"https:\/\/www.europesays.com\/fr\/wp-json\/wp\/v2\/posts\/500685\/revisions"}],"wp:featuredmedia":[{"embeddable":true,"href":"https:\/\/www.europesays.com\/fr\/wp-json\/wp\/v2\/media\/500686"}],"wp:attachment":[{"href":"https:\/\/www.europesays.com\/fr\/wp-json\/wp\/v2\/media?parent=500685"}],"wp:term":[{"taxonomy":"category","embeddable":true,"href":"https:\/\/www.europesays.com\/fr\/wp-json\/wp\/v2\/categories?post=500685"},{"taxonomy":"post_tag","embeddable":true,"href":"https:\/\/www.europesays.com\/fr\/wp-json\/wp\/v2\/tags?post=500685"}],"curies":[{"name":"wp","href":"https:\/\/api.w.org\/{rel}","templated":true}]}}