{"id":500687,"date":"2025-10-30T20:01:16","date_gmt":"2025-10-30T20:01:16","guid":{"rendered":"https:\/\/www.europesays.com\/fr\/500687\/"},"modified":"2025-10-30T20:01:16","modified_gmt":"2025-10-30T20:01:16","slug":"la-victime-na-pas-survecu-2","status":"publish","type":"post","link":"https:\/\/www.europesays.com\/fr\/500687\/","title":{"rendered":"la victime n\u2019a pas surv\u00e9cu"},"content":{"rendered":"<p>Les autorit\u00e9s judiciaires dijonnaises redoutaient une issue dramatique. Malheureusement, leurs craintes se sont confirm\u00e9es ce jeudi 30\u00a0octobre. Le jeune homme de 33 ans, qui \u00e9tait dans le coma depuis samedi 25\u00a0octobre, n\u2019a pas surv\u00e9cu \u00e0 <a href=\"https:\/\/www.bienpublic.com\/faits-divers-justice\/2025\/10\/27\/violente-agression-place-de-la-republique-un-homme-entre-la-vie-et-la-mort\" target=\"_blank\" rel=\"noopener\">la violente agression dont il a \u00e9t\u00e9 victime<\/a>.<\/p>\n<p>Alors qu\u2019il \u00e9tait sorti, vendredi soir 24\u00a0octobre, faire la f\u00eate avec des amis, place de la R\u00e9publique \u00e0 Dijon, la fin de soir\u00e9e avait d\u00e9g\u00e9n\u00e9r\u00e9. Vers 2 heures du matin, apr\u00e8s avoir quitt\u00e9 l\u2019\u00e9tablissement de nuit Le Cercle rhumerie Jama\u00efque, une grosse altercation avait \u00e9clat\u00e9 entre son petit groupe d\u2019amis et un autre groupe, pour une raison que l\u2019enqu\u00eate doit d\u00e9terminer.<\/p>\n<p>  Une requalification des faits<\/p>\n<p>L\u2019un des individus en \u00e9tait venu aux mains, frappant au visage la victime. Celle-ci s\u2019\u00e9tait \u00e9croul\u00e9e et avait violemment heurt\u00e9 le sol. Les videurs de la Jama\u00efque \u00e9taient rapidement intervenus pour s\u00e9parer les deux groupes et retenir l\u2019auteur des coups.<\/p>\n<p>Malgr\u00e9 des premiers soins prodigu\u00e9s tr\u00e8s vite par une infirmi\u00e8re pr\u00e9sente sur les lieux, le trentenaire, inconscient, \u00e9tait d\u00e9j\u00e0 dans un \u00e9tat critique. Plong\u00e9 dans le coma \u00e0 l\u2019h\u00f4pital, il a \u00e9t\u00e9 d\u00e9clar\u00e9 mort cinq jours plus tard.<\/p>\n<p>Son agresseur, lui, \u00e2g\u00e9 de 29 ans et inconnu de la justice, avait \u00e9t\u00e9 mis en examen et \u00e9crou\u00e9 pour violences d\u00e8s dimanche. Mais avec le d\u00e9c\u00e8s de la victime, le procureur va prochainement transmettre un r\u00e9quisitoire suppl\u00e9tif au juge d\u2019instruction et requalifier les faits en \u00ab\u00a0violences volontaires ayant entra\u00een\u00e9 la mort sans intention de la donner\u00a0\u00bb.<\/p>\n","protected":false},"excerpt":{"rendered":"Les autorit\u00e9s judiciaires dijonnaises redoutaient une issue dramatique. Malheureusement, leurs craintes se sont confirm\u00e9es ce jeudi 30\u00a0octobre. Le&hellip;\n","protected":false},"author":2,"featured_media":500688,"comment_status":"","ping_status":"","sticky":false,"template":"","format":"standard","meta":{"footnotes":""},"categories":[2],"tags":[11,2931,271,272,2930,8587,8588,274,107,1011,27,12],"class_list":{"0":"post-500687","1":"post","2":"type-post","3":"status-publish","4":"format-standard","5":"has-post-thumbnail","7":"category-actualites","8":"tag-actualites","9":"tag-cote-dor","10":"tag-crime","11":"tag-delit-et-contravention","12":"tag-dijon","13":"tag-dijon-ville","14":"tag-edition-dijon-et-son-agglomeration","15":"tag-faits-divers-justice","16":"tag-fil-info","17":"tag-fr","18":"tag-france","19":"tag-news"},"share_on_mastodon":{"url":"https:\/\/pubeurope.com\/@fr\/115464902670482277","error":""},"_links":{"self":[{"href":"https:\/\/www.europesays.com\/fr\/wp-json\/wp\/v2\/posts\/500687","targetHints":{"allow":["GET"]}}],"collection":[{"href":"https:\/\/www.europesays.com\/fr\/wp-json\/wp\/v2\/posts"}],"about":[{"href":"https:\/\/www.europesays.com\/fr\/wp-json\/wp\/v2\/types\/post"}],"author":[{"embeddable":true,"href":"https:\/\/www.europesays.com\/fr\/wp-json\/wp\/v2\/users\/2"}],"replies":[{"embeddable":true,"href":"https:\/\/www.europesays.com\/fr\/wp-json\/wp\/v2\/comments?post=500687"}],"version-history":[{"count":0,"href":"https:\/\/www.europesays.com\/fr\/wp-json\/wp\/v2\/posts\/500687\/revisions"}],"wp:featuredmedia":[{"embeddable":true,"href":"https:\/\/www.europesays.com\/fr\/wp-json\/wp\/v2\/media\/500688"}],"wp:attachment":[{"href":"https:\/\/www.europesays.com\/fr\/wp-json\/wp\/v2\/media?parent=500687"}],"wp:term":[{"taxonomy":"category","embeddable":true,"href":"https:\/\/www.europesays.com\/fr\/wp-json\/wp\/v2\/categories?post=500687"},{"taxonomy":"post_tag","embeddable":true,"href":"https:\/\/www.europesays.com\/fr\/wp-json\/wp\/v2\/tags?post=500687"}],"curies":[{"name":"wp","href":"https:\/\/api.w.org\/{rel}","templated":true}]}}