{"id":500689,"date":"2025-10-30T20:02:22","date_gmt":"2025-10-30T20:02:22","guid":{"rendered":"https:\/\/www.europesays.com\/fr\/500689\/"},"modified":"2025-10-30T20:02:22","modified_gmt":"2025-10-30T20:02:22","slug":"saint-genest-malifaux-les-anciens-sapeurs-pompiers-se-sont-reunis-pour-leur-repas-annuel","status":"publish","type":"post","link":"https:\/\/www.europesays.com\/fr\/500689\/","title":{"rendered":"Saint-Genest-Malifaux. Les anciens sapeurs-pompiers se sont r\u00e9unis pour leur repas annuel"},"content":{"rendered":"<p>Les membres de l\u2019Amicale des anciens sapeurs-pompiers de Saint-Genest-Malifaux se sont retrouv\u00e9s \u00e0 Riotord pour leur traditionnelle journ\u00e9e festive jeudi 23\u00a0octobre. Une trentaine de convives ont partag\u00e9 un copieux repas, et les plus courageux ont ensuite effectu\u00e9 une marche digestive, les autres ont pr\u00e9f\u00e9r\u00e9 taper le carton. Tous ont ensuite partag\u00e9 une petite collation pour clore la journ\u00e9e.<\/p>\n<p>Ils se sont donn\u00e9 rendez-vous le 10\u00a0janvier\u00a02026 \u00e0 la salle polyvalente de la mairie pour l\u2019assembl\u00e9e g\u00e9n\u00e9rale de l\u2019association.<\/p>\n","protected":false},"excerpt":{"rendered":"Les membres de l\u2019Amicale des anciens sapeurs-pompiers de Saint-Genest-Malifaux se sont retrouv\u00e9s \u00e0 Riotord pour leur traditionnelle journ\u00e9e&hellip;\n","protected":false},"author":2,"featured_media":500690,"comment_status":"","ping_status":"","sticky":false,"template":"","format":"standard","meta":{"footnotes":""},"categories":[9653],"tags":[1111,11,2430,1687,7539,1777,674,1011,27,12,4043,25,4001,15342,15343,953],"class_list":{"0":"post-500689","1":"post","2":"type-post","3":"status-publish","4":"format-standard","5":"has-post-thumbnail","7":"category-saint-etienne","8":"tag-actu","9":"tag-actualites","10":"tag-auvergne-rhone-alpes","11":"tag-culture-loisirs","12":"tag-edition-loire-sud","13":"tag-eu","14":"tag-europe","15":"tag-fr","16":"tag-france","17":"tag-news","18":"tag-repas-et-the-dansant","19":"tag-republique-francaise","20":"tag-saint-etienne","21":"tag-saint-genest-malifaux","22":"tag-saint-genest-malifaux-bassin","23":"tag-soiree"},"share_on_mastodon":{"url":"https:\/\/pubeurope.com\/@fr\/115464906098097758","error":""},"_links":{"self":[{"href":"https:\/\/www.europesays.com\/fr\/wp-json\/wp\/v2\/posts\/500689","targetHints":{"allow":["GET"]}}],"collection":[{"href":"https:\/\/www.europesays.com\/fr\/wp-json\/wp\/v2\/posts"}],"about":[{"href":"https:\/\/www.europesays.com\/fr\/wp-json\/wp\/v2\/types\/post"}],"author":[{"embeddable":true,"href":"https:\/\/www.europesays.com\/fr\/wp-json\/wp\/v2\/users\/2"}],"replies":[{"embeddable":true,"href":"https:\/\/www.europesays.com\/fr\/wp-json\/wp\/v2\/comments?post=500689"}],"version-history":[{"count":0,"href":"https:\/\/www.europesays.com\/fr\/wp-json\/wp\/v2\/posts\/500689\/revisions"}],"wp:featuredmedia":[{"embeddable":true,"href":"https:\/\/www.europesays.com\/fr\/wp-json\/wp\/v2\/media\/500690"}],"wp:attachment":[{"href":"https:\/\/www.europesays.com\/fr\/wp-json\/wp\/v2\/media?parent=500689"}],"wp:term":[{"taxonomy":"category","embeddable":true,"href":"https:\/\/www.europesays.com\/fr\/wp-json\/wp\/v2\/categories?post=500689"},{"taxonomy":"post_tag","embeddable":true,"href":"https:\/\/www.europesays.com\/fr\/wp-json\/wp\/v2\/tags?post=500689"}],"curies":[{"name":"wp","href":"https:\/\/api.w.org\/{rel}","templated":true}]}}