{"id":5007,"date":"2025-04-06T10:18:08","date_gmt":"2025-04-06T10:18:08","guid":{"rendered":"https:\/\/www.europesays.com\/fr\/5007\/"},"modified":"2025-04-06T10:18:08","modified_gmt":"2025-04-06T10:18:08","slug":"operation-anti-motocross-dans-le-massif-de-letoile","status":"publish","type":"post","link":"https:\/\/www.europesays.com\/fr\/5007\/","title":{"rendered":"Op\u00e9ration anti-motocross dans le massif de l\u2019\u00c9toile"},"content":{"rendered":"<p>Pas de d\u00e9ploiement d\u00e9mesur\u00e9. Un examen topographique, carte \u00e0 l\u2019appui soigneusement d\u00e9froiss\u00e9e sur le capot d\u2019un v\u00e9hicule de gendarmerie, suffit \u00e0 d\u00e9terminer les points strat\u00e9giques o\u00f9 se positionner pour coincer les contrevenants. Des jeunes la plupart du temps, qui viennent \u00ab\u00a0<a href=\"https:\/\/www.laprovence.com\/article\/faits-divers-justice\/2130363483623315\/rodeo-urbain-dans-le-15e-arrondissement-a-marseille-3-individus-en-garde-a-vue-et-2-motocross-saisies\" target=\"_blank\" rel=\"noopener\">de Marseille et sa banlieue<\/a>\u00ab\u00a0, observe d\u2019exp\u00e9rience le capitaine Hans Monnoye, commandant en second de la brigade territoriale autonome de gendarmerie d\u2019Aix-en-Provence.<\/p>\n<p>Il est 14\u00a0heures ce samedi 5\u00a0avril. Dans le massif de l\u2019\u00c9toile, le temps est relativement clair, le fond de l\u2019air plut\u00f4t doux. De quoi favoriser les balades en famille, les sorties en VTT, mais aussi le motocross sauvage. D\u2019o\u00f9 l\u2019op\u00e9ration \u00ab\u00a0flash\u00a0\u00bb men\u00e9e par une vingtaine de gendarmes, avec l\u2019appui de la police municipale de Simiane-Collongue, durant un peu plus d\u20191h30.<\/p>\n<p>8 infractions et 3 mises en fourri\u00e8re imm\u00e9diates<\/p>\n<p>Si la \u00ab\u00a0moisson\u00a0\u00bb n\u2019est pas n\u00e9gligeable &#8211; 8 infractions au code de la route et de l\u2019environnement, suivies de 3 mises en fourri\u00e8re imm\u00e9diates &#8211; elle n\u2019est pas tout \u00e0 fait \u00e0 la hauteur des esp\u00e9rances du capitaine Monnoye qui temp\u00e8re cependant sa d\u00e9ception, au regard d\u2019une forme d\u2019ins\u00e9curit\u00e9 qu\u2019il s\u2019agit de distiller\u00a0: \u00ab\u00a0L\u2019objectif, c\u2019est que les amateurs de motocross y regardent \u00e0 deux fois avant de venir, en se demandant si on sera l\u00e0 ou pas\u2026\u00a0\u00bb.<\/p>\n<p>Et pour mieux d\u00e9stabiliser les contrevenants, le militaire le promet\u00a0: \u00ab\u00a0Ce type d\u2019op\u00e9ration flash sera r\u00e9\u00e9dit\u00e9 r\u00e9guli\u00e8rement, \u00e0 des dates surprises\u2026\u00a0\u00bb.<\/p>\n<p>Dans le massif, qui offre une vue imprenable, sur Marseille d\u2019un c\u00f4t\u00e9 et l\u2019\u00e9tang de Berre de l\u2019autre, mais dont se moquent bien les pilotes d\u2019engins p\u00e9taradants, la pr\u00e9sence des gendarmes a en tout cas \u00e9t\u00e9 salu\u00e9e par les promeneurs qui ont crois\u00e9 les tenues camouflage de la gendarmerie. \u00ab\u00a0Les gens nous ont fait part de leur satisfaction \u00e0 nous trouver sur les lieux, car la <a href=\"https:\/\/www.laprovence.com\/article\/papier\/6756883\/haro-sur-le-motocross-sauvage.html\" target=\"_blank\" rel=\"noopener\">cohabitation<\/a> est souvent compliqu\u00e9e\u00a0\u00bb, confirme Hans Monnoye.<\/p>\n<p>\u00ab\u00a0On observe, on intercepte, on verbalise\u00a0\u00bb<\/p>\n<p>Avec ses effectifs, le capitaine avait particuli\u00e8rement bien aff\u00fbt\u00e9 le dispositif, en pr\u00e9voyant m\u00eame d\u2019\u00e9ventuelles mises en fourri\u00e8re\u00a0: \u00ab\u00a0Tout avait \u00e9t\u00e9 planifi\u00e9 de A \u00e0 Z, de l\u2019observation \u00e0 l\u2019enl\u00e8vement, puisque nous avions fait appel \u00e0 une soci\u00e9t\u00e9 de d\u00e9pannage. C\u2019est la 4e op\u00e9ration du genre que nous menons en quelques mois dans le massif de l\u2019\u00e9toile. D\u00e9sormais, c\u2019est tr\u00e8s fluide\u00a0! On observe, on intercepte, on verbalise et \u00e7a part\u2026\u00a0\u00bb.<\/p>\n<p>\u00c0 Marseille, c\u00f4t\u00e9 police, o\u00f9 une op\u00e9ration \u00e9tait men\u00e9e simultan\u00e9ment, un mineur, en r\u00e9cidive de conduite sans permis, a \u00e9t\u00e9 plac\u00e9 en garde \u00e0 vue.<\/p>\n<p>Avec les beaux jours qui arrivent, \u00ab\u00a0la vigilance sera accrue\u00a0\u00bb pr\u00e9vient le capitaine Monnoye.<\/p>\n","protected":false},"excerpt":{"rendered":"Pas de d\u00e9ploiement d\u00e9mesur\u00e9. Un examen topographique, carte \u00e0 l\u2019appui soigneusement d\u00e9froiss\u00e9e sur le capot d\u2019un v\u00e9hicule de&hellip;\n","protected":false},"author":2,"featured_media":5008,"comment_status":"","ping_status":"","sticky":false,"template":"","format":"standard","meta":{"footnotes":""},"categories":[2814],"tags":[17,1111,11,3148,1446,1777,674,274,1011,27,3150,884,3149,12,1308,1476,882,25],"class_list":{"0":"post-5007","1":"post","2":"type-post","3":"status-publish","4":"format-standard","5":"has-post-thumbnail","7":"category-marseille","8":"tag-17","9":"tag-actu","10":"tag-actualites","11":"tag-anti-motocross","12":"tag-dans","13":"tag-eu","14":"tag-europe","15":"tag-faits-divers-justice","16":"tag-fr","17":"tag-france","18":"tag-letoile","19":"tag-marseille","20":"tag-massif","21":"tag-news","22":"tag-nord","23":"tag-operation","24":"tag-provence-alpes-cote-dazur","25":"tag-republique-francaise"},"share_on_mastodon":{"url":"https:\/\/pubeurope.com\/@fr\/114290511290841398","error":""},"_links":{"self":[{"href":"https:\/\/www.europesays.com\/fr\/wp-json\/wp\/v2\/posts\/5007","targetHints":{"allow":["GET"]}}],"collection":[{"href":"https:\/\/www.europesays.com\/fr\/wp-json\/wp\/v2\/posts"}],"about":[{"href":"https:\/\/www.europesays.com\/fr\/wp-json\/wp\/v2\/types\/post"}],"author":[{"embeddable":true,"href":"https:\/\/www.europesays.com\/fr\/wp-json\/wp\/v2\/users\/2"}],"replies":[{"embeddable":true,"href":"https:\/\/www.europesays.com\/fr\/wp-json\/wp\/v2\/comments?post=5007"}],"version-history":[{"count":0,"href":"https:\/\/www.europesays.com\/fr\/wp-json\/wp\/v2\/posts\/5007\/revisions"}],"wp:featuredmedia":[{"embeddable":true,"href":"https:\/\/www.europesays.com\/fr\/wp-json\/wp\/v2\/media\/5008"}],"wp:attachment":[{"href":"https:\/\/www.europesays.com\/fr\/wp-json\/wp\/v2\/media?parent=5007"}],"wp:term":[{"taxonomy":"category","embeddable":true,"href":"https:\/\/www.europesays.com\/fr\/wp-json\/wp\/v2\/categories?post=5007"},{"taxonomy":"post_tag","embeddable":true,"href":"https:\/\/www.europesays.com\/fr\/wp-json\/wp\/v2\/tags?post=5007"}],"curies":[{"name":"wp","href":"https:\/\/api.w.org\/{rel}","templated":true}]}}