{"id":500710,"date":"2025-10-30T20:15:14","date_gmt":"2025-10-30T20:15:14","guid":{"rendered":"https:\/\/www.europesays.com\/fr\/500710\/"},"modified":"2025-10-30T20:15:14","modified_gmt":"2025-10-30T20:15:14","slug":"pres-de-rennes-le-groupe-launay-met-42-me-dans-un-nouveau-siege-social-et-des-logements","status":"publish","type":"post","link":"https:\/\/www.europesays.com\/fr\/500710\/","title":{"rendered":"Pr\u00e8s de Rennes, le groupe Launay met 42 M\u20ac dans un nouveau si\u00e8ge social et des logements"},"content":{"rendered":"<p>Direction Cesson-S\u00e9vign\u00e9. Le groupe immobilier Launay, dont le si\u00e8ge est aujourd\u2019hui install\u00e9 \u00e0 Rennes, pr\u00e8s de la gare, d\u00e9m\u00e9nagera dans la commune p\u00e9riph\u00e9rique \u00e0 la capitale bretonne d\u2019ici 2028. Sur son site internet, l\u2019entreprise familiale de 130 salari\u00e9s annonce le lancement des travaux de son nouveau si\u00e8ge, qui verra le jour rue du Ch\u00eane Germain, dans le quartier Viasilva, \u00e0 proximit\u00e9 du terminus de la ligne B du m\u00e9tro.<\/p>\n<p>\u00ab Depuis plusieurs ann\u00e9es, le groupe Launay conna\u00eet une croissance continue, marqu\u00e9e par un d\u00e9veloppement g\u00e9ographique significatif, et ce, malgr\u00e9 une conjoncture aussi instable qu\u2019impr\u00e9visible \u00bb, explique-t-il. \u00ab La cr\u00e9ation de ce nouveau si\u00e8ge social s\u2019inscrit naturellement dans cette dynamique. Ces futurs bureaux visent \u00e0 doter le groupe d\u2019un lieu \u00e0 la hauteur de ses ambitions, capable d\u2019accompagner l\u2019\u00e9volution de ses m\u00e9tiers, le d\u00e9veloppement de ses \u00e9quipes et la transformation du secteur immobilier dans un monde en mutation \u00bb, ajoute-t-il.<\/p>\n<p>Plus de 7 300 m\u00b2 de surface<\/p>\n<p>Les futurs bureaux seront construits \u00e0 la place d\u2019anciens locaux tertiaires, sur une parcelle qui accueillera \u00e9galement des bureaux, des commerces et une r\u00e9sidence de 120 logements destin\u00e9s aux \u00e9tudiants et jeunes actifs. L\u2019ensemble du projet, con\u00e7u par l\u2019agence d\u2019architecture Brenac &amp; Gonzalez &amp; Associ\u00e9s, comprendra deux b\u00e2timents de plus de 7 300 m\u00b2 de surface, construits en fonction des normes environnementales \u00ab les plus exigeantes \u00bb. Le tout repr\u00e9sente un investissement cons\u00e9quent : 42 M\u20ac.<\/p>\n<p>\u00ab Ce futur si\u00e8ge social repr\u00e9sente bien plus qu\u2019un simple d\u00e9m\u00e9nagement. Il symbolise la transformation de notre groupe, notre engagement envers nos collaborateurs et notre volont\u00e9 de b\u00e2tir un avenir durable \u00bb, commentent les fr\u00e8res Franck et J\u00e9r\u00f4me Launay, respectivement pr\u00e9sident du directoire et directeur g\u00e9n\u00e9ral.<\/p>\n<p>Cr\u00e9\u00e9e il y a plus de 35 ans, l\u2019entreprise est pr\u00e9sente en Bretagne, Pays de la Loire, Nouvelle-Aquitaine et Auvergne-Rh\u00f4ne-Alpes. Elle affiche plus de 7 800 logements construits sur 180 op\u00e9rations de promotion immobili\u00e8re et revendique l\u2019am\u00e9nagement de 74 zones d\u2019am\u00e9nagement concert\u00e9 (ZAC) et lotissements.<\/p>\n","protected":false},"excerpt":{"rendered":"Direction Cesson-S\u00e9vign\u00e9. Le groupe immobilier Launay, dont le si\u00e8ge est aujourd\u2019hui install\u00e9 \u00e0 Rennes, pr\u00e8s de la gare,&hellip;\n","protected":false},"author":2,"featured_media":500711,"comment_status":"","ping_status":"","sticky":false,"template":"","format":"standard","meta":{"footnotes":""},"categories":[2821],"tags":[1111,11,829,1777,674,1011,27,848,4555,12,584,25],"class_list":{"0":"post-500710","1":"post","2":"type-post","3":"status-publish","4":"format-standard","5":"has-post-thumbnail","7":"category-rennes","8":"tag-actu","9":"tag-actualites","10":"tag-bretagne","11":"tag-eu","12":"tag-europe","13":"tag-fr","14":"tag-france","15":"tag-ille-et-vilaine","16":"tag-local","17":"tag-news","18":"tag-rennes","19":"tag-republique-francaise"},"share_on_mastodon":{"url":"https:\/\/pubeurope.com\/@fr\/115464957058372034","error":""},"_links":{"self":[{"href":"https:\/\/www.europesays.com\/fr\/wp-json\/wp\/v2\/posts\/500710","targetHints":{"allow":["GET"]}}],"collection":[{"href":"https:\/\/www.europesays.com\/fr\/wp-json\/wp\/v2\/posts"}],"about":[{"href":"https:\/\/www.europesays.com\/fr\/wp-json\/wp\/v2\/types\/post"}],"author":[{"embeddable":true,"href":"https:\/\/www.europesays.com\/fr\/wp-json\/wp\/v2\/users\/2"}],"replies":[{"embeddable":true,"href":"https:\/\/www.europesays.com\/fr\/wp-json\/wp\/v2\/comments?post=500710"}],"version-history":[{"count":0,"href":"https:\/\/www.europesays.com\/fr\/wp-json\/wp\/v2\/posts\/500710\/revisions"}],"wp:featuredmedia":[{"embeddable":true,"href":"https:\/\/www.europesays.com\/fr\/wp-json\/wp\/v2\/media\/500711"}],"wp:attachment":[{"href":"https:\/\/www.europesays.com\/fr\/wp-json\/wp\/v2\/media?parent=500710"}],"wp:term":[{"taxonomy":"category","embeddable":true,"href":"https:\/\/www.europesays.com\/fr\/wp-json\/wp\/v2\/categories?post=500710"},{"taxonomy":"post_tag","embeddable":true,"href":"https:\/\/www.europesays.com\/fr\/wp-json\/wp\/v2\/tags?post=500710"}],"curies":[{"name":"wp","href":"https:\/\/api.w.org\/{rel}","templated":true}]}}