{"id":500714,"date":"2025-10-30T20:17:14","date_gmt":"2025-10-30T20:17:14","guid":{"rendered":"https:\/\/www.europesays.com\/fr\/500714\/"},"modified":"2025-10-30T20:17:14","modified_gmt":"2025-10-30T20:17:14","slug":"un-culte-dadieu-empreint-de-sobriete","status":"publish","type":"post","link":"https:\/\/www.europesays.com\/fr\/500714\/","title":{"rendered":"un culte d\u2019adieu empreint de sobri\u00e9t\u00e9"},"content":{"rendered":"<p>Ce jeudi, 14\u00a0h pr\u00e9cises. Un large rayon de lumi\u00e8re \u00e9claire l\u2019autel de l\u2019\u00e9glise Saint-Thomas de Strasbourg, souvent surnomm\u00e9e \u201ccath\u00e9drale du protestantisme de l\u2019Alsace\u201d. Le culte d\u2019adieu ne d\u00e9butera pas avant une bonne demi-heure, mais d\u00e9j\u00e0, une foule compacte se presse \u00e0 l\u2019entr\u00e9e, o\u00f9 Dominique, l\u2019une des deux filles du d\u00e9funt, salue les arrivants.<\/p>\n<p>Tous arrivent d\u00e9j\u00e0 munis du fascicule de quatre pages \u00e9dit\u00e9 pour l\u2019occasion et distribu\u00e9 par les employ\u00e9s des pompes fun\u00e8bres de Marlenheim. Un document des plus sobres\u00a0: un simple portrait en couleur en couverture, et ces seuls mots\u00a0: <a href=\"https:\/\/www.lalsace.fr\/p\/daniel-hoeffel\" target=\"_blank\" rel=\"nofollow noopener\">Daniel Hoeffel<\/a>, 23\u00a0janvier 1929 -14\u00a0octobre 2025.<\/p>\n<p>  Repr\u00e9sentants politiques, cultuels et institutionnels D\u00e9c\u00e9d\u00e9 voici deux semaines , l\u2019ancien ministre a \u00e9t\u00e9 inhum\u00e9 le matin m\u00eame au sein du cimeti\u00e8re de Handschuheim, dans une stricte intimit\u00e9 familiale. Changement de \u201cvoilure\u201d cet apr\u00e8s-midi. Si l\u2019heure est toujours au recueillement et \u00e0 l\u2019hommage, une large partie de l\u2019Alsace politique, cultuelle et institutionnelle a tenu \u00e0 r\u00e9pondre pr\u00e9sent \u00a0 : le pr\u00e9fet de R\u00e9gion Jacques Witkowski se tient au premier rang, le pr\u00e9fet honoraire Cyrille Schott est pr\u00e9sent aussi, de m\u00eame que le vice-pr\u00e9sident de l\u2019Union des \u00e9glises protestantes d\u2019Alsace et de Lorraine (U\u00e9pal), Pierre Magne de la Croix. <\/p>\n<p>C\u00f4t\u00e9s \u00e9lus, la maire de Strasbourg <a href=\"https:\/\/www.lalsace.fr\/p\/jeanne-barseghian\" target=\"_blank\" rel=\"nofollow noopener\">Jeanne Barseghian<\/a> voisine avec le pr\u00e9sident de la Collectivit\u00e9 europ\u00e9enne d\u2019Alsace <a href=\"https:\/\/www.lalsace.fr\/p\/frederic-bierry\" target=\"_blank\" rel=\"nofollow noopener\">Fr\u00e9d\u00e9ric Bierry<\/a>, tandis que le maire de Colmar <a href=\"https:\/\/www.lalsace.fr\/p\/eric-straumann\" target=\"_blank\" rel=\"nofollow noopener\">\u00c9ric Straumann<\/a> est cern\u00e9 par les parlementaires (le s\u00e9nateur Marc S\u00e9n\u00e9 et son pr\u00e9d\u00e9cesseur <a href=\"https:\/\/www.lalsace.fr\/p\/andre-reichardt\" target=\"_blank\" rel=\"nofollow noopener\">Andr\u00e9 Reichardt<\/a>, les s\u00e9natrices <a href=\"https:\/\/www.lalsace.fr\/p\/laurence-muller-bronn\" target=\"_blank\" rel=\"nofollow noopener\">Laurence Muller-Bronn<\/a> et <a href=\"https:\/\/www.lalsace.fr\/p\/elsa-schalck\" target=\"_blank\" rel=\"nofollow noopener\">Elsa Schalck<\/a>, les d\u00e9put\u00e9s <a href=\"https:\/\/www.lalsace.fr\/p\/patrick-hetzel\" target=\"_blank\" rel=\"nofollow noopener\">Patrick Hetzel<\/a>, <a href=\"https:\/\/www.lalsace.fr\/p\/francoise-buffet\" target=\"_blank\" rel=\"nofollow noopener\">Fran\u00e7oise Buffet<\/a> et <a href=\"https:\/\/www.lalsace.fr\/p\/brigitte-klinkert\" target=\"_blank\" rel=\"nofollow noopener\">Brigitte Klinkert<\/a>) et les conseillers d\u2019Alsace (Jean-Philippe Vetter, Jean-Philippe Maurer, Pascale Jurdan-Pfeiffer).<\/p>\n<p>Un peu \u00e0 l\u2019\u00e9cart, enfin, on note encore les pr\u00e9sences de l\u2019ancienne maire de Strasbourg et ancienne ministre <a href=\"https:\/\/www.lalsace.fr\/p\/catherine-trautmann\" target=\"_blank\" rel=\"nofollow noopener\">Catherine Trautmann<\/a> et du conseiller r\u00e9gional Justin Vogel.<\/p>\n<p>  \u00ab\u00a0En trois points\u00a0\u00bb<\/p>\n<p>Pas question pour autant d\u2019\u00e9mailler ce \u201cmoment de reconnaissance et d\u2019hommage\u201d d\u2019une quelconque prise de parole politique\u00a0: le d\u00e9funt en avait par avance rejet\u00e9 l\u2019\u00e9ventualit\u00e9. 14\u00a0h\u00a030, les orgues s\u2019\u00e9brouent, pour offrir \u00e0 l\u2019assistance un extrait d\u2019une transcription de la Messe en si de Jean-S\u00e9bastien Bach (compositeur r\u00e9v\u00e9r\u00e9 par Daniel Hoeffel) &#8211; puis le pasteur Jehan-Claude Hutchen, principal c\u00e9l\u00e9brant, prend la parole pour une premi\u00e8re lecture, tir\u00e9e de l\u2019ancien Testament.<\/p>\n<p>Deux autres vont suivre &#8211; tir\u00e9es du nouveau testament, cette fois -, entrecoup\u00e9es de chants, avant qu\u2019on n\u2019en vienne \u00e0 la pr\u00e9dication, tout enti\u00e8re articul\u00e9e autour du verset de la confirmation de Daniel Hoeffel\u00a0: \u201cTout est possible \u00e0 celui qui croit\u201d. L\u2019occasion de rappeler combien Daniel Hoeffel, r\u00e9gulier paroissien de Saint-Thomas, entretenait un ancien et constant questionnement spirituel.<\/p>\n<p>Voici maintenant ses petits-enfants &#8211; tous adultes -, qui viennent \u00e9voquer quelques souvenirs de leur grand-p\u00e8re, mais attention, \u00ab\u00a0en trois points\u00a0\u00bb. Sourire dans l\u2019assembl\u00e9e\u2026 La c\u00e9l\u00e9bration s\u2019ach\u00e8ve d\u00e9j\u00e0, sur un dernier air cher au disparu, celui de Gro\u00dfer Gott wir loben dich , souvent appel\u00e9 le \u201cTe Deum alsacien\u201d.<\/p>\n","protected":false},"excerpt":{"rendered":"Ce jeudi, 14\u00a0h pr\u00e9cises. Un large rayon de lumi\u00e8re \u00e9claire l\u2019autel de l\u2019\u00e9glise Saint-Thomas de Strasbourg, souvent surnomm\u00e9e&hellip;\n","protected":false},"author":2,"featured_media":500715,"comment_status":"","ping_status":"","sticky":false,"template":"","format":"standard","meta":{"footnotes":""},"categories":[2820],"tags":[1111,11,2389,1777,674,107,1011,27,775,12,316,25,640],"class_list":{"0":"post-500714","1":"post","2":"type-post","3":"status-publish","4":"format-standard","5":"has-post-thumbnail","7":"category-strasbourg","8":"tag-actu","9":"tag-actualites","10":"tag-alsace","11":"tag-eu","12":"tag-europe","13":"tag-fil-info","14":"tag-fr","15":"tag-france","16":"tag-grand-est","17":"tag-news","18":"tag-politique","19":"tag-republique-francaise","20":"tag-strasbourg"},"share_on_mastodon":{"url":"https:\/\/pubeurope.com\/@fr\/115464964900784724","error":""},"_links":{"self":[{"href":"https:\/\/www.europesays.com\/fr\/wp-json\/wp\/v2\/posts\/500714","targetHints":{"allow":["GET"]}}],"collection":[{"href":"https:\/\/www.europesays.com\/fr\/wp-json\/wp\/v2\/posts"}],"about":[{"href":"https:\/\/www.europesays.com\/fr\/wp-json\/wp\/v2\/types\/post"}],"author":[{"embeddable":true,"href":"https:\/\/www.europesays.com\/fr\/wp-json\/wp\/v2\/users\/2"}],"replies":[{"embeddable":true,"href":"https:\/\/www.europesays.com\/fr\/wp-json\/wp\/v2\/comments?post=500714"}],"version-history":[{"count":0,"href":"https:\/\/www.europesays.com\/fr\/wp-json\/wp\/v2\/posts\/500714\/revisions"}],"wp:featuredmedia":[{"embeddable":true,"href":"https:\/\/www.europesays.com\/fr\/wp-json\/wp\/v2\/media\/500715"}],"wp:attachment":[{"href":"https:\/\/www.europesays.com\/fr\/wp-json\/wp\/v2\/media?parent=500714"}],"wp:term":[{"taxonomy":"category","embeddable":true,"href":"https:\/\/www.europesays.com\/fr\/wp-json\/wp\/v2\/categories?post=500714"},{"taxonomy":"post_tag","embeddable":true,"href":"https:\/\/www.europesays.com\/fr\/wp-json\/wp\/v2\/tags?post=500714"}],"curies":[{"name":"wp","href":"https:\/\/api.w.org\/{rel}","templated":true}]}}