{"id":500724,"date":"2025-10-30T20:24:18","date_gmt":"2025-10-30T20:24:18","guid":{"rendered":"https:\/\/www.europesays.com\/fr\/500724\/"},"modified":"2025-10-30T20:24:18","modified_gmt":"2025-10-30T20:24:18","slug":"a-nantes-le-musee-dobree-fait-battre-les-coeurs","status":"publish","type":"post","link":"https:\/\/www.europesays.com\/fr\/500724\/","title":{"rendered":"\u00c0 Nantes, le Mus\u00e9e Dobr\u00e9e fait battre les c\u0153urs"},"content":{"rendered":"<p>\n    <strong>EXPOSITION<\/strong> &#8211; Le lieu qui abrite l\u2019\u00e9crin du c\u0153ur d\u2019Anne de Bretagne propose une exposition stimulante sur le muscle cardiaque, entre art et histoire, politique et religion.<\/p>\n<p class=\"fig-paragraph\">Une ode \u00e0 l\u2019\u00e9clectisme d\u00e9pos\u00e9e dans le temple de la curiosit\u00e9. Un an et demi apr\u00e8s sa r\u00e9surrection dans le centre-ville\u00a0<a href=\"https:\/\/www.lefigaro.fr\/nantes\" target=\"_blank\" data-fig-type=\"Section\" rel=\"sponsored noopener nofollow\" data-gtm-custom-categorie=\"navigation\" data-gtm-custom-action=\"crossclick\" data-gtm-custom-label=\"Contextuel\" data-gtm-event=\"customEventSPE\" data-fig-domain=\"LEFIGARO\">de Nantes<\/a>, le\u00a0<a href=\"https:\/\/www.lefigaro.fr\/arts-expositions\/a-nantes-un-temple-de-la-curiosite-pour-la-cite-des-ducs-20240517\" target=\"_blank\" data-fig-type=\"Article\" rel=\"noopener nofollow\" data-gtm-custom-categorie=\"navigation\" data-gtm-custom-action=\"crossclick\" data-gtm-custom-label=\"Contextuel\" data-gtm-event=\"customEventSPE\" data-fig-domain=\"LEFIGARO\">Mus\u00e9e Dobr\u00e9e<\/a>\u00a0vient d\u2019ouvrir, vendredi dernier, les portes de sa premi\u00e8re exposition temporaire. La direction de cet \u00e9tablissement d\u00e9partemental qui a \u00e9t\u00e9 longtemps ferm\u00e9 pour travaux &#8211;\u00a0de 2011 \u00e0 2024\u00a0&#8211; a brod\u00e9 pour l\u2019occasion une manifestation sur le th\u00e8me du c\u0153ur, organe symbolique, sacr\u00e9 et politique. Un pari audacieux qui fait \u00e9cho \u00e0 la pi\u00e8ce ma\u00eetresse des collections\u00a0: l\u2019\u00e9crin du c\u0153ur\u00a0<a href=\"https:\/\/www.lefigaro.fr\/livres\/anne-de-bretagne-de-joel-cornette-icone-de-la-liberte-20211006\" target=\"_blank\" data-fig-type=\"Article\" rel=\"noopener nofollow\" data-gtm-custom-categorie=\"navigation\" data-gtm-custom-action=\"crossclick\" data-gtm-custom-label=\"Contextuel\" data-gtm-event=\"customEventSPE\" data-fig-domain=\"LEFIGARO\">d\u2019Anne de Bretagne<\/a>.<\/p>\n<p class=\"fig-paragraph\">Mais, attention\u00a0! Ce bijou d\u2019orf\u00e8vrerie en t\u00f4le d\u2019or,\u00a0<a href=\"http:\/\/www.lefigaro.fr\/nantes\/de-nantes-a-saint-nazaire-a-la-poursuite-eclair-du-reliquaire-d-anne-de-bretagne-20240519\" target=\"_blank\" data-fig-type=\"NewsFlash\" rel=\"noopener nofollow\" data-gtm-custom-categorie=\"navigation\" data-gtm-custom-action=\"crossclick\" data-gtm-custom-label=\"Contextuel\" data-gtm-event=\"customEventSPE\" data-fig-domain=\"LEFIGARO\">bri\u00e8vement vol\u00e9 en 2018<\/a>, n\u2019a pas \u00e9t\u00e9 d\u00e9plac\u00e9 dans le manoir du XVe\u00a0si\u00e8cle d\u00e9di\u00e9 aux pr\u00e9sentations temporaires du mus\u00e9e. Sa vitrine, lov\u00e9e dans un \u00e9l\u00e9gant monolithe, est \u00e0 d\u00e9couvrir dans les salles de la collection permanente, en suppl\u00e9ment \u00e0 l\u2019exposition. Celle-ci aligne tout de m\u00eame plus de 200\u00a0\u0153uvres, d\u2019antiques amulettes \u00e9gyptiennes \u00e0 des avatars plus contemporains &#8211;\u00a0<a href=\"http:\/\/www.lefigaro.fr\/arts-expositions\/aux-pays-bas-l-histoire-folle-d-une-serigraphie-d-andy-warhol-jetee-aux-ordures-par-erreur-20250428\" target=\"_blank\" data-fig-type=\"Article\" rel=\"noopener nofollow\" data-gtm-custom-categorie=\"navigation\" data-gtm-custom-action=\"crossclick\" data-gtm-custom-label=\"Contextuel\" data-gtm-event=\"customEventSPE\" data-fig-domain=\"LEFIGARO\">Andy Warhol<\/a>,\u00a0<a href=\"http:\/\/www.lefigaro.fr\/culture\/l-artiste-americain-keith-haring-roi-du-street-art-pop-et-engage-prend-sa-revanche-a-paris-20241012\" target=\"_blank\" data-fig-type=\"Article\" rel=\"noopener nofollow\" data-gtm-custom-categorie=\"navigation\" data-gtm-custom-action=\"crossclick\" data-gtm-custom-label=\"Contextuel\" data-gtm-event=\"customEventSPE\" data-fig-domain=\"LEFIGARO\">Keith\u2026<\/a><\/p>\n<p class=\"fig-premium-paywall__infos\">\n        Cet article est r\u00e9serv\u00e9 aux abonn\u00e9s.        Il vous reste 64% \u00e0 d\u00e9couvrir.\n    <\/p>\n<p>                <img  data- alt=\"Le Figaro\" class=\"fig-img--complete fig-img\"\/><\/p>\n<p class=\"fig-premium-paywall__title\">Vous avez envie de lire la suite ?<\/p>\n<p class=\"fig-premium-paywall__subtitle\">D\u00e9bloquez tous les articles imm\u00e9diatement.<\/p>\n<p class=\"fig-premium-paywall__connect\">\n                D\u00e9j\u00e0 abonn\u00e9\u00a0?                <a class=\"fig-premium-paywall__connect-link\" href=\"https:\/\/connect.lefigaro.fr\/login?client=horizon_web&amp;type=main&amp;redirect_uri=https%3A%2F%2Fwww.lefigaro.fr%2Farts-expositions%2Fa-nantes-le-musee-dobree-fait-battre-les-coeurs-20251030\" data-js-gtm=\"{&quot;customCategorie&quot;: &quot;conversion&quot;, &quot;customAction&quot;: &quot;before_Landing_Connexion_paywall_auto&quot;, &quot;customLabel&quot;: &quot;bGVmaWdhcm8uZnJfXzFmMGFkYWQwLTVhMzctNjZjYS1hZDU5LTczYWQ4YjIxYjQzMF9fTmV3c0ZsYXNo_\u00c0 Nantes, le Mus\u00e9e Dobr\u00e9e fait battre les c\u0153urs_450&quot;, &quot;customIDSPE&quot;: &quot;bGVmaWdhcm8uZnJfXzFmMGFkYWQwLTVhMzctNjZjYS1hZDU5LTczYWQ4YjIxYjQzMF9fTmV3c0ZsYXNo&quot;, &quot;event&quot;: &quot;customEventSPE&quot;}\" rel=\"nofollow noopener\" target=\"_blank\"><br \/>\n                    Connectez-vous<br \/>\n                <\/a>\n            <\/p>\n","protected":false},"excerpt":{"rendered":"EXPOSITION &#8211; Le lieu qui abrite l\u2019\u00e9crin du c\u0153ur d\u2019Anne de Bretagne propose une exposition stimulante sur le&hellip;\n","protected":false},"author":2,"featured_media":500725,"comment_status":"","ping_status":"","sticky":false,"template":"","format":"standard","meta":{"footnotes":""},"categories":[2818],"tags":[1111,11,1777,674,3293,1011,27,766,12,2636,25],"class_list":{"0":"post-500724","1":"post","2":"type-post","3":"status-publish","4":"format-standard","5":"has-post-thumbnail","7":"category-nantes","8":"tag-actu","9":"tag-actualites","10":"tag-eu","11":"tag-europe","12":"tag-exposition","13":"tag-fr","14":"tag-france","15":"tag-nantes","16":"tag-news","17":"tag-pays-de-la-loire","18":"tag-republique-francaise"},"share_on_mastodon":{"url":"https:\/\/pubeurope.com\/@fr\/115464992315265840","error":""},"_links":{"self":[{"href":"https:\/\/www.europesays.com\/fr\/wp-json\/wp\/v2\/posts\/500724","targetHints":{"allow":["GET"]}}],"collection":[{"href":"https:\/\/www.europesays.com\/fr\/wp-json\/wp\/v2\/posts"}],"about":[{"href":"https:\/\/www.europesays.com\/fr\/wp-json\/wp\/v2\/types\/post"}],"author":[{"embeddable":true,"href":"https:\/\/www.europesays.com\/fr\/wp-json\/wp\/v2\/users\/2"}],"replies":[{"embeddable":true,"href":"https:\/\/www.europesays.com\/fr\/wp-json\/wp\/v2\/comments?post=500724"}],"version-history":[{"count":0,"href":"https:\/\/www.europesays.com\/fr\/wp-json\/wp\/v2\/posts\/500724\/revisions"}],"wp:featuredmedia":[{"embeddable":true,"href":"https:\/\/www.europesays.com\/fr\/wp-json\/wp\/v2\/media\/500725"}],"wp:attachment":[{"href":"https:\/\/www.europesays.com\/fr\/wp-json\/wp\/v2\/media?parent=500724"}],"wp:term":[{"taxonomy":"category","embeddable":true,"href":"https:\/\/www.europesays.com\/fr\/wp-json\/wp\/v2\/categories?post=500724"},{"taxonomy":"post_tag","embeddable":true,"href":"https:\/\/www.europesays.com\/fr\/wp-json\/wp\/v2\/tags?post=500724"}],"curies":[{"name":"wp","href":"https:\/\/api.w.org\/{rel}","templated":true}]}}