{"id":500733,"date":"2025-10-30T20:29:24","date_gmt":"2025-10-30T20:29:24","guid":{"rendered":"https:\/\/www.europesays.com\/fr\/500733\/"},"modified":"2025-10-30T20:29:24","modified_gmt":"2025-10-30T20:29:24","slug":"lille3000-fiesta-week-end-de-cloture-du-07-au-09-novembre-2025","status":"publish","type":"post","link":"https:\/\/www.europesays.com\/fr\/500733\/","title":{"rendered":"[lille3000 &#8211; Fiesta] Week-end de cl\u00f4ture du 07 au 09 novembre 2025"},"content":{"rendered":"<p style=\"text-align: justify;\"><strong>Un week-end <\/strong>pour <strong>faire la f\u00eate<\/strong> <strong>une derni\u00e8re fois<\/strong> avec <strong>lille3000 ! Concerts, spectacles, boum, ateliers, performances <\/strong>et <strong>derni\u00e8res occasions <\/strong>de <strong>(re)d\u00e9couvrir<\/strong> les <strong>expositions<\/strong> de <strong>Fiesta <\/strong>\u00e0 <strong>Lille,<\/strong> dans la<strong> M\u00e9tropole <\/strong>et en <strong>r\u00e9gion.<\/strong><\/p>\n<p class=\"has-text-align-center\">F\u00eate des Allumoirs de Vauban Esquermes<\/p>\n<p><img loading=\"lazy\" decoding=\"async\" width=\"779\" height=\"518\" src=\"https:\/\/www.europesays.com\/fr\/wp-content\/uploads\/2025\/10\/lille3000_fiesta_finale_03.jpg\" alt=\"\" class=\"wp-image-88285\" style=\"aspect-ratio:1.5038610038610039;width:500px\"  \/><\/p>\n<p style=\"text-align: justify;\">Cette ann\u00e9e, la <strong>F\u00eate des Allumoirs de Vauban-Esquermes<\/strong> se met au rythme de<strong> Fiesta<\/strong> \u00e0 l\u2019occasion de la <strong>7\u00e8me \u00e9dition <\/strong>de <strong>lille3000.<\/strong><\/p>\n<p style=\"text-align: justify;\">Rendez-vous le <strong>vendredi 07 novembre 2025, <\/strong>\u00e0 la<strong> tomb\u00e9e de la nuit, <\/strong>pour <strong>un go\u00fbter,<\/strong> <strong>une parade<\/strong> et <strong>un spectacle autour du feu et de la lumi\u00e8re.<\/strong><\/p>\n<p><img loading=\"lazy\" decoding=\"async\" width=\"9\" height=\"9\" class=\"tie-appear\" src=\"https:\/\/www.europesays.com\/fr\/wp-content\/uploads\/2025\/10\/1761856156_880_arrow.png\" alt=\"Puce\"\/> <strong>17h<\/strong> : <strong>rassemblement<\/strong> et <strong>go\u00fbter<\/strong> <strong>offert<\/strong> au <strong>Jardin Vauban<\/strong><\/p>\n<p><img loading=\"lazy\" decoding=\"async\" width=\"9\" height=\"9\" class=\"tie-appear\" src=\"https:\/\/www.europesays.com\/fr\/wp-content\/uploads\/2025\/10\/1761856156_880_arrow.png\" alt=\"Puce\"\/><strong>18h<\/strong> : <strong>d\u00e9part du cort\u00e8ge anim\u00e9<\/strong> et <strong>color\u00e9<\/strong><\/p>\n<p><img loading=\"lazy\" decoding=\"async\" width=\"9\" height=\"9\" class=\"tie-appear\" src=\"https:\/\/www.europesays.com\/fr\/wp-content\/uploads\/2025\/10\/1761856156_880_arrow.png\" alt=\"Puce\"\/> <strong>18h45 :<\/strong> <strong>spectacle des enfants du quartier<\/strong> <strong>\u2013 Pont de la Citadelle<\/strong><\/p>\n<p><img loading=\"lazy\" decoding=\"async\" width=\"9\" height=\"9\" class=\"tie-appear\" src=\"https:\/\/www.europesays.com\/fr\/wp-content\/uploads\/2025\/10\/1761856156_880_arrow.png\" alt=\"Puce\"\/><strong>19h30 :<\/strong> <strong>spectacle de feu, son <\/strong>et<strong> lumi\u00e8re \u2013 Pont de la Citadelle \u2013 Par la Compagnie Feinor<\/strong><\/p>\n<p><img loading=\"lazy\" decoding=\"async\" width=\"9\" height=\"9\" class=\"tie-appear\" src=\"https:\/\/www.europesays.com\/fr\/wp-content\/uploads\/2025\/10\/1761856156_880_arrow.png\" alt=\"Puce\"\/> <strong>20h : <\/strong>continuez la soir\u00e9e avec un<strong> after Allumoirs <\/strong>au <strong>Bus Magique !<\/strong><\/p>\n<p class=\"has-text-align-center\">TriPostal<\/p>\n<p><img decoding=\"async\" loading=\"lazy\" width=\"1024\" height=\"683\" src=\"https:\/\/www.europesays.com\/fr\/wp-content\/uploads\/2025\/09\/art_lille3000_fiesta_pompompidou_01-1024x683.jpg\" alt=\"\" class=\"wp-image-85052\" style=\"aspect-ratio:1.499267935578331;width:500px\"  \/><\/p>\n<p><strong>Samedi 08 novembre 2025<\/strong><\/p>\n<p><img loading=\"lazy\" decoding=\"async\" width=\"9\" height=\"9\" class=\"tie-appear\" src=\"https:\/\/www.europesays.com\/fr\/wp-content\/uploads\/2025\/10\/1761856156_880_arrow.png\" alt=\"Puce\"\/> <strong>11h \u00e0 18h :<\/strong> <strong>entr\u00e9e gratuite<\/strong> pour <strong>l\u2019exposition \u00ab\u00a0Pom Pom Pidou\u00a0\u00bb\u00a0<\/strong><\/p>\n<p><img loading=\"lazy\" decoding=\"async\" width=\"9\" height=\"9\" class=\"tie-appear\" src=\"https:\/\/www.europesays.com\/fr\/wp-content\/uploads\/2025\/10\/1761856156_880_arrow.png\" alt=\"Puce\"\/> <strong>11h30 \u00e0 16h : <\/strong><strong>visite guid\u00e9e<\/strong> <strong>gratuite<\/strong><strong> <\/strong>de <strong>l\u2019exposition \u00ab\u00a0Pom Pom Pidou\u00a0\u00bb<\/strong> (dur\u00e9e : 1h). <\/p>\n<p style=\"text-align: justify;\">Sans r\u00e9servation, dans la limite des places disponibles, attention places limit\u00e9es. Pr\u00e9sentez-vous 20 min avant le d\u00e9but de la visite \u00e0 billetterie.<\/p>\n<p><strong>Dimanche 09 novembre 2025 (ouverture exceptionnelle d\u00e8s 10h)<\/strong><\/p>\n<p><img loading=\"lazy\" decoding=\"async\" width=\"9\" height=\"9\" class=\"tie-appear\" src=\"https:\/\/www.europesays.com\/fr\/wp-content\/uploads\/2025\/10\/1761856156_880_arrow.png\" alt=\"Puce\"\/> <strong>10h \u00e0 18h :<\/strong> <strong>entr\u00e9e<\/strong> <strong>gratuite<\/strong> pour <strong>l\u2019exposition \u00ab\u00a0Pom Pom Pidou\u00a0\u00bb<\/strong><\/p>\n<p><img loading=\"lazy\" decoding=\"async\" width=\"9\" height=\"9\" class=\"tie-appear\" src=\"https:\/\/www.europesays.com\/fr\/wp-content\/uploads\/2025\/10\/1761856156_880_arrow.png\" alt=\"Puce\"\/> <strong>11h30<\/strong> (dur\u00e9e : 1h) et <strong>14h<\/strong> (dur\u00e9e 1h30) : <strong>visite guid\u00e9e gratuite<\/strong> de <strong>l\u2019exposition \u00ab\u00a0Pom Pom Pidou\u00a0\u00bb.<\/strong><\/p>\n<p style=\"text-align: justify;\">Sans r\u00e9servation, dans la limite des places disponibles, attention places limit\u00e9es. Pr\u00e9sentez-vous 20 min avant le d\u00e9but de la visite \u00e0 billetterie.<\/p>\n<p style=\"text-align: justify;\"><img decoding=\"async\" loading=\"lazy\" class=\"tie-appear\" src=\"https:\/\/www.europesays.com\/fr\/wp-content\/uploads\/2025\/10\/1761856156_880_arrow.png\" alt=\"Puce\" width=\"9\" height=\"9\"\/> <strong>11h<\/strong> : <strong>Choral Chauffe Marcelle !<\/strong> <br \/>Retrouvez le collectif de chanteuses qui revisite \u00e0 sa sauce les plus grands tubes, pour une s\u00e9rie de surprises.<\/p>\n<p><img loading=\"lazy\" decoding=\"async\" width=\"9\" height=\"9\" class=\"tie-appear\" src=\"https:\/\/www.europesays.com\/fr\/wp-content\/uploads\/2025\/10\/1761856156_880_arrow.png\" alt=\"Puce\"\/> <strong>11h \u00e0 12h30<\/strong> &amp; <strong>14h \u00e0 16h :<\/strong> <strong>atelier pour enfants en continu : <\/strong>\u00ab\u00a0Kal\u00e9idoscope\u00a0\u00bb. <\/p>\n<p><strong>Gratuit <\/strong>et sans r\u00e9servation, dans la limite des places disponibles.<\/p>\n<p><img loading=\"lazy\" decoding=\"async\" width=\"9\" height=\"9\" class=\"tie-appear\" src=\"https:\/\/www.europesays.com\/fr\/wp-content\/uploads\/2025\/10\/1761856156_880_arrow.png\" alt=\"Puce\"\/> <strong>11h30 \u00e0 12h30<\/strong> &amp; <strong>14h \u00e0 15h30 :<\/strong> <strong>visite guid\u00e9e gratuite <\/strong>de<strong> l\u2019exposition Pom Pom Pidou.<\/strong> <\/p>\n<p style=\"text-align: justify;\">Sans r\u00e9servation, dans la limite des places disponibles. Pr\u00e9sentez-vous 20 min avant le d\u00e9but de la visite \u00e0 la billetterie.<\/p>\n<p style=\"text-align: justify;\"><strong><img decoding=\"async\" loading=\"lazy\" class=\"tie-appear\" src=\"https:\/\/www.europesays.com\/fr\/wp-content\/uploads\/2025\/10\/1761856156_880_arrow.png\" alt=\"Puce\" width=\"9\" height=\"9\"\/> 16h : Boum par Comala <\/strong><br \/>Les DJ de Comala, accompagn\u00e9s de com\u00e9diens, transforment le Tripostal en dancefloor g\u00e9ant pour petits &amp; grands.<\/p>\n<p><strong><img loading=\"lazy\" decoding=\"async\" width=\"9\" height=\"9\" class=\"tie-appear\" src=\"https:\/\/www.europesays.com\/fr\/wp-content\/uploads\/2025\/10\/1761856156_880_arrow.png\" alt=\"Puce\"\/> 17h30 : <strong>Performance participative <\/strong>en fanfare avec le Ballet du Nord CCN &amp; vous<\/strong><\/p>\n<p><strong><img loading=\"lazy\" decoding=\"async\" width=\"9\" height=\"9\" class=\"tie-appear\" src=\"https:\/\/www.europesays.com\/fr\/wp-content\/uploads\/2025\/10\/1761856156_880_arrow.png\" alt=\"Puce\"\/> <\/strong>Et aussi : <strong><strong>animations, paillettes<\/strong> <strong>et surprises\u2026<\/strong><\/strong><\/p>\n<p class=\"has-text-align-center\">Gare Saint Sauveur<\/p>\n<p><img decoding=\"async\" loading=\"lazy\" width=\"1024\" height=\"683\" src=\"https:\/\/www.europesays.com\/fr\/wp-content\/uploads\/2025\/10\/lille3000_fiesta_institut_grand_festif_01-1024x683.jpg\" alt=\"\" class=\"wp-image-87375\" style=\"aspect-ratio:1.499267935578331;width:500px\"  \/><\/p>\n<p><strong>Samedi 08 novembre 2025 \u2013 La Briche Foraine \u2013 Cl\u00f4ture de l\u2019exposition Institut Grand Festif<\/strong><\/p>\n<p style=\"text-align: justify;\">Venez participer \u00e0 la <strong>grande Mascarade de l\u2019Institut Grand Festif : petits <\/strong>et <strong>grands, masqu\u00e9s<\/strong> et <strong>costum\u00e9s,<\/strong> rejoignez les<strong> laborantins lillois <\/strong>pour <strong>une f\u00eate interstellaire<\/strong> et <strong>populaire. Transformez-vous peu \u00e0 peu<\/strong> au <strong>rythme de cette parade unique,<\/strong> o\u00f9 <strong>cr\u00e9ativit\u00e9 <\/strong>et <strong>fantaisie sont \u00e0 l\u2019honneur.<\/strong><\/p>\n<p style=\"text-align: justify;\"><strong><img decoding=\"async\" loading=\"lazy\" class=\"tie-appear\" src=\"https:\/\/www.europesays.com\/fr\/wp-content\/uploads\/2025\/10\/1761856156_880_arrow.png\" alt=\"Puce\" width=\"9\" height=\"9\"\/><\/strong> <strong>12h \u00e0 18h :<\/strong> <strong>visite de l\u2019exposition Institut Grand Festif<\/strong><br \/>Apr\u00e8s plusieurs semaines de folles exp\u00e9riences \u00e0 Lille, il est temps pour l\u2019Institut Grand Festif de r\u00e9v\u00e9ler le fruit de ses recherches au cours d\u2019une grande f\u00eate ouverte \u00e0 toutes et tous !\u00a0(Halle B)<\/p>\n<p style=\"text-align: justify;\"><img decoding=\"async\" loading=\"lazy\" class=\"tie-appear\" src=\"https:\/\/www.europesays.com\/fr\/wp-content\/uploads\/2025\/10\/1761856156_880_arrow.png\" alt=\"Puce\" width=\"9\" height=\"9\"\/><strong> 17h30<\/strong> : <strong>cl\u00f4ture de l\u2019exposition <\/strong>et <strong>lancement d\u2019une grande parade d\u00e9lirante<\/strong> avec <strong>tous les laborantins de l\u2019IGF <\/strong>et <strong>leurs nouvelles recrues, petits<\/strong> et <strong>grands,<\/strong> <strong>fra\u00eechement m\u00e9tamorphos\u00e9s<\/strong> par <strong>l\u2019esprit de la f\u00eate, <\/strong>avec le <strong>Kroult Orchestra <\/strong>(Halle B et Esplanade).<\/p>\n<p><img loading=\"lazy\" decoding=\"async\" width=\"9\" height=\"9\" class=\"tie-appear\" src=\"https:\/\/www.europesays.com\/fr\/wp-content\/uploads\/2025\/10\/1761856156_880_arrow.png\" alt=\"Puce\"\/> <strong>19h00<\/strong> : <strong>Fanfare des Vilains Chicots<\/strong><\/p>\n<p><img loading=\"lazy\" decoding=\"async\" width=\"9\" height=\"9\" class=\"tie-appear\" src=\"https:\/\/www.europesays.com\/fr\/wp-content\/uploads\/2025\/10\/1761856156_880_arrow.png\" alt=\"Puce\"\/>\u00a0<strong>21h \u00e0 23h30<\/strong> : <strong>DJ set dans la Halle A<\/strong><\/p>\n<p><strong>Samedi 08 &amp; dimanche 09 novembre 2025 \u2013 NEXT Festival \u2013 Performances rituelles<\/strong><\/p>\n<p style=\"text-align: justify;\"><strong>Erste Schritte zu den Schwellen\u00a0(\u00ab Premiers pas vers le seuil \u00bb)<\/strong> <strong>\u2013 Dur\u00e9e : 45 minutes<\/strong><br \/>D\u00e9couvrez <strong>une performance rituelle immersive<\/strong> <strong>cr\u00e9\u00e9e de Zwoisy Mears-Clarke, chor\u00e9graphe,<\/strong> o\u00f9 un <strong>groupe masqu\u00e9 avance lentement <\/strong>et<strong> rythmiquement au son des grelots<\/strong> de leurs <strong>costumes color\u00e9s. <\/strong>Ce qui commence comme <strong>une procession dans les rues <\/strong>devient <strong>une exp\u00e9rience collective <\/strong>qui r<strong>\u00e9duit subtilement la distance entre les personnes. Pas \u00e0 pas, Zwoisy d\u00e9masque des traditions coloniales s\u00e9culaires <\/strong>et <strong>pr\u00e9pare le terrain <\/strong>pour <strong>une soci\u00e9t\u00e9 inclusive.<\/strong><\/p>\n<p>Samedi : 13h30 &amp; 15h30<br \/>Dimanche : 15h00<\/p>\n<p class=\"has-text-align-center\">Ch\u2019tite Fiesta<\/p>\n<p><img decoding=\"async\" loading=\"lazy\" width=\"722\" height=\"1024\" src=\"https:\/\/www.europesays.com\/fr\/wp-content\/uploads\/2025\/10\/lille3000_fiesta_finale_02-722x1024.jpg\" alt=\"\" class=\"wp-image-88284\" style=\"aspect-ratio:0.705078125;width:350px\"  \/><\/p>\n<p style=\"text-align: justify;\">Venez vivre la journ\u00e9e <strong>Ch\u2019tite Fiesta<\/strong> \u00e0 la <strong>mairie de quartier de Lille-Centre.<\/strong> Au programme : <strong>buffet ch\u2019ti, d\u00e9ambulation en fanfare<\/strong> aux c\u00f4t\u00e9s de <strong>Narcisse, interm\u00e8de litt\u00e9raire<\/strong> et<strong> po\u00e9tique <\/strong>et un<strong> festival de contes <\/strong>et <strong>comptines !<\/strong><\/p>\n<p style=\"text-align: justify;\"><strong>Acc\u00e8s aux spectacles gratuit, sur inscription en mairie de quartier,<\/strong> au <strong>03 20 15 97 40,<\/strong> ou par mail \u00e0 <a href=\"https:\/\/www.zoomsurlille.fr\/actualites\/mailto:lillecentre@mairie-lille.fr\" target=\"_blank\" rel=\"noreferrer noopener\">lillecentre@mairie-lille.fr<\/a>. Dans la limite des places disponibles.<\/p>\n<p style=\"text-align: justify;\"><strong>10h30 \u2013 \u00ab Fiesta \u00bb \u2013 Conte vivant et jeux de mains, 30 minutes \u2013 3 \u00e0 6 ans<\/strong><br \/>Suivez une louve et ses cinq louveteaux, sur un chemin entre les oliviers et les murs en pierre, jusqu\u2019\u00e0 une f\u00eate de village.<br \/>Par St\u00e9phanie Jancar, de la compagnie Contes en Nord<\/p>\n<p style=\"text-align: justify;\"><strong>11h \u2013 D\u00e9ambulation en fanfare \u2013 45 minutes \u2013 tous publics<\/strong><br \/><strong>D\u00e9part de la mairie de quartier<\/strong><br \/>Avec la fanfare Tractopelle et le g\u00e9ant Narcisse. Suivi du finissage de l\u2019exposition \u00ab Ch\u2019tite Fiesta \u00bb, en pr\u00e9sence des artistes et des \u00e9lus.<\/p>\n<p style=\"text-align: justify;\"><strong>15h \u2013 \u00ab Petites gens \u00bb \u2013 Contes en patois \u2013 45 minutes \u2013 pour les adultes<\/strong><br \/>Christiane Calonne et Jacques Dupuich convoquent les h\u00e9ros du territoire et les souvenirs de \u00ab petites gens \u00bb qui ont peupl\u00e9 leur enfance.<br \/>Par La Compagnie du Reste ici<\/p>\n<p style=\"text-align: justify;\"><strong>16h \u2013 \u00ab Poucet \u00bb \u2013 Conte revisit\u00e9 \u2013 55min \u2013 \u00e0 partir de 7 ans<\/strong><br \/>Un r\u00e9cit cr\u00e9pusculaire, racont\u00e9 sur un rythme entrainant et vivifiant o\u00f9 l\u2019on choisit de croire \u00e0 la nuit qui tombe ou de voir le jour \u00e0 venir. Un hymne \u00e0 la libert\u00e9.<br \/>Par Elodie Mora de la Cie Les Singuliers<\/p>\n<p style=\"text-align: justify;\"><strong>16h \u2013 Interm\u00e8de litt\u00e9raire et po\u00e9tique \u2013 1h \u2013 tous publics<\/strong><br \/>Visite guid\u00e9e de l\u2019exposition \u00ab Ch\u2019tite Fiesta \u00bb, autour de l\u2019ambiance des f\u00eates du Nord. Textes jou\u00e9s en lien avec les tableaux, photographies et sculptures, et pauses musicales.<br \/>Par Bruno Biezunski, com\u00e9dien<\/p>\n<p style=\"text-align: justify;\"><strong>17h30 \u2013 \u00ab Flor de Feria \u00bb \u2013 Conte en musique<\/strong> <strong>\u2013 45min \u2013 \u00e0 partir de 5 ans<\/strong><br \/>Des contes et l\u00e9gendes du Nouveau Monde, remplis de sagesse populaire, m\u00eal\u00e9s aux flonflons de l\u2019accord\u00e9on et \u00e0 la voix envo\u00fbtante de notre chanteuse.<br \/>Par St\u00e9phanie Jancar et Cl\u00e9mence Vandaele de la compagnie Contes en Nord<\/p>\n<p class=\"has-text-align-center\">Mus\u00e9e de l\u2019Hospice Comtesse<\/p>\n<p><img decoding=\"async\" loading=\"lazy\" width=\"1024\" height=\"683\" src=\"https:\/\/www.europesays.com\/fr\/wp-content\/uploads\/2025\/10\/expo_fiesta_mhn_the_distorted_party_02-1024x683.jpg\" alt=\"\" class=\"wp-image-84856\" style=\"aspect-ratio:1.499267935578331;width:500px\"  \/><\/p>\n<p style=\"text-align: justify;\"><strong>L\u2019exposition<\/strong> <strong>The distorted party<\/strong> sera <strong>exceptionnellement gratuite<\/strong> les <strong>samedi <\/strong>08 et <strong>dimanche 09 novembre 2025, <\/strong>\u00e0 l\u2019occasion du <strong>week-end de cl\u00f4ture de Fiesta.<\/strong><\/p>\n<p><strong>Samedi 08 novembre 2025 <\/strong><\/p>\n<p><img loading=\"lazy\" decoding=\"async\" width=\"9\" height=\"9\" class=\"tie-appear\" src=\"https:\/\/www.europesays.com\/fr\/wp-content\/uploads\/2025\/10\/1761856156_880_arrow.png\" alt=\"Puce\"\/> <strong>10h \u00e0 18h :<\/strong> <strong>Entr\u00e9e gratuite <\/strong>pour <strong>l\u2019exposition The distorted Party<\/strong><\/p>\n<p style=\"text-align: justify;\"><img decoding=\"async\" loading=\"lazy\" class=\"tie-appear\" src=\"https:\/\/www.europesays.com\/fr\/wp-content\/uploads\/2025\/10\/1761856156_880_arrow.png\" alt=\"Puce\" width=\"9\" height=\"9\"\/> <strong>17h00 : Performance-installation<\/strong> <strong>Nothing Lasts Forever<\/strong> de <strong>l\u2019artiste Kapitolina Tsvetkova,<\/strong> <strong>\u00e0 d\u00e9couvrir dans la cour du Mus\u00e9e.<\/strong><br \/>Et aussi : dans les Halles de Wazemmes (samedi 08 novembre 2025 \u00e0 13h) et Place du Th\u00e9\u00e2tre (dimanche 09 novembre 2025 \u00e0 19h). Par l\u2019Op\u00e9ra de Lille \u00e0 l\u2019occasion de \u00ab\u00a0l\u2019\u00c9cume des jours\u00a0\u00bb de Edison Denisov (du 05 au 15 novembre 2025).<\/p>\n<p><strong>Dimanche 09 novembre 2025 <\/strong><\/p>\n<p><img loading=\"lazy\" decoding=\"async\" width=\"9\" height=\"9\" class=\"tie-appear\" src=\"https:\/\/www.europesays.com\/fr\/wp-content\/uploads\/2025\/10\/1761856156_880_arrow.png\" alt=\"Puce\"\/> <strong>10h \u00e0 18h :<\/strong> <strong>Entr\u00e9e gratuite <\/strong>pour <strong>l\u2019exposition The distorted Party<\/strong><\/p>\n<p class=\"has-text-align-center\">Palais des Beaux-Arts de Lille<\/p>\n<p><img decoding=\"async\" loading=\"lazy\" width=\"1024\" height=\"683\" src=\"https:\/\/www.europesays.com\/fr\/wp-content\/uploads\/2025\/10\/art_pba_geants_05-1024x683.jpg\" alt=\"\" class=\"wp-image-87262\" style=\"aspect-ratio:1.499267935578331;width:500px\"  \/><\/p>\n<p style=\"text-align: justify;\">\u00c0 l\u2019occasion de la <strong>Fiesta Finale,<\/strong> profitez d\u2019un<strong> acc\u00e8s gratuit <\/strong>\u00e0<strong> l\u2019exposition Petite histoire de G\u00e9ants<\/strong> les <strong>samedi 08 <\/strong>et <strong>dimanche 09 novembre 2025 !<\/strong><\/p>\n<p class=\"has-text-align-center\">Et aussi\u2026<\/p>\n<p><img decoding=\"async\" loading=\"lazy\" width=\"1024\" height=\"1024\" src=\"https:\/\/www.europesays.com\/fr\/wp-content\/uploads\/2025\/10\/lille3000_fiesta_finale_01-1024x1024.jpg\" alt=\"\" class=\"wp-image-88283\" style=\"aspect-ratio:1;width:450px;height:auto\"  \/><\/p>\n<p><strong>A Lille<\/strong><\/p>\n<p><strong>Monarques \u2013 30 octobre au 07 novembre 2025 <\/strong><br \/><strong>Th\u00e9\u00e2tre du Nord <\/strong><br \/><img loading=\"lazy\" decoding=\"async\" width=\"9\" height=\"9\" class=\"tie-appear\" src=\"https:\/\/www.europesays.com\/fr\/wp-content\/uploads\/2025\/10\/1761856156_880_arrow.png\" alt=\"Puce\"\/> Plus d\u2019infos &gt;&gt;&gt; <a href=\"https:\/\/fiestalille3000.com\/event\/monarques-879553\" target=\"_blank\" rel=\"noreferrer noopener\">cliquez ici !!!<\/a><\/p>\n<p><strong>Temps fort autour de l\u2019exposition \u00ab\u00a0Enjoy ! \u00a0\u00bb avec Charlotte Lanselle \u2013 Samedi 08 novembre 2025 \u00e0 15h <\/strong><br \/><strong>Atelier-Galerie Bleu <\/strong><br \/><img loading=\"lazy\" decoding=\"async\" width=\"9\" height=\"9\" class=\"tie-appear\" src=\"https:\/\/www.europesays.com\/fr\/wp-content\/uploads\/2025\/10\/1761856156_880_arrow.png\" alt=\"Puce\"\/> Plus d\u2019infos &gt;&gt;&gt; <a href=\"https:\/\/fiestalille3000.com\/event\/temps-fort-a-latelier-galerie-bleu\" target=\"_blank\" rel=\"noreferrer noopener\">cliquez ici !!!<\/a><\/p>\n<p><strong>Cit\u00e9philo : le Carnaval comme antiracisme \u2013 Samedi 08 novembre 2025 \u00e0 18h <\/strong><br \/><strong>Bazaar St So <\/strong><br \/><img loading=\"lazy\" decoding=\"async\" width=\"9\" height=\"9\" class=\"tie-appear\" src=\"https:\/\/www.europesays.com\/fr\/wp-content\/uploads\/2025\/10\/1761856156_880_arrow.png\" alt=\"Puce\"\/> Plus d\u2019infos &gt;&gt;&gt; <a href=\"https:\/\/fiestalille3000.com\/event\/citephilo-le-carnaval-comme-antirascisme\" target=\"_blank\" rel=\"noreferrer noopener\">cliquez ici !!!<\/a><\/p>\n<p><strong>En M\u00e9tropole\u00a0<\/strong><\/p>\n<p><strong>Tous \u00e0 vos lampions \u2013 Vendredi 07 novembre 2025 \u00e0 18h <\/strong><br \/><strong>\u00c9cole Courbet, La Madeleine <\/strong><br \/><img loading=\"lazy\" decoding=\"async\" width=\"9\" height=\"9\" class=\"tie-appear\" src=\"https:\/\/www.europesays.com\/fr\/wp-content\/uploads\/2025\/10\/1761856156_880_arrow.png\" alt=\"Puce\"\/> Plus d\u2019infos &gt;&gt;&gt; <a href=\"https:\/\/fiestalille3000.com\/event\/tous-a-vos-lampions-4770473\" target=\"_blank\" rel=\"noreferrer noopener\">cliquez ici !!!<\/a><\/p>\n<p><strong>Carton Plein, Un loto cabaret par Arthur Perole \u2013 Vendredi 07 novembre 2025 \u00e0 19h <\/strong><br \/><strong>Le Gymnase, Roubaix <\/strong><br \/><img loading=\"lazy\" decoding=\"async\" width=\"9\" height=\"9\" class=\"tie-appear\" src=\"https:\/\/www.europesays.com\/fr\/wp-content\/uploads\/2025\/10\/1761856156_880_arrow.png\" alt=\"Puce\"\/> Plus d\u2019infos &gt;&gt;&gt; <a href=\"https:\/\/fiestalille3000.com\/event\/carton-plein-un-loto-cabaret-par-arthur-perole\" target=\"_blank\" rel=\"noreferrer noopener\">cliquez ici !!!<\/a><\/p>\n<p><strong>Week-end de l\u2019Art Fiesta \u00e0 Erquinghem-Lys \u2013 Samedi 08 novembre 2025 \u00e0\u00a0 20h30 <\/strong><br \/><strong>Salle Lucarne, Espace Agoralys, Erquinghem-Lys <\/strong><br \/><img loading=\"lazy\" decoding=\"async\" width=\"9\" height=\"9\" class=\"tie-appear\" src=\"https:\/\/www.europesays.com\/fr\/wp-content\/uploads\/2025\/10\/1761856156_880_arrow.png\" alt=\"Puce\"\/> Plus d\u2019infos &gt;&gt;&gt; <a href=\"https:\/\/fiestalille3000.com\/event\/week-end-de-lart-fiesta-a-erquinghem-lys\" target=\"_blank\" rel=\"noreferrer noopener\">cliquez ici !!!<\/a><\/p>\n<p><strong>La Nuit en lumi\u00e8res 2025 \u00e0 Tourcoing \u2013 Samedi 08 novembre 2025 \u00e0 18h <\/strong><br \/><img loading=\"lazy\" decoding=\"async\" width=\"9\" height=\"9\" class=\"tie-appear\" src=\"https:\/\/www.europesays.com\/fr\/wp-content\/uploads\/2025\/10\/1761856156_880_arrow.png\" alt=\"Puce\"\/> Plus d\u2019infos &gt;&gt;&gt; <a href=\"https:\/\/fiestalille3000.com\/event\/la-nuit-en-lumieres-2025-a-tourcoing\" target=\"_blank\" rel=\"noreferrer noopener\">cliquez ici !!!<\/a><\/p>\n<p><strong>Sacr\u00e9e Fiesta \u00e0 Wattignies \u2013 Samedi 08 novembre 2025 \u00e0 19h <\/strong><br \/><strong>Centre culturel Robert Delefosse, Wattignies <\/strong><br \/><img loading=\"lazy\" decoding=\"async\" width=\"9\" height=\"9\" class=\"tie-appear\" src=\"https:\/\/www.europesays.com\/fr\/wp-content\/uploads\/2025\/10\/1761856156_880_arrow.png\" alt=\"Puce\"\/> Plus d\u2019infos &gt;&gt;&gt; <a href=\"https:\/\/fiestalille3000.com\/event\/sacree-fiesta-a-wattignies-2567514\" target=\"_blank\" rel=\"noreferrer noopener\">cliquez ici !!!<\/a><\/p>\n<p><strong>Soir\u00e9e Vitesse 80 \u00e0 Erquinghem-Lys \u2013 Samedi 08 novembre 2025 \u00e0 20h30 <\/strong><br \/><strong>Ercansc\u00e8ne (Espace Agoralys), Erquinghem-Lys <\/strong><br \/><img loading=\"lazy\" decoding=\"async\" width=\"9\" height=\"9\" class=\"tie-appear\" src=\"https:\/\/www.europesays.com\/fr\/wp-content\/uploads\/2025\/10\/1761856156_880_arrow.png\" alt=\"Puce\"\/> Plus d\u2019infos &gt;&gt;&gt; <a href=\"https:\/\/fiestalille3000.com\/event\/soiree-vitesse-80-a-erquinghem-lys\" target=\"_blank\" rel=\"noreferrer noopener\">cliquez ici !!!<\/a><\/p>\n<p><strong>En R\u00e9gion<\/strong><\/p>\n<p style=\"text-align: justify;\"><strong>Derni\u00e8res chances <\/strong>de <strong>d\u00e9couvrir les cr\u00e9ations musicales<\/strong> <strong>Sacr\u00e9e Fiesta ! <\/strong>de <strong>Simon Fache<\/strong> et <strong>La Nuit du Carnaval <\/strong>de <strong>Julien Joubert,<\/strong> <strong>sp\u00e9cialement compos\u00e9es<\/strong> <strong>pour <\/strong><strong>Fiesta.<\/strong><\/p>\n<p><strong>Sacr\u00e9e Fiesta \u00e0 Gamaches \u2013 Samedi 08 novembre 2025 \u00e0 16h <\/strong><br \/><strong>Salle Paul Eluard, Gamaches <\/strong><br \/><img loading=\"lazy\" decoding=\"async\" width=\"9\" height=\"9\" class=\"tie-appear\" src=\"https:\/\/www.europesays.com\/fr\/wp-content\/uploads\/2025\/10\/1761856156_880_arrow.png\" alt=\"Puce\"\/> Plus d\u2019infos &gt;&gt;&gt; <a href=\"https:\/\/fiestalille3000.com\/event\/sacree-fiesta-a-gamaches\" target=\"_blank\" rel=\"noreferrer noopener\">cliquez ici !!!<\/a><\/p>\n<p><strong>La Nuit du Carnaval \u00e0 Chantilly \u2013 Samedi 08 novembre 2025 \u00e0 20h <\/strong><br \/><strong>Campus Les Fontaines, Gouvieux <\/strong><br \/><img loading=\"lazy\" decoding=\"async\" width=\"9\" height=\"9\" class=\"tie-appear\" src=\"https:\/\/www.europesays.com\/fr\/wp-content\/uploads\/2025\/10\/1761856156_880_arrow.png\" alt=\"Puce\"\/> Plus d\u2019infos &gt;&gt;&gt; <a href=\"https:\/\/fiestalille3000.com\/event\/la-nuit-du-carnaval-a-chantilly\" target=\"_blank\" rel=\"noreferrer noopener\">cliquez ici !!!<\/a><\/p>\n<p><strong>Sacr\u00e9e Fiesta \u00e0 Nomain \u2013 Samedi 08 novembre 2025 \u00e0 18h <\/strong><br \/><strong>Salle L\u00e9on Delezenne, Nomain <\/strong><br \/><img loading=\"lazy\" decoding=\"async\" width=\"9\" height=\"9\" class=\"tie-appear\" src=\"https:\/\/www.europesays.com\/fr\/wp-content\/uploads\/2025\/10\/1761856156_880_arrow.png\" alt=\"Puce\"\/> Plus d\u2019infos &gt;&gt;&gt; <a href=\"https:\/\/fiestalille3000.com\/event\/sacree-fiesta-a-nomain-1739794\" target=\"_blank\" rel=\"noreferrer noopener\">cliquez ici !!!<\/a><\/p>\n<p><strong>Sacr\u00e9e Fiesta ! \u00e0 Albert \u2013 Samedi 08 novembre 2025 \u00e0 20h30 <\/strong><br \/><strong>Th\u00e9\u00e2tre du Jeu de Paume, Albert <\/strong><br \/><img loading=\"lazy\" decoding=\"async\" width=\"9\" height=\"9\" class=\"tie-appear\" src=\"https:\/\/www.europesays.com\/fr\/wp-content\/uploads\/2025\/10\/1761856156_880_arrow.png\" alt=\"Puce\"\/> Plus d\u2019infos &gt;&gt;&gt; <a href=\"https:\/\/fiestalille3000.com\/event\/sacree-fiesta-a-albert\" target=\"_blank\" rel=\"noreferrer noopener\">cliquez ici !!!<\/a><\/p>\n<p><strong>Sacr\u00e9e Fiesta ! \u00e0 Gosnay \u2013 Dimanche 09 novembre 2025 \u00e0 16h <\/strong><br \/><strong>Salle Albertine Lagren\u00e8e, Gosnay <\/strong><br \/><img loading=\"lazy\" decoding=\"async\" width=\"9\" height=\"9\" class=\"tie-appear\" src=\"https:\/\/www.europesays.com\/fr\/wp-content\/uploads\/2025\/10\/1761856156_880_arrow.png\" alt=\"Puce\"\/> Plus d\u2019infos &gt;&gt;&gt; <a href=\"https:\/\/fiestalille3000.com\/event\/sacree-fiesta-a-gosnay\" target=\"_blank\" rel=\"noreferrer noopener\">cliquez ici !!!<\/a><\/p>\n<p><strong>Sacr\u00e9e Fiesta \u00e0 Grande-Synthe \u2013 Dimanche 09 novembre 2025 \u00e0 16h <\/strong><br \/><strong>Palais du Littoral, Grande-Synthe <\/strong><br \/><img decoding=\"async\" loading=\"lazy\" class=\"tie-appear\" src=\"https:\/\/www.europesays.com\/fr\/wp-content\/uploads\/2025\/10\/1761856156_880_arrow.png\" alt=\"Puce\" width=\"9\" height=\"9\"\/> Plus d\u2019infos &gt;&gt;&gt; <a href=\"https:\/\/fiestalille3000.com\/event\/sacree-fiesta-a-grande-synthe\" target=\"_blank\" rel=\"noopener\">cliquez ici !!!<\/a><\/p>\n<p>\u00a0<\/p>\n<p class=\"has-text-align-right\">Source : lille3000 \u2013 Photos et images : DR \u2013 \u00a9 Ville de Lille \/ \u00a9 Zoom Sur Lille<\/p>\n","protected":false},"excerpt":{"rendered":"Un week-end pour faire la f\u00eate une derni\u00e8re fois avec lille3000 ! Concerts, spectacles, boum, ateliers, performances et&hellip;\n","protected":false},"author":2,"featured_media":500734,"comment_status":"","ping_status":"","sticky":false,"template":"","format":"standard","meta":{"footnotes":""},"categories":[2815],"tags":[1111,11,10036,18232,4156,1777,674,1349,3274,1011,27,811,1307,3276,12,21676,25,853,62285],"class_list":{"0":"post-500733","1":"post","2":"type-post","3":"status-publish","4":"format-standard","5":"has-post-thumbnail","7":"category-lille","8":"tag-actu","9":"tag-actualites","10":"tag-ateliers","11":"tag-boum","12":"tag-concerts","13":"tag-eu","14":"tag-europe","15":"tag-expositions","16":"tag-fiesta","17":"tag-fr","18":"tag-france","19":"tag-hauts-de-france","20":"tag-lille","21":"tag-lille3000","22":"tag-news","23":"tag-performances","24":"tag-republique-francaise","25":"tag-spectacles","26":"tag-week-end-de-cloture"},"share_on_mastodon":{"url":"https:\/\/pubeurope.com\/@fr\/115465014346040682","error":""},"_links":{"self":[{"href":"https:\/\/www.europesays.com\/fr\/wp-json\/wp\/v2\/posts\/500733","targetHints":{"allow":["GET"]}}],"collection":[{"href":"https:\/\/www.europesays.com\/fr\/wp-json\/wp\/v2\/posts"}],"about":[{"href":"https:\/\/www.europesays.com\/fr\/wp-json\/wp\/v2\/types\/post"}],"author":[{"embeddable":true,"href":"https:\/\/www.europesays.com\/fr\/wp-json\/wp\/v2\/users\/2"}],"replies":[{"embeddable":true,"href":"https:\/\/www.europesays.com\/fr\/wp-json\/wp\/v2\/comments?post=500733"}],"version-history":[{"count":0,"href":"https:\/\/www.europesays.com\/fr\/wp-json\/wp\/v2\/posts\/500733\/revisions"}],"wp:featuredmedia":[{"embeddable":true,"href":"https:\/\/www.europesays.com\/fr\/wp-json\/wp\/v2\/media\/500734"}],"wp:attachment":[{"href":"https:\/\/www.europesays.com\/fr\/wp-json\/wp\/v2\/media?parent=500733"}],"wp:term":[{"taxonomy":"category","embeddable":true,"href":"https:\/\/www.europesays.com\/fr\/wp-json\/wp\/v2\/categories?post=500733"},{"taxonomy":"post_tag","embeddable":true,"href":"https:\/\/www.europesays.com\/fr\/wp-json\/wp\/v2\/tags?post=500733"}],"curies":[{"name":"wp","href":"https:\/\/api.w.org\/{rel}","templated":true}]}}