{"id":500735,"date":"2025-10-30T20:30:13","date_gmt":"2025-10-30T20:30:13","guid":{"rendered":"https:\/\/www.europesays.com\/fr\/500735\/"},"modified":"2025-10-30T20:30:13","modified_gmt":"2025-10-30T20:30:13","slug":"bientot-de-nouvelles-destinations-a-laeroport-de-lille","status":"publish","type":"post","link":"https:\/\/www.europesays.com\/fr\/500735\/","title":{"rendered":"Bient\u00f4t de nouvelles destinations \u00e0 l&rsquo;a\u00e9roport de Lille"},"content":{"rendered":"<p class=\"ap-StoryElement ap-StoryElement--mb ap-StoryText\">L&rsquo;a\u00e9roport de Lille-Lesquin accueillera bient\u00f4t de <a href=\"https:\/\/www.lalibre.be\/economie\/entreprises-startup\/2025\/10\/28\/nouveautes-chez-brussels-airlines-la-compagnie-annonce-une-nouvelle-destination-et-des-vols-supplementaires-ZMT7MXKJHJF5ZJXOAJMVHKJHPI\/\" target=\"_blank\" rel=\"noopener\">nouvelles destinations.<\/a> C&rsquo;est la compagnie Volotea qui les assurera d\u00e8s 2026.<\/p>\n<p class=\"ap-StoryElement ap-StoryElement--mb ap-StoryText\">Ainsi, il sera possible de rejoindre Barri deux fois par semaine d\u00e8s le 23\u00a0mai. \u00c0 partir du 22\u00a0mai, la liaison avec Madrid sera \u00e9galement assur\u00e9e les lundis et vendredis et avec S\u00e9ville d\u00e8s le 29\u00a0mai, les jeudis et dimanches.<\/p>\n<p>Pour acc\u00e9der \u00e0 cet article, veuillez vous connecter au r\u00e9seau internet.<\/p>\n","protected":false},"excerpt":{"rendered":"L&rsquo;a\u00e9roport de Lille-Lesquin accueillera bient\u00f4t de nouvelles destinations. C&rsquo;est la compagnie Volotea qui les assurera d\u00e8s 2026. Ainsi,&hellip;\n","protected":false},"author":2,"featured_media":500736,"comment_status":"","ping_status":"","sticky":false,"template":"","format":"standard","meta":{"footnotes":""},"categories":[2815],"tags":[1111,11,1813,35820,554,62286,1777,674,1011,27,811,62287,1307,12,25],"class_list":{"0":"post-500735","1":"post","2":"type-post","3":"status-publish","4":"format-standard","5":"has-post-thumbnail","7":"category-lille","8":"tag-actu","9":"tag-actualites","10":"tag-armee","11":"tag-army","12":"tag-defense","13":"tag-defensie","14":"tag-eu","15":"tag-europe","16":"tag-fr","17":"tag-france","18":"tag-hauts-de-france","19":"tag-leger","20":"tag-lille","21":"tag-news","22":"tag-republique-francaise"},"share_on_mastodon":{"url":"https:\/\/pubeurope.com\/@fr\/115465016123113275","error":""},"_links":{"self":[{"href":"https:\/\/www.europesays.com\/fr\/wp-json\/wp\/v2\/posts\/500735","targetHints":{"allow":["GET"]}}],"collection":[{"href":"https:\/\/www.europesays.com\/fr\/wp-json\/wp\/v2\/posts"}],"about":[{"href":"https:\/\/www.europesays.com\/fr\/wp-json\/wp\/v2\/types\/post"}],"author":[{"embeddable":true,"href":"https:\/\/www.europesays.com\/fr\/wp-json\/wp\/v2\/users\/2"}],"replies":[{"embeddable":true,"href":"https:\/\/www.europesays.com\/fr\/wp-json\/wp\/v2\/comments?post=500735"}],"version-history":[{"count":0,"href":"https:\/\/www.europesays.com\/fr\/wp-json\/wp\/v2\/posts\/500735\/revisions"}],"wp:featuredmedia":[{"embeddable":true,"href":"https:\/\/www.europesays.com\/fr\/wp-json\/wp\/v2\/media\/500736"}],"wp:attachment":[{"href":"https:\/\/www.europesays.com\/fr\/wp-json\/wp\/v2\/media?parent=500735"}],"wp:term":[{"taxonomy":"category","embeddable":true,"href":"https:\/\/www.europesays.com\/fr\/wp-json\/wp\/v2\/categories?post=500735"},{"taxonomy":"post_tag","embeddable":true,"href":"https:\/\/www.europesays.com\/fr\/wp-json\/wp\/v2\/tags?post=500735"}],"curies":[{"name":"wp","href":"https:\/\/api.w.org\/{rel}","templated":true}]}}