{"id":500737,"date":"2025-10-30T20:31:21","date_gmt":"2025-10-30T20:31:21","guid":{"rendered":"https:\/\/www.europesays.com\/fr\/500737\/"},"modified":"2025-10-30T20:31:21","modified_gmt":"2025-10-30T20:31:21","slug":"marseille-ce-nouveau-bar-geant-et-cache-ouvre-en-plein-centre-ville-le-concept-est-inedit","status":"publish","type":"post","link":"https:\/\/www.europesays.com\/fr\/500737\/","title":{"rendered":"Marseille. Ce nouveau bar g\u00e9ant et cach\u00e9 ouvre en plein centre-ville, le concept est in\u00e9dit"},"content":{"rendered":"<p>            Par<br \/>\n        <strong><br \/>\n            <a href=\"https:\/\/actu.fr\/auteur\/thibault-nadal-actu-fr\" title=\"Consulter tous les articles de Thibault Nadal\" target=\"_blank\" rel=\"noopener\">Thibault Nadal<\/a><br \/>\n        <\/strong><\/p>\n<p>        Publi\u00e9 le<\/p>\n<p>            30 oct. 2025 \u00e0 17h44        <\/p>\n<p><strong>EXCLUSIF<\/strong>. Il a choisi une date forte pour se lancer. Ce vendredi 31\u00a0octobre 2025, le jour d\u2019Halloween, Benjamin Clair ouvrira <strong>un tout nouveau bar \u00e0 Marseille<\/strong>. Sur 600m2, cet espace cach\u00e9 du centre-ville de <a href=\"https:\/\/actu.fr\/marseille\/\" target=\"_blank\" rel=\"noopener\">Marseille<\/a>, \u00e0 deux pas du <a href=\"https:\/\/actu.fr\/tag\/vieux-port\" target=\"_blank\" rel=\"noopener\">Vieux-Port,<\/a> a \u00e9t\u00e9 imagin\u00e9 selon <strong>un concept totalement in\u00e9dit<\/strong> dans la cit\u00e9 phoc\u00e9enne. Le patron des lieux a accueilli actu Marseille avant <a href=\"https:\/\/actu.fr\/tag\/nouveaux-commerces\" target=\"_blank\" rel=\"noopener\">la grande ouverture<\/a> pr\u00e9vue \u00e0 19h. Visite guid\u00e9e.<\/p>\n<p>Un lieu d\u2019exception en plein centre-ville<\/p>\n<p class=\" wall-content\"><strong>Sur le boulevard Notre-Dame<\/strong>, dans le 6e arrondissement, le lieu n\u2019est pas visible depuis la rue. Pourtant, derri\u00e8re une imposante porte en bois, se cache un v\u00e9ritable tr\u00e9sor architectural et historique\u2009: <strong>une ancienne huilerie datant de plusieurs si\u00e8cles<\/strong> sur un terrain de plus de 1000 m2, qui ne peut \u00eatre compl\u00e8tement utilis\u00e9 pour le moment.<\/p>\n<p>    <a href=\"https:\/\/www.google.com\/maps\/embed?pb=!1m14!1m12!1m3!1d305.25982467080104!2d5.372336916105497!3d43.29044748387053!2m3!1f0!2f0!3f0!3m2!1i1024!2i768!4f13.1!5e0!3m2!1sfr!2sfr!4v1761832417859!5m2!1sfr!2sfr\" title=\"Ouvrie le lien\" target=\"_blank\" rel=\"noopener\">Cliquez ici pour visualiser le contenu<\/a><\/p>\n<p class=\" wall-content\">C\u2019est ici, au beau milieu d\u2019une copropri\u00e9t\u00e9, que Benjamin Clair a d\u00e9cid\u00e9 de poser ses valises et de proposer son tout nouveau bar. Mais pour lui, hors de question de d\u00e9naturer les lieux. \u00ab\u2009J\u2019ai voulu conserver l\u2019histoire de l\u2019endroit en gardant plusieurs aspects\u2009\u00bb, explique-t-il \u00e0 actu Marseille. Pour cela, les murs, l\u2019horloge et surtout le nom ont \u00e9t\u00e9 gard\u00e9s, puisque <strong>le bar s\u2019appellera l\u2019Huilerie<\/strong>.<\/p>\n<p class=\" wall-content\">\n    <img   decoding=\"async\" loading=\"lazy\" src=\"https:\/\/www.europesays.com\/fr\/wp-content\/uploads\/2025\/10\/whatsapp-image-2025-10-30-at-133347-1-960x640.jpeg\" alt=\"C'est dans cette ancienne huilerie du centre-ville de Marseille qu'un tout nouveau bar va voir le jour.\" width=\"960\" height=\"640\"\/><br \/>\n    C\u2019est dans cette ancienne huilerie du centre-ville de Marseille qu\u2019un tout nouveau bar va voir le jour. (\u00a9TN \/ actu Marseille)<br \/>\n    <img   decoding=\"async\" loading=\"lazy\" src=\"https:\/\/www.europesays.com\/fr\/wp-content\/uploads\/2025\/10\/whatsapp-image-2025-10-30-at-163246-960x640.jpeg\" alt=\"L'imposante terrasse ext\u00e9rieure.\" width=\"960\" height=\"640\"\/><br \/>\n    L\u2019imposante terrasse ext\u00e9rieure. (\u00a9TN \/ actu Marseille)<\/p>\n<p>L\u2019huilerie, directement inspir\u00e9e de Budapest<\/p>\n<p class=\" wall-content\">Mais \u00e0 l\u2019int\u00e9rieur, tout est en train de changer. Depuis des mois, Benjamin Clair et les ouvriers se pressent pour le transformer en <strong>un \u00ab\u2009ruin bar\u2009\u00bb<\/strong>. Un concept directement inspir\u00e9 de Budapest en Hongrie o\u00f9 des locaux abandonn\u00e9s et\/ou d\u00e9saffect\u00e9s sont transform\u00e9s en un endroit o\u00f9 l\u2019on peut boire et un manger. D\u2019o\u00f9 la volont\u00e9 du nouveau propri\u00e9taire de <strong>garder cette ancienne huilerie \u00ab\u2009dans son jus\u2009\u00bb<\/strong>.<\/p>\n<blockquote class=\"ac-article-quote wall-content\">\n<p>On veut continuer dans cette empreinte marseillaise, avec un endroit le plus \u00ab\u00a0street\u00a0\u00bb possible, tout en ayant des produits qualitatifs.<\/p>\n<p>    <strong>Benjamin Clair<\/strong><br \/>\n        Propri\u00e9taire de l&rsquo;Huilerie    <\/p><\/blockquote>\n<p class=\" wall-content\">Et c\u2019est exactement la volont\u00e9 de Benjamin Clair. L\u2019Huilerie sera \u00ab\u2009un lieu de vie\u2009\u00bb, accessible du matin au soir pour plus d\u2019une centaine de personnes. Des tables seront ainsi install\u00e9es en ext\u00e9rieur et en int\u00e9rieur.<\/p>\n<p>Votre r\u00e9gion, votre actu !<\/p>\n<p>Recevez chaque jour les infos qui comptent pour vous.<\/p>\n<p>\t<a href=\"https:\/\/actu.fr\/newsletter\" class=\"ac-btn ac-btn--corner ac-btn--medium ac-btn--blue800\" target=\"_blank\" rel=\"noopener\">S&rsquo;incrire<\/a><\/p>\n<p>    <img   decoding=\"async\" loading=\"lazy\" src=\"https:\/\/www.europesays.com\/fr\/wp-content\/uploads\/2025\/10\/whatsapp-image-2025-10-30-at-153922-960x640.jpeg\" alt=\"La d\u00e9coration urbaine et des murs pas totalement r\u00e9nov\u00e9s font partie du concept de \" width=\"960\" height=\"640\"\/><br \/>\n    La d\u00e9coration urbaine et des murs pas totalement r\u00e9nov\u00e9s font partie du concept de \u00ab\u2009ruin bar\u2009\u00bb. (\u00a9Fabien Binacchi \/ actu Marseille)<\/p>\n<p class=\" wall-content\">Pour cela, <strong>plusieurs temps rythmeront la journ\u00e9e<\/strong>\u2009: le matin, une offre de boisson chaude et de viennoiserie sera propos\u00e9e. Le midi, un plat du jour sera \u00e0 la carte pour \u00ab\u2009les gens du quartier\u2009\u00bb et le soir, tapas, planche de charcuterie et fromage, cocktails et bi\u00e8res seront au programme.<\/p>\n<p class=\" wall-content\">Mais ce n\u2019est pas tout. Deux pi\u00e8ces devraient accueillir <strong>six \u00e9choppes au maximum<\/strong> dans le pur style des Halles. Pour le moment, rien n\u2019a \u00e9t\u00e9 sign\u00e9, mais plusieurs styles de nourritures pourraient y poser leurs valises (africain, belge, libanais). \u00ab\u2009On est en train de voir ce qu\u2019on peut faire\u2009\u00bb, commente Benjamin Clair.<\/p>\n<p class=\" wall-content\">Enfin, <strong>un dj diff\u00e9rent viendra mixer tous les samedis soir jusqu\u2019\u00e0 2h du matin<\/strong>. Un brunch sera \u00e9galement propos\u00e9 le dimanche.<\/p>\n<p>Des prix raisonnables\u2009?<\/p>\n<p class=\" wall-content\">Pour se d\u00e9marquer des autres Halles, notamment celles du Vieux-Port qui ne sont qu\u2019\u00e0 quelques centaines de m\u00e8tres \u00e0 vol d\u2019oiseau, Benjamin Clair mise sur l\u2019installation de plusieurs petits d\u00e9tails \u00e0 l\u2019\u00e9tage.<\/p>\n<p class=\" wall-content\">Comme <strong>un billard, une borne d\u2019arcades et un jeu de fl\u00e9chettes<\/strong>. Enfin, comme on est \u00e0 Marseille, une t\u00e9l\u00e9vision permettra de suivre les matchs de <a href=\"https:\/\/actu.fr\/tag\/olympique-de-marseille-om\" target=\"_blank\" rel=\"noopener\">l\u2019OM<\/a>. \u00ab\u2009Je veux un endroit diff\u00e9rent des autres\u2009\u00bb, affirme le propri\u00e9taire des lieux.<\/p>\n<p>    <img   decoding=\"async\" loading=\"lazy\" src=\"https:\/\/www.europesays.com\/fr\/wp-content\/uploads\/2025\/10\/whatsapp-image-2025-10-30-at-153922-1-960x640.jpeg\" alt=\"Des espaces privatifs et de jeux seront disponibles \u00e0 l'\u00e9tage.\" width=\"960\" height=\"640\"\/><br \/>\n    Des espaces privatifs et de jeux seront disponibles \u00e0 l\u2019\u00e9tage. (\u00a9Fabien Binacchi \/ actu Marseille)<\/p>\n<p class=\" wall-content\">Mais aussi sur les prix qui se veulent volontairement <strong>\u00ab\u2009accessibles\u2009\u00bb<\/strong>, m\u00eame si aucune carte ne nous a \u00e9t\u00e9 montr\u00e9e pour appuyer ses propos.<\/p>\n<p class=\" wall-content\">Un projet ambitieux qui ne d\u00e9voilera pas tous ses atouts d\u00e8s ce vendredi. Pour ce premier week-end, le bar ne sera op\u00e9rationnel que le soir, le temps de terminer les derniers travaux. Benjamin Clair souhaite <strong>une ouverture compl\u00e8te ce lundi 3\u00a0novembre<\/strong>.<\/p>\n<p>L\u2019Huilerie se trouve au 3 boulevard Notre-Dame dans le 6e arrondissement de Marseille.<br \/>Le bar sera ouvert du lundi au dimanche de 8h \u00e0 minuit tous les jours et jusqu\u2019\u00e0 2h du matin le samedi.<\/p>\n<p class=\" wall-content\">Personnalisez votre actualit\u00e9 en ajoutant vos villes et m\u00e9dias en favori avec <a href=\"https:\/\/moncompte.actu.fr\" title=\"D\u00e9couvez Mon Actu\" rel=\"nofollow noopener\" data-trk=\"{&quot;cta&quot;:{&quot;action&quot;:&quot;https:\\\/\\\/moncompte.actu.fr&quot;,&quot;category&quot;:&quot;mon compte&quot;,&quot;from&quot;:&quot;article footer&quot;,&quot;name&quot;:&quot;Mon actu&quot;,&quot;type&quot;:&quot;cta&quot;}}\" target=\"_blank\">Mon Actu<\/a>.<\/p>\n","protected":false},"excerpt":{"rendered":"Par Thibault Nadal Publi\u00e9 le 30 oct. 2025 \u00e0 17h44 EXCLUSIF. Il a choisi une date forte pour&hellip;\n","protected":false},"author":2,"featured_media":500738,"comment_status":"","ping_status":"","sticky":false,"template":"","format":"standard","meta":{"footnotes":""},"categories":[2814],"tags":[1111,11,215,1777,674,1011,27,1652,884,12,3147,882,25],"class_list":{"0":"post-500737","1":"post","2":"type-post","3":"status-publish","4":"format-standard","5":"has-post-thumbnail","7":"category-marseille","8":"tag-actu","9":"tag-actualites","10":"tag-commerce","11":"tag-eu","12":"tag-europe","13":"tag-fr","14":"tag-france","15":"tag-loisirs-culture","16":"tag-marseille","17":"tag-news","18":"tag-nouveaux-commerces","19":"tag-provence-alpes-cote-dazur","20":"tag-republique-francaise"},"share_on_mastodon":{"url":"https:\/\/pubeurope.com\/@fr\/115465020252990438","error":""},"_links":{"self":[{"href":"https:\/\/www.europesays.com\/fr\/wp-json\/wp\/v2\/posts\/500737","targetHints":{"allow":["GET"]}}],"collection":[{"href":"https:\/\/www.europesays.com\/fr\/wp-json\/wp\/v2\/posts"}],"about":[{"href":"https:\/\/www.europesays.com\/fr\/wp-json\/wp\/v2\/types\/post"}],"author":[{"embeddable":true,"href":"https:\/\/www.europesays.com\/fr\/wp-json\/wp\/v2\/users\/2"}],"replies":[{"embeddable":true,"href":"https:\/\/www.europesays.com\/fr\/wp-json\/wp\/v2\/comments?post=500737"}],"version-history":[{"count":0,"href":"https:\/\/www.europesays.com\/fr\/wp-json\/wp\/v2\/posts\/500737\/revisions"}],"wp:featuredmedia":[{"embeddable":true,"href":"https:\/\/www.europesays.com\/fr\/wp-json\/wp\/v2\/media\/500738"}],"wp:attachment":[{"href":"https:\/\/www.europesays.com\/fr\/wp-json\/wp\/v2\/media?parent=500737"}],"wp:term":[{"taxonomy":"category","embeddable":true,"href":"https:\/\/www.europesays.com\/fr\/wp-json\/wp\/v2\/categories?post=500737"},{"taxonomy":"post_tag","embeddable":true,"href":"https:\/\/www.europesays.com\/fr\/wp-json\/wp\/v2\/tags?post=500737"}],"curies":[{"name":"wp","href":"https:\/\/api.w.org\/{rel}","templated":true}]}}