{"id":500739,"date":"2025-10-30T20:32:20","date_gmt":"2025-10-30T20:32:20","guid":{"rendered":"https:\/\/www.europesays.com\/fr\/500739\/"},"modified":"2025-10-30T20:32:20","modified_gmt":"2025-10-30T20:32:20","slug":"a-marseille-la-region-sud-fait-front-contre-lantisemitisme","status":"publish","type":"post","link":"https:\/\/www.europesays.com\/fr\/500739\/","title":{"rendered":"\u00c0 Marseille, la R\u00e9gion Sud fait front contre l\u2019antis\u00e9mitisme"},"content":{"rendered":"<p>La R\u00e9gion Sud a accueilli ce mercredi 29 octobre une Agora exceptionnelle intitul\u00e9e \u00ab Pourquoi toujours de l\u2019antis\u00e9mitisme et comment lutter contre ? \u00bb. Sous l\u2019impulsion du pr\u00e9sident Renaud Muselier, pr\u00e9sident de Provence-Alpes-C\u00f4te d\u2019Azur,\u00a0 responsables politiques, intellectuels, artistes, chercheurs et repr\u00e9sentants religieux se sont succ\u00e9d\u00e9 pour dresser un constat alarmant et appeler \u00e0 un sursaut collectif. De Renaud Muselier \u00e0 Marek Halter, de Hassen Chalghoumi \u00e0 Nora Bussigny, Omar Youssef Souleiman, Amine El Khatmi, Alexandre Arcady ou Bernard Valero et Alexis Leproux, les interventions ont m\u00eal\u00e9 t\u00e9moignages, analyses et propositions, dans un climat de gravit\u00e9 et d\u2019\u00e9motion.<br \/>\n<img fetchpriority=\"high\" decoding=\"async\" class=\"size-large wp-image-110548\" src=\"https:\/\/www.europesays.com\/fr\/wp-content\/uploads\/2025\/10\/Salle-de-lAgora-1024x551.jpg\" alt=\"Destimed Salle de lAgora\" width=\"1024\" height=\"551\"  \/>Quelque 500 personnes ont particip\u00e9 \u00e0 l\u2019Agora intitul\u00e9e \u00ab Pourquoi toujours de l\u2019antis\u00e9mitisme et comment lutter contre ? \u00bb organis\u00e9e par la r\u00e9gion Sud \u00a9 Franck Maill\u00e9<br \/>\nRenaud Muselier sort la boussole r\u00e9publicaine<br \/>\n<img loading=\"lazy\" decoding=\"async\" class=\"size-large wp-image-110549\" src=\"https:\/\/www.europesays.com\/fr\/wp-content\/uploads\/2025\/10\/Renaud-Muselier-1-1024x962.jpg\" alt=\"Destimed Renaud Muselier 1\" width=\"1024\" height=\"962\"  \/>Renaud Muselier, pr\u00e9sident de Provence-Alpes-C\u00f4te d\u2019Azur \u00a9 Hagay Sobol<\/p>\n<p data-start=\"2305\" data-end=\"2593\">\u00c0 l\u2019ouverture d\u2019une nouvelle Agora, Renaud Muselier a replac\u00e9 la lutte contre l\u2019antis\u00e9mitisme au c\u0153ur du d\u00e9bat public, dans la continuit\u00e9 des forums qu\u2019il organise r\u00e9guli\u00e8rement sur la pollution, l\u2019environnement ou encore la r\u00e9industrialisation d\u00e9carbon\u00e9e. \u00ab Depuis le 7 octobre, il n\u2019y a plus de d\u00e9bat possible. L\u2019agressivit\u00e9 s\u2019installe, l\u2019inqui\u00e9tude grandit et le ph\u00e9nom\u00e8ne s\u2019inscrit dans une vague mondiale qui touche aussi la France. \u00bb Le dispositif se veut sans tunnel : cinq minutes par prise de parole, puis d\u00e9bat. L\u2019objectif pr\u00e9cise-t-il est de \u00abparler \u00e0 tout le monde\u00bb et retisser les fils d\u2019une conversation civique l\u00e0 o\u00f9 la peur gagne une partie des Fran\u00e7ais juifs.<\/p>\n<p data-start=\"2305\" data-end=\"2593\">Le pr\u00e9sident de R\u00e9gion rappelle que l\u2019antis\u00e9mitisme \u00ab n\u2019a jamais \u00e9t\u00e9 aussi fort depuis des d\u00e9cennies \u00bb, avec une hausse de plus de 200 % des actes recens\u00e9s. Il met en exergue son refus d\u2019importer le conflit isra\u00e9lo-palestinien dans l\u2019espace public fran\u00e7ais. Il reconna\u00eet l\u2019onde de choc internationale, \u00e9voque les otages et un possible \u00abred\u00e9marrage \u00bb du processus de paix \u00e0 Gaza, mais fixe le cap : pr\u00e9server la coh\u00e9sion nationale. \u00c0 l\u2019heure o\u00f9 certaines mairies ont hiss\u00e9 un drapeau palestinien, lui oppose le drapeau fran\u00e7ais et la devise \u00ab Libert\u00e9, \u00c9galit\u00e9, Fraternit\u00e9 \u00bb. \u00ab Ce d\u00e9bat n\u2019est pas communautaire\u00bb, rappelle-t-il.\u00a0 Renaud Muselier insiste sur la libert\u00e9 de culte, la s\u00e9curit\u00e9 des villes et le respect mutuel. Marseille, \u00ab ville-monde \u00bb m\u00e9tiss\u00e9e depuis 2 600 ans, demeure pour lui un mod\u00e8le fragile : les manifestations pro-Gaza sont compr\u00e9hensibles \u00ab au regard des drames l\u00e0-bas \u00bb, mais ne doivent pas d\u00e9raper ni transposer la haine. \u00ab Ici, on se parle et on s\u2019\u00e9coute \u00bb, mart\u00e8le-t-il, mettant en garde contre l\u2019imm\u00e9diatet\u00e9, les jugements tronqu\u00e9s et les ressentiments qui ab\u00eement la R\u00e9publique. Le pr\u00e9sident affirme avoir re\u00e7u des demandes d\u2019annulation -p\u00e9titions et courriers \u00ab de militants de gauche, peut-\u00eatre d\u2019ultragauche \u00bb. Il dit avoir tenu bon : \u00ab Parler d\u2019antis\u00e9mitisme est essentiel \u00bb, indissociable de la lutte contre le racisme et des libert\u00e9s garanties par la R\u00e9publique. \u00c0 l\u2019issue de la r\u00e9union, le pr\u00e9sident d\u00e9voil\u00e9 un plan d\u2019actions\u2026<\/p>\n<blockquote><p>\nLe plan d\u2019actions d\u00e9voil\u00e9<\/p>\n<p data-start=\"907\" data-end=\"1219\">A l\u2019issue de l\u2019Agora Renaud Muselier a formul\u00e9 des propositions concr\u00e8tes, notamment en mati\u00e8re d\u2019\u00e9ducation et de pr\u00e9vention de la radicalisation, d\u00e9j\u00e0 engag\u00e9es dans les lyc\u00e9es r\u00e9gionaux. Et il promet \u00ab\u00a0des mesures et pas seulement des mots \u00bbpour desserrer l\u2019\u00e9tau<\/p>\n<p data-start=\"2295\" data-end=\"2801\"><strong>1) L\u2019\u00e9cole comme antidote (2024\u20132028).<\/strong><br data-start=\"2337\" data-end=\"2340\"\/>Avec les rectorats et le Camp des Milles, la R\u00e9gion \u00e9tendra des parcours de sensibilisation dans tous les lyc\u00e9es d\u2019ici 2028, et jusque dans les ligues sportives. Il s\u2019agit en ligne de mire de d\u00e9construire l\u2019antis\u00e9mitisme et le complotisme, outiller les \u00e9quipes, cr\u00e9er des r\u00e9flexes d\u2019alerte. En parall\u00e8le, la R\u00e9gion a d\u00e9j\u00e0 form\u00e9 ses agents de lyc\u00e9es aux signaux pr\u00e9coces de radicalisation : une premi\u00e8re marche, pas l\u2019aboutissement.<\/p>\n<p data-start=\"2803\" data-end=\"3191\"><strong>2) Les victimes, de l\u2019isolement \u00e0 l\u2019accompagnement.<\/strong><br data-start=\"2858\" data-end=\"2861\"\/>Renaud Muselier promet un circuit court pour le d\u00e9p\u00f4t de plainte, en partenariat avec le tissu associatif, et une attention aux publics jeunes (lyc\u00e9ens, \u00e9tudiants) o\u00f9 les humiliations et menaces se banalisent. L\u2019objectif implicite est de sortir du r\u00e9flexe de renoncement : \u00ab\u00e7a ne servira \u00e0 rien\u00bb et documenter les faits.<\/p>\n<p data-start=\"3193\" data-end=\"3641\"><strong>3) \u201cR\u00e9gion Sud Fraternit\u00e9\u201d, la sc\u00e8ne commune.<\/strong><br data-start=\"3242\" data-end=\"3245\"\/>Plut\u00f4t qu\u2019un \u00e9ni\u00e8me colloque, un dispositif permanent : repr\u00e9sentants juifs, chr\u00e9tiens, musulmans r\u00e9unis dans un espace de travail pour co-produire des projets (\u00e9v\u00e9nements, ateliers, rencontres dans les \u00e9tablissements). Le pari est d\u2019institutionnaliser l\u2019amiti\u00e9 civique et donner des prises \u00e0 une majorit\u00e9 silencieuse qui ne sait plus comment s\u2019exprimer autrement qu\u2019en ligne.<\/p>\n<p>Agora. Paroles crois\u00e9es : m\u00e9moire, foi, enqu\u00eate, exil, cin\u00e9ma et diplomatie\n<\/p><\/blockquote>\n<p><strong>Marek Halter : \u00abL\u2019antis\u00e9mitisme, c\u2019est la mort. Les mots peuvent d\u00e9sarmer \u00bb<\/strong><br \/>\n<img loading=\"lazy\" decoding=\"async\" class=\"size-large wp-image-110550\" src=\"data:image\/svg+xml,%3Csvg%20xmlns=\" http:=\"\" alt=\"Destimed Marek Halter 1\" width=\"913\" height=\"1024\" data-lazy- data-lazy- data-lazy-src=\"https:\/\/www.europesays.com\/fr\/wp-content\/uploads\/2025\/10\/Marek-Halter-1-913x1024.jpg\"\/>L\u2019\u00e9crivain Marek Halter \u00a9 Hagay Sobol<\/p>\n<p data-start=\"1608\" data-end=\"1690\"><strong>\u00a0<\/strong>L\u2019\u00e9crivain Marek Halter a livr\u00e9 un plaidoyer m\u00ealant m\u00e9moire, lucidit\u00e9 et esp\u00e9rance. \u00c0 89 ans, ce militant de la Paix dit \u00eatre \u00ab optimiste par devoir \u00bb, mais rappelle que cet optimisme \u00ab se nourrit d\u2019un pessimisme initial \u00bb : \u00ab L\u2019histoire nous apprend que l\u2019homme est capable du pire comme du meilleur.\u00bb Pour l\u2019\u00e9crivain, l\u2019antis\u00e9mitisme est \u00ab la mort, la haine \u00bb. Il rejette toute logique d\u2019hostilit\u00e9 de principe : \u00ab Pourquoi d\u00e9testerais-je un Juif, un bouddhiste, un musulman ? \u00bb Il cite l\u2019enseignement d\u2019un pape ami : \u00ab Si on t\u2019agresse, approche-toi et demande pourquoi : les mots d\u00e9sarment. \u00bb Un r\u00e9flexe de parole qu\u2019il juge trop peu mobilis\u00e9. Il a aussi propos\u00e9 d\u2019explorer de nouvelles formes p\u00e9dagogiques, jusqu\u2019\u00e0 l\u2019usage de robots \u00e9ducatifs pour enseigner la tol\u00e9rance aux enfants : \u00ab Puisqu\u2019on ne nous croit plus, faisons parler les machines. \u00bb Et de conclure par une m\u00e9taphore : \u00ab La haine, c\u2019est comme un tube de dentifrice : une fois sortie, on ne la remet pas dedans. \u00bb D\u2019o\u00f9 un appel \u00e0 agir t\u00f4t et \u00e0 ne rien laisser passer\u00a0 par l\u2019\u00e9ducation, le dialogue et une vigilance collective.<\/p>\n<p><strong>Hassen Chalghoumi : \u00abR\u00e9veiller la majorit\u00e9 silencieuse contre la haine \u00bb<\/strong><br \/>\n<img loading=\"lazy\" decoding=\"async\" class=\"size-large wp-image-110551\" src=\"data:image\/svg+xml,%3Csvg%20xmlns=\" http:=\"\" alt=\"Destimed Iman de Drancy K\" width=\"1024\" height=\"904\" data-lazy- data-lazy- data-lazy-src=\"https:\/\/www.europesays.com\/fr\/wp-content\/uploads\/2025\/10\/Iman-de-Drancy-K-1024x904.jpg\"\/>L\u2019imam de Drancy, Hassen Chalghoumi \u00a9 Franck Maill\u00e9<\/p>\n<p data-start=\"2555\" data-end=\"2652\">L\u2019imam de Drancy, Hassen Chalghoumi connu pour son engagement interreligieux, a livr\u00e9 une intervention vibrante\u00a0 \u00ab Il n\u2019y a pas un enfant qui na\u00eet avec la haine. Elle s\u2019enseigne, elle s\u2019alimente par le mensonge et le silence.\u00bb D\u00e9non\u00e7ant \u00e0 la fois la propagande islamiste, la haine en ligne et la passivit\u00e9 de la majorit\u00e9 silencieuse, il a exhort\u00e9 les citoyens \u00e0 se lever : \u00ab Aujourd\u2019hui, ce sont les Juifs. Demain, ce sera nous. La R\u00e9publique ne peut pas rester indiff\u00e9rente. \u00bb Il distingue trois attitudes citoyennes : les engag\u00e9s, courageux, justes ; les indiff\u00e9rents et silencieux ; et ceux qui basculent dans la malveillance.<\/p>\n<p data-start=\"2555\" data-end=\"2652\">S\u2019il d\u00e9nonce la flamb\u00e9e de l\u2019antis\u00e9mitisme, Hassen Chalghoumi pointe aussi le racisme anti-musulman et l\u2019instrumentalisation du conflit isra\u00e9lo-palestinien par certaines formations politiques et mouvances islamistes (dont les Fr\u00e8res musulmans). M\u00e9langer islam et islamisme, ou immigration et musulmans, attise, selon lui, les pr\u00e9jug\u00e9s et fracture le pays. Il met en exergue un triptyque d\u2019action: L\u2019\u00e9ducation pour armer les jeunes contre la d\u00e9sinformation et les th\u00e9ories simplistes, le discours religieux promouvoir une parole spirituelle claire \u2014 \u00ab S\u2019il n\u2019est pas ton fr\u00e8re en religion, il est ton fr\u00e8re en humanit\u00e9 \u00bb pour d\u00e9samorcer les st\u00e9r\u00e9otypes. Hassen Chalghoumi a aussi insist\u00e9 sur la responsabilit\u00e9 des r\u00e9seaux sociaux, appelant les parents et les \u00e9ducateurs \u00e0 \u00ab reprendre la main sur cette jeunesse livr\u00e9e aux influenceurs \u00bb.<\/p>\n<p><strong data-start=\"3235\" data-end=\"3325\">Nora Bussigny : <\/strong><strong data-start=\"1611\" data-end=\"1690\">\u00ab<\/strong><strong data-start=\"3235\" data-end=\"3325\">Apr\u00e8s m\u2019avoir lue, vous ne pourrez plus dire que vous ne saviez pas<\/strong><strong data-start=\"2461\" data-end=\"2553\">\u00bb<\/strong><br \/>\n<img loading=\"lazy\" decoding=\"async\" class=\"size-large wp-image-110552\" src=\"data:image\/svg+xml,%3Csvg%20xmlns=\" http:=\"\" alt=\"Destimed Nora Bussigny 1\" width=\"915\" height=\"1024\" data-lazy- data-lazy- data-lazy-src=\"https:\/\/www.europesays.com\/fr\/wp-content\/uploads\/2025\/10\/Nora-Bussigny-1-915x1024.jpg\"\/>La journaliste et essayiste, Laura Bussigny autrice du livre \u201cLes Nouveaux Antis\u00e9mites\u201d \u00a9 Hagay Sobol<\/p>\n<p data-start=\"3327\" data-end=\"3740\">La journaliste et essayiste, autrice de Les Nouveaux Antis\u00e9mites, a t\u00e9moign\u00e9 de son enqu\u00eate men\u00e9e deux ans durant sous couverture dans les milieux pro-palestiniens radicaux. Elle montre, dit-elle \u00a0montrer, dit-elle, comment une empathie l\u00e9gitime pour la cause palestinienne peut \u00eatre instrumentalis\u00e9e par des collectifs ultra-radicaux, parfois proches d\u2019organisations class\u00e9es terroristes.<\/p>\n<p data-start=\"675\" data-end=\"1185\">Laura Bussigny signale avoir recueilli plus d\u2019une centaine de t\u00e9moignages (\u00e9lus, enseignants, militants, lyc\u00e9ens) et document\u00e9 des faits \u00e0 Marseille, o\u00f9 elle dit avoir observ\u00e9 une d\u00e9gradation du climat : tags antis\u00e9mites, pressions sur des jeunes, et exfiltration d\u2019un collectif juif (Nous Vivrons) lors de la marche du 8 mars \u00ab faute de pouvoir garantir leur s\u00e9curit\u00e9 \u00bb. \u00ab C\u2019est alarmant, et c\u2019est aussi pour cela qu\u2019un \u00e9v\u00e9nement comme cette Agora est primordial \u00bb, insiste-t-elle.<\/p>\n<p data-start=\"675\" data-end=\"1185\">Au fil de ses investigations, l\u2019autrice affirme avoir identifi\u00e9 un glissement s\u00e9mantique : des groupes qui se r\u00e9clament de \u00abl\u2019antisionisme \u00bb verseraient en r\u00e9alit\u00e9 dans un antis\u00e9mitisme assum\u00e9 et la glorification d\u2019actes violents. Elle cite, pour Marseille et le Sud, des collectifs en phase de dissolution et \u00e9voque Urgence Palestine, soutenu selon elle par des partis politiques.<\/p>\n<p data-start=\"675\" data-end=\"1185\">Laura Bussigny dit faire face \u00e0 des menaces renforc\u00e9es depuis son audition parlementaire et relie ces attaques \u00e0 son profil franco-marocain et \u00e0 ses prises de position : \u00ab Je suis consid\u00e9r\u00e9e comme une tra\u00eetresse, \u00e0 l\u2019instar de l\u2019imam Hassen Chalghoumi, harcel\u00e9 pour avoir d\u00e9nonc\u00e9 l\u2019antis\u00e9mitisme. \u00bb Elle \u00a0plaide pour \u00abcouper le robinet\u00bb des soutiens publics : ne plus offrir de caution r\u00e9publicaine \u00e0 des \u00e9v\u00e9nements h\u00e9berg\u00e9s ou co-organis\u00e9s avec des groupes vis\u00e9s par des dissolutions ou reli\u00e9s au terrorisme. Elle appelle la justice \u00e0 saisir ces dossiers.\u00a0 Elle conclut par un avertissement : \u00ab Apr\u00e8s m\u2019avoir lue, vous ne pourrez plus dire que vous ne saviez pas \u00bb, assumant une d\u00e9marche qui se veut sourc\u00e9e, document\u00e9e et tourn\u00e9e vers l\u2019action.<\/p>\n<p><strong data-start=\"4085\" data-end=\"4170\">Omar Youssef Souleiman : \u00ab Je ne veux pas que la France devienne ce que j\u2019ai fui\u00bb<\/strong><br \/>\n<img loading=\"lazy\" decoding=\"async\" class=\"size-large wp-image-110553\" src=\"data:image\/svg+xml,%3Csvg%20xmlns=\" http:=\"\" alt=\"Destimed oMAR yOUSSEF sOULEIMAN 1\" width=\"1024\" height=\"760\" data-lazy- data-lazy- data-lazy-src=\"https:\/\/www.europesays.com\/fr\/wp-content\/uploads\/2025\/10\/oMAR-yOUSSEF-sOULEIMAN-1-1024x760.jpg\"\/>L\u2019\u00e9crivain franco-syrien, Omar Youssef Souleiman auteur des Complices du mal \u00a9Hagay Sobol<\/p>\n<p data-start=\"4172\" data-end=\"4263\">L\u2019\u00e9crivain franco-syrien, auteur des Complices du mal, livre son t\u00e9moignage: \u00ab En Syrie, le mot \u201cjuif\u201d \u00e9tait une insulte. J\u2019ai fui les islamistes pour trouver refuge en France. Mais je retrouve ici une ambiance de haine que je croyais avoir quitt\u00e9e. \u00bb Install\u00e9 en France \u00e0 25 ans, il dit avoir retrouv\u00e9 des ambiances radicales et rapporte avoir \u00e9t\u00e9 agress\u00e9 dans le m\u00e9tro parisien apr\u00e8s Charlie Hebdo, l\u2019assaillant le visant parce qu\u2019il le croyait juif. C\u2019est, dit-il, l\u2019une des raisons qui l\u2019ont conduit \u00e0 \u00e9crire son livre.<\/p>\n<p data-start=\"4172\" data-end=\"4263\">Apr\u00e8s le 7 octobre, l\u2019\u00e9crivain indique s\u2019\u00eatre infiltr\u00e9 dans des dizaines de cort\u00e8ges (organis\u00e9s, dit-il, par des collectifs pro-palestiniens radicaux et des \u00e9lus de gauche). Il rapporte y avoir entendu des slogans en arabe et en fran\u00e7ais encourageant le Hamas et appelant \u00e0 la destruction d\u2019Isra\u00ebl. Il cite des responsables associatifs qui auraient honor\u00e9 \u00able D\u00e9luge d\u2019Al-Aqsa \u00bb\u00a0(nom donn\u00e9 par le Hamas \u00e0 l\u2019attaque du 7 octobre) et \u00e9rig\u00e9 en porte-parole l\u00e9gitimes ceux \u00ab dans les tunnels de Gaza \u00bb. \u00ab Dans ces manifestations, j\u2019ai eu l\u2019impression de ne plus \u00eatre en France, mais en Syrie au d\u00e9but des ann\u00e9es 2000 \u00bb, r\u00e9sume-t-il.<\/p>\n<p data-start=\"4172\" data-end=\"4263\">Omar \u00a0Souleiman met en cause des proximities entre certains collectifs (ex. Urgence Palestine) et des mouvances islamistes, ainsi que des liens revendiqu\u00e9s avec des organisations class\u00e9es terroristes comme le FPLP. Il cite \u00e9galement des \u00e9lus ou figures publiques qu\u2019il accuse de complaisance. Il insiste sur le fait que son propos \u00ab n\u2019a rien \u00e0 voir avec l\u2019interdiction de manifester pour Gaza \u00bb, mais vise \u00ab la mani\u00e8re dont certains organisent ces mobilisations \u00bb.<\/p>\n<p data-start=\"4172\" data-end=\"4263\">Il met en cause des proximities entre certains collectifs (ex. Urgence Palestine) et des mouvances islamistes, ainsi que des liens revendiqu\u00e9s avec des organisations class\u00e9es terroristes comme le FPLP. Il cite \u00e9galement des \u00e9lus ou figures publiques qu\u2019il accuse de complaisance. Il insiste\u00a0 sur le fait que son propos \u00ab n\u2019a rien \u00e0 voir avec l\u2019interdiction de manifester pour Gaza \u00bb, mais vise \u00ab la mani\u00e8re dont certains organisent ces mobilisations \u00bb. Pour l\u2019auteur, l\u2019antis\u00e9mitisme n\u2019est pas l\u2019affaire des seuls Juifs : le tol\u00e9rer ouvrirait la voie \u00e0 l\u2019islam radical et mettrait en p\u00e9ril l\u2019ensemble de la R\u00e9publique.<\/p>\n<p><strong>Amine El Khatmi : \u00ab Il faut rendre coup pour coup, par la R\u00e9publique et la la\u00efcit\u00e9\u00bb<\/strong><br \/>\n<img loading=\"lazy\" decoding=\"async\" class=\"size-large wp-image-110554\" src=\"data:image\/svg+xml,%3Csvg%20xmlns=\" http:=\"\" alt=\"Destimed Amine El Khatmi\" width=\"1024\" height=\"768\" data-lazy- data-lazy- data-lazy-src=\"https:\/\/www.europesays.com\/fr\/wp-content\/uploads\/2025\/10\/Amine-El-Khatmi-1024x768.jpg\"\/>Amine El Khatmi,ancien pr\u00e9sident du Printemps r\u00e9publicain, ex-conseiller municipal d\u2019Avignon \u00a9 Franck Maill\u00e9<\/p>\n<p data-start=\"76\" data-end=\"458\">Ancien pr\u00e9sident du Printemps r\u00e9publicain, ex-conseiller municipal d\u2019Avignon, Amine El Khatmi a livr\u00e9 une intervention tr\u00e8s politique, arrim\u00e9e \u00e0 son parcours et \u00e0 une conception exigeante de la la\u00efcit\u00e9. Vingt ans apr\u00e8s y avoir si\u00e9g\u00e9 comme lyc\u00e9en, il revient au Conseil r\u00e9gional \u00ab pour dire aux Fran\u00e7ais juifs : vous n\u2019\u00eates pas seuls \u00bb.<\/p>\n<p data-start=\"494\" data-end=\"871\">Marqu\u00e9 par Toulouse (2012) et 2015 (\u00ab Charlie \u00bb, Hyper Cacher\u2026), Amine El Khatmi rappelle les noms des victimes et mart\u00e8le : \u00ab Ce n\u2019est pas une affaire communautaire : c\u2019est l\u2019affaire de tous. \u00bb Il cite les assassinats d\u2019Ilan Halimi, Sarah Halimi et Mireille Knoll pour souligner l\u2019ampleur du traumatisme et la n\u00e9cessit\u00e9 d\u2019une solidarit\u00e9 des non-juifs.\u00a0 L\u2019ancien socialiste d\u00e9nonce \u00abune trahison\u00bb d\u2019une partie de la gauche, qu\u2019il accuse d\u2019avoir abandonn\u00e9 la la\u00efcit\u00e9. \u00ab Ne pas nommer l\u2019antis\u00e9mitisme, c\u2019est l\u2019encourager. \u00bb\u00a0 Il met en cause Jean-Luc M\u00e9lenchon et La France insoumise (LFI), qu\u2019il accuse de minimiser l\u2019antis\u00e9mitisme et d\u2019entretenir un climat qui \u00ab autorise des passages \u00e0 l\u2019acte \u00bb.<\/p>\n<p><strong data-start=\"5727\" data-end=\"5801\">Alexandre Arcady : \u00abDe l\u2019antis\u00e9mitisme r\u00e9siduel \u00e0 la censure d\u00e9guis\u00e9e\u00bb<\/strong><br \/>\n<img loading=\"lazy\" decoding=\"async\" class=\"size-large wp-image-110555\" src=\"data:image\/svg+xml,%3Csvg%20xmlns=\" http:=\"\" alt=\"Destimed Le cineaste Alexandre Arcady\" width=\"1024\" height=\"745\" data-lazy- data-lazy- data-lazy-src=\"https:\/\/www.europesays.com\/fr\/wp-content\/uploads\/2025\/10\/Le-cineaste-Alexandre-Arcady-1024x745.jpg\"\/>Le cin\u00e9aste Alexandre Arcady \u00a9 Franck Maill\u00e9<\/p>\n<p data-start=\"5803\" data-end=\"5907\">Le r\u00e9alisateur de L\u2019Union sacr\u00e9e et du Grand Pardon a exprim\u00e9 sa col\u00e8re face au climat actuel. \u00ab \u00a0Pendant quarante ans, l\u2019antis\u00e9mitisme paraissait r\u00e9siduel au quotidien. Puis il y a eu un basculement \u00bb, dit-il, citant l\u2019affaire Ilan Halimi, les enfants de Toulouse, Mireille Knoll et Sarah Halimi : \u00ab On n\u2019\u00e9tait plus dans l\u2019insulte, mais dans une violence d\u00e9termin\u00e9e. \u00bb Alexandre Arcady d\u00e9crit des freins discrets dans la fili\u00e8re : Son film Le Petit Blanc de la Casbah devait sortir sur 300 copies ; apr\u00e8s le 7 octobre, la distribution avait chut\u00e9 \u00e0 90 copies. \u00ab On ne dit pas \u201cnon parce que\u2026\u201d, mais on ne programme pas. \u00bb Sur Fausse Note (avec Beno\u00eet Poelvoorde et Kad Merad, film sur la Shoah), il\u00a0 Alexandre Arcady affirme aussi avoir d\u00fb batailler pour le faire produire certains diffuseurs lui r\u00e9torquant : \u00ab Vous voulez encore faire pleurer sur les Juifs ? \u00bb \u00ab C\u2019est abject. On parle d\u2019histoire, pas de politique. \u00bb Il \u00a0d\u00e9plore une m\u00e9connaissance croissante de la Shoah chez les jeunes.<\/p>\n<p><strong data-start=\"6630\" data-end=\"6690\">Bernard Valero : \u00abL\u2019antis\u00e9mitisme n\u2019a pas de fronti\u00e8res\u00bb<\/strong><br \/>\n<img loading=\"lazy\" decoding=\"async\" class=\"size-large wp-image-110556\" src=\"data:image\/svg+xml,%3Csvg%20xmlns=\" http:=\"\" alt=\"Destimed Bernard valero\" width=\"1024\" height=\"768\" data-lazy- data-lazy- data-lazy-src=\"https:\/\/www.europesays.com\/fr\/wp-content\/uploads\/2025\/10\/Bernard-valero-1024x768.jpg\"\/>Bernard valero, Ancien diplomate, ex-porte-parole du Quai d\u2019Orsay et membre du Conseil de surveillance de l\u2019Union pour la M\u00e9diterran\u00e9e \u00a9 Franck Maill\u00e9<\/p>\n<p data-start=\"96\" data-end=\"658\">Ancien diplomate, ex-porte-parole du Quai d\u2019Orsay et membre du Conseil de surveillance de l\u2019Union pour la M\u00e9diterran\u00e9e, Bernard Valero a appel\u00e9 \u00e0 \u00ab\u00a0regarder au-del\u00e0 de nos fronti\u00e8res \u00bb pour mesurer l\u2019ampleur d\u2019un ph\u00e9nom\u00e8ne qui frappe tous les pays europ\u00e9ens. \u00ab Les chiffres, effrayants, sur la progression et l\u2019intensit\u00e9 des discours et des actes antis\u00e9mites se retrouvent partout en Europe \u00bb, alerte-t-il, plaidant pour une coop\u00e9ration internationale soutenue, au premier rang de laquelle l\u2019Union europ\u00e9enne. Il rappelle l\u2019adoption, en 2021, de la Strat\u00e9gie europ\u00e9enne de lutte contre l\u2019antis\u00e9mitisme et de promotion de la vie juive (2021-2030), pr\u00e9sent\u00e9e comme une r\u00e9ponse structurelle. Cette strat\u00e9gie se d\u00e9cline en trois piliers, dont le premier vise \u00e0 pr\u00e9venir et combattre toutes les formes d\u2019antis\u00e9mitisme. Les deux autres axes portent sur la protection et la promotion de la vie juive en Europe, ainsi que sur la transmission\/\u00e9ducation et la m\u00e9moire, afin d\u2019enraciner une vigilance commune. \u00ab L\u2019antis\u00e9mitisme n\u2019a pas de fronti\u00e8res. La r\u00e9ponse ne doit pas en avoir non plus. \u00bb<\/p>\n<p><strong>P\u00e8re Alexis Leproux : \u00ab Les murs n\u2019arr\u00eatent pas le terrorisme \u00bb<\/strong><br \/>\n<img loading=\"lazy\" decoding=\"async\" class=\"size-large wp-image-110557\" src=\"data:image\/svg+xml,%3Csvg%20xmlns=\" http:=\"\" alt=\"Destimed Pere Alexis Le Proux\" width=\"1024\" height=\"654\" data-lazy- data-lazy- data-lazy-src=\"https:\/\/www.europesays.com\/fr\/wp-content\/uploads\/2025\/10\/Pere-Alexis-Le-Proux-1024x654.jpg\"\/>Alexis Leproux, cur\u00e9 de Notre-Dame-du-Mont \u00e0 Marseille et vicaire en charge de la M\u00e9diterran\u00e9e \u00a9 Franck Maill\u00e9<\/p>\n<p data-start=\"5917\" data-end=\"6154\">Pour, Alexis Leproux, cur\u00e9 de Notre-Dame-du-Mont \u00e0 Marseille et vicaire en charge de la M\u00e9diterran\u00e9e \u00ab les murs n\u2019arr\u00eatent pas le terrorisme. Seule l\u2019amiti\u00e9 d\u00e9joue les pi\u00e8ges de la haine\u00bb. Tout juste arriv\u00e9 de Rome o\u00f9 le Pape L\u00e9on XIV a rassembl\u00e9 150 dignitaires de toutes les r\u00e9ligions du monde. Il rapporte que le Pape a d\u00e9clar\u00e9 solennellement qu\u2019il fallait fermement \u00ab prendre position contre toutes les formes d\u2019antis\u00e9mitisme\u00bb.<\/p>\n<p data-start=\"7322\" data-end=\"7585\">Entre t\u00e9moignages intimes, plaidoyers politiques et propositions concr\u00e8tes, les intervenants ont partag\u00e9 une m\u00eame conviction : \u00ab Combattre l\u2019antis\u00e9mitisme, c\u2019est d\u00e9fendre la R\u00e9publique. \u00bb<\/p>\n<p data-start=\"7322\" data-end=\"7585\"><strong>Hagay SOBOL et Patricia CAIRE\u00a0<\/strong><\/p>\n","protected":false},"excerpt":{"rendered":"La R\u00e9gion Sud a accueilli ce mercredi 29 octobre une Agora exceptionnelle intitul\u00e9e \u00ab Pourquoi toujours de l\u2019antis\u00e9mitisme&hellip;\n","protected":false},"author":2,"featured_media":500740,"comment_status":"","ping_status":"","sticky":false,"template":"","format":"standard","meta":{"footnotes":""},"categories":[2814],"tags":[1111,11,1777,674,1011,27,884,12,882,25],"class_list":{"0":"post-500739","1":"post","2":"type-post","3":"status-publish","4":"format-standard","5":"has-post-thumbnail","7":"category-marseille","8":"tag-actu","9":"tag-actualites","10":"tag-eu","11":"tag-europe","12":"tag-fr","13":"tag-france","14":"tag-marseille","15":"tag-news","16":"tag-provence-alpes-cote-dazur","17":"tag-republique-francaise"},"share_on_mastodon":{"url":"https:\/\/pubeurope.com\/@fr\/115465024137997274","error":""},"_links":{"self":[{"href":"https:\/\/www.europesays.com\/fr\/wp-json\/wp\/v2\/posts\/500739","targetHints":{"allow":["GET"]}}],"collection":[{"href":"https:\/\/www.europesays.com\/fr\/wp-json\/wp\/v2\/posts"}],"about":[{"href":"https:\/\/www.europesays.com\/fr\/wp-json\/wp\/v2\/types\/post"}],"author":[{"embeddable":true,"href":"https:\/\/www.europesays.com\/fr\/wp-json\/wp\/v2\/users\/2"}],"replies":[{"embeddable":true,"href":"https:\/\/www.europesays.com\/fr\/wp-json\/wp\/v2\/comments?post=500739"}],"version-history":[{"count":0,"href":"https:\/\/www.europesays.com\/fr\/wp-json\/wp\/v2\/posts\/500739\/revisions"}],"wp:featuredmedia":[{"embeddable":true,"href":"https:\/\/www.europesays.com\/fr\/wp-json\/wp\/v2\/media\/500740"}],"wp:attachment":[{"href":"https:\/\/www.europesays.com\/fr\/wp-json\/wp\/v2\/media?parent=500739"}],"wp:term":[{"taxonomy":"category","embeddable":true,"href":"https:\/\/www.europesays.com\/fr\/wp-json\/wp\/v2\/categories?post=500739"},{"taxonomy":"post_tag","embeddable":true,"href":"https:\/\/www.europesays.com\/fr\/wp-json\/wp\/v2\/tags?post=500739"}],"curies":[{"name":"wp","href":"https:\/\/api.w.org\/{rel}","templated":true}]}}