{"id":500742,"date":"2025-10-30T20:34:14","date_gmt":"2025-10-30T20:34:14","guid":{"rendered":"https:\/\/www.europesays.com\/fr\/500742\/"},"modified":"2025-10-30T20:34:14","modified_gmt":"2025-10-30T20:34:14","slug":"une-raffinerie-dor-ciblee-par-un-commando-arme-et-des-explosifs-ce-que-lon-sait","status":"publish","type":"post","link":"https:\/\/www.europesays.com\/fr\/500742\/","title":{"rendered":"une raffinerie d&rsquo;or cibl\u00e9e par un commando arm\u00e9 et des explosifs, ce que l&rsquo;on sait"},"content":{"rendered":"<p class=\"app_entry_lead\">\n<p>                    <a title=\"\u00a0\u00a9\u00a0SYSPEO\/SIPA (publi\u00e9e le 30\/10\/2025)\" href=\"https:\/\/www.europesays.com\/fr\/wp-content\/uploads\/2025\/10\/82148319.jpg\" class=\"fancy\"><\/p>\n<p>                            <img loading=\"lazy\" decoding=\"async\" src=\"https:\/\/www.europesays.com\/fr\/wp-content\/uploads\/2025\/10\/82148319.jpg\" alt=\"Braquage \u00e0 Lyon\u00a0: une raffinerie d'or cibl\u00e9e par un commando arm\u00e9 et des explosifs, ce que l'on sait\" width=\"1500\" height=\"1000\"\/><\/p>\n<p>                    <\/a><\/p>\n<p>                Six hommes ont \u00e9t\u00e9 interpell\u00e9s apr\u00e8s avoir braqu\u00e9 les laboratoires Pourquery, une raffinerie d&rsquo;or, \u00e0 Lyon, ce jeudi 30\u00a0octobre. Ils ont us\u00e9 d&rsquo;explosifs, d&rsquo;armes lourdes et d&rsquo;accessoires de policiers.<\/p>\n<p>Un braquage digne d&rsquo;une sc\u00e8ne de film d&rsquo;action a eu lieu \u00e0 Lyon. Les malfaiteurs ont cibl\u00e9 les laboratoires Pourquery, situ\u00e9s sur le boulevard du Parc d&rsquo;Artillerie dans le VIIe arrondissement et connus pour le traitement de m\u00e9taux pr\u00e9cieux, notamment de l&rsquo;or. Tout a commenc\u00e9 avec une explosion qui a retenti sur les coups de 13h30, ce jeudi 30 octobre. L&rsquo;explosif a servi \u00e0 souffler les deux vitres de l&rsquo;entreprise, permettant aux braqueurs de p\u00e9n\u00e9trer les lieux.<\/p>\n<p>Ces derniers, du nombre de six, sont entr\u00e9s, munis de \u00ab\u00a0faux brassard\u00a0\u00bb de policiers et \u00e9quip\u00e9s d&rsquo;armes longues ou d&rsquo;armes de guerre, selon les descriptions du voisinage alert\u00e9 par la d\u00e9tonation. \u00ab\u00a0La sc\u00e8ne a dur\u00e9 sept minutes, ils \u00e9taient calmes, porteurs de brassards jaune ou orange. Il y avait plusieurs hommes, peut-\u00eatre trois ou quatre, porteurs de kalachnikov et de faux brassards\u00a0\u00bb, racontent des t\u00e9moins du braquage au <a href=\"https:\/\/www.leprogres.fr\/faits-divers-justice\/2025\/10\/30\/une-explosion-des-homme-avec-de-faux-brassards-un-laboratoire-braque-avec-des-armes-de-guerre\" target=\"_blank\" rel=\"noopener\">Progr\u00e8s<\/a>.<\/p>\n<p>Il n&rsquo;est pas pr\u00e9cis\u00e9 si les braqueurs ont fait usage de leurs armes \u00e0 feu une fois \u00e0 l&rsquo;int\u00e9rieur de la raffinerie. Ils ont toutefois charg\u00e9 leur v\u00e9hicule, un \u00ab\u00a0petit fourgon\u00a0\u00bb dot\u00e9 d&rsquo;un gyrophare bleu, d&rsquo;un butin a priori constitu\u00e9 de m\u00e9taux pr\u00e9cieux avant de prendre la fuite. Les cinq auteurs du braquage ont \u00e9t\u00e9 pris en chasse par les policiers de la Brigade de recherche et d&rsquo;intervention (BRI) et ont \u00e9t\u00e9 interpell\u00e9s, a fait savoir la pr\u00e9fecture de la r\u00e9gion Auvergne-Rh\u00f4ne-Alpes. Le butin a par ailleurs pu \u00eatre r\u00e9cup\u00e9r\u00e9, ajoute l&rsquo;autorit\u00e9. Celui-ci a \u00e9t\u00e9 estim\u00e9 \u00e0 18 millions d&rsquo;euros, rapporte Le Progr\u00e8s. Les individus ont \u00e9t\u00e9 plac\u00e9s en garde \u00e0 vue compl\u00e8te Actu17.<\/p>\n<blockquote class=\"twitter-tweet\"><p>&#13;<\/p>\n<p dir=\"ltr\" lang=\"fr\"><a href=\"https:\/\/twitter.com\/hashtag\/Intervention?src=hash&amp;ref_src=twsrc%5Etfw\" target=\"_blank\" rel=\"noopener\">#Intervention<\/a><br \/>&#13;<br \/>\nPeu avant 14h, un braquage a eu lieu au niveau des laboratoires Pourquery \u00e0 <a href=\"https:\/\/twitter.com\/hashtag\/Lyon7?src=hash&amp;ref_src=twsrc%5Etfw\" target=\"_blank\" rel=\"noopener\">#Lyon7<\/a>.<\/p>\n<p>Les auteurs ont pris la fuite mais la mobilisation des services de la <a href=\"https:\/\/twitter.com\/PoliceNat69?ref_src=twsrc%5Etfw\" target=\"_blank\" rel=\"noopener\">@PoliceNat69<\/a> et notamment de la <a href=\"https:\/\/twitter.com\/hashtag\/BRI?src=hash&amp;ref_src=twsrc%5Etfw\" target=\"_blank\" rel=\"noopener\">#BRI<\/a> ont permis d&rsquo;interpeller les 5 braqueurs et de r\u00e9cup\u00e9rer leur butin. <a href=\"https:\/\/t.co\/ddC8wnWEKb\">pic.twitter.com\/ddC8wnWEKb<\/a><\/p>\n<p>&#13;<br \/>\n\u2014 Pr\u00e9f\u00e8te de r\u00e9gion Auvergne-Rh\u00f4ne-Alpes et du Rh\u00f4ne (@prefetrhone) <a href=\"https:\/\/twitter.com\/prefetrhone\/status\/1983911225701417358?ref_src=twsrc%5Etfw\" target=\"_blank\" rel=\"noopener\">October 30, 2025<\/a><\/p><\/blockquote>\n<p>&#13;<\/p>\n<p>Dans la soir\u00e9e, le ministre de l&rsquo;Int\u00e9rieur a f\u00e9licit\u00e9 l&rsquo;action de la BRI. Parmi les 28 employ\u00e9s des laboratoires Pourquery, cinq personnes ont \u00e9t\u00e9 \u00ab\u00a0bless\u00e9es l\u00e9g\u00e8rement\u00a0\u00bb au cours du braquage. Elles ont toutes \u00e9t\u00e9 prises en charge par les sapeurs-pompiers de la m\u00e9tropole de Lyon et du Rh\u00f4ne, rapporte <a href=\"https:\/\/www.leparisien.fr\/faits-divers\/lyon-un-laboratoire-de-metaux-precieux-braque-avec-des-armes-lourdes-30-10-2025-E4ITGTD3YVHBXKQ5HCV6IXZ5UE.php\" target=\"_blank\" rel=\"noopener\">Le Parisien<\/a>.\u00a0<\/p>\n<p>Ce n&rsquo;est pas la premi\u00e8re fois que le laboratoire, d\u00e9crit comme une raffinerie d&rsquo;or, est la cible d&rsquo;actions malveillantes. En mai 2025, un commando arm\u00e9 avait tent\u00e9 de voler l&rsquo;usine. Les malfaiteurs avaient braqu\u00e9 plusieurs employ\u00e9s et incendi\u00e9 une voiture avant de prendre la fuite en voiture, sans parvenir \u00e0 s&#8217;emparer d&rsquo;un butin.<\/p>\n<p>Derni\u00e8res mises \u00e0 jour<\/p>\n<p><a name=\"post1761854235\"\/>20:57 &#8211; Le butin est estim\u00e9 \u00e0 18 millions d\u2019euros <\/p>\n<p>Les braqueurs auraient r\u00e9ussi \u00e0 d\u00e9rober un butin d\u2019une valeur de 18 millions d\u2019euros. Ceux-ci ont \u00e9t\u00e9 rattrap\u00e9s et interpell\u00e9s. Les m\u00e9taux pr\u00e9cieux, principalement de l\u2019or, ont \u00e9galement \u00e9t\u00e9 retrouv\u00e9s.\u00a0<\/p>\n<p><a name=\"post1761848698\"\/>19:24 &#8211; Le ministre de l\u2019Int\u00e9rieur \u00ab\u00a0f\u00e9licite\u00a0\u00bb la BRI<\/p>\n<p>\u00ab\u00a0Fermet\u00e9, rapidit\u00e9, ma\u00eetrise : je f\u00e9licite la BRI de Lyon pour leur prompte intervention\u00a0\u00bb, \u00e9crit le ministre de l\u2019Int\u00e9rieur Laurent Nu\u00f1ez sur X. Il affirme que six personnes ont \u00e9t\u00e9 interpell\u00e9es, une de plus que ce qu\u2019avait annonc\u00e9 la pr\u00e9f\u00e8te de la r\u00e9gion Auvergne-Rh\u00f4ne-Alpes et du Rh\u00f4ne.\u00a0<\/p>\n<blockquote class=\"twitter-tweet\"><p>&#13;<\/p>\n<p dir=\"ltr\" lang=\"fr\">Six personnes, ayant utilis\u00e9 des explosifs dans l\u2019attaque d\u2019une soci\u00e9t\u00e9 de m\u00e9taux pr\u00e9cieux \u00e0 Lyon, ont \u00e9t\u00e9 interpell\u00e9es en flagrant d\u00e9lit.<br \/>&#13;<br \/>\nAucun bless\u00e9, butin saisi.<\/p>\n<p>Fermet\u00e9, rapidit\u00e9, ma\u00eetrise : je f\u00e9licite la BRI de Lyon pour leur prompte intervention. <a href=\"https:\/\/twitter.com\/prefetrhone?ref_src=twsrc%5Etfw\" target=\"_blank\" rel=\"noopener\">@prefetrhone<\/a>\u2026<\/p>\n<p>&#13;<br \/>\n\u2014 Laurent Nu\u00f1ez (@NunezLaurent) <a href=\"https:\/\/twitter.com\/NunezLaurent\/status\/1983947384900993281?ref_src=twsrc%5Etfw\" target=\"_blank\" rel=\"noopener\">October 30, 2025<\/a><\/p><\/blockquote>\n<p>&#13;<\/p>\n<p><a name=\"post1761846181\"\/>18:43 &#8211; Les images des braqueurs de la raffinerie \u00e0 Lyon<\/p>\n<p>Le braquage des laboratoires Pourquery \u00e0 Lyon n&rsquo;est pas pass\u00e9 inaper\u00e7u. Les occupants des b\u00e2timents voisins de l&rsquo;usine ont \u00e9t\u00e9 alert\u00e9 par l&rsquo;explosion ayant permis aux malfaiteurs de p\u00e9n\u00e9trer dans l&rsquo;enceinte du b\u00e2timent. Certains d&rsquo;entre eux ont pu filmer les cambrioleurs se mettre en place apr\u00e8s l&rsquo;explosion. Les images montrent des individus v\u00eatus de noir et multipliant les aller-retours entre leur v\u00e9hicule et le laboratoire. Les auteurs de la vid\u00e9o sont entendus en train de contacter les forces de l&rsquo;ordre et d\u00e9crivent les braqueurs comme \u00e9tant arm\u00e9s de \u00ab\u00a0kalashnikovs\u00a0\u00bb.\u00a0<\/p>\n<p>                    <script async src=\"https:\/\/platform.twitter.com\/widgets.js\" charset=\"utf-8\"><\/script><\/p>\n","protected":false},"excerpt":{"rendered":"Six hommes ont \u00e9t\u00e9 interpell\u00e9s apr\u00e8s avoir braqu\u00e9 les laboratoires Pourquery, une raffinerie d&rsquo;or, \u00e0 Lyon, ce jeudi&hellip;\n","protected":false},"author":2,"featured_media":500743,"comment_status":"","ping_status":"","sticky":false,"template":"","format":"standard","meta":{"footnotes":""},"categories":[1889],"tags":[1111,11,2430,62288,51761,1777,674,118,51763,1011,27,2428,12,51767,25],"class_list":{"0":"post-500742","1":"post","2":"type-post","3":"status-publish","4":"format-standard","5":"has-post-thumbnail","7":"category-lyon","8":"tag-actu","9":"tag-actualites","10":"tag-auvergne-rhone-alpes","11":"tag-cms-linternaute-9129300","12":"tag-controller-content","13":"tag-eu","14":"tag-europe","15":"tag-faits-divers","16":"tag-format-papier","17":"tag-fr","18":"tag-france","19":"tag-lyon","20":"tag-news","21":"tag-parallaxeinfeed","22":"tag-republique-francaise"},"share_on_mastodon":{"url":"https:\/\/pubeurope.com\/@fr\/115465032624404111","error":""},"_links":{"self":[{"href":"https:\/\/www.europesays.com\/fr\/wp-json\/wp\/v2\/posts\/500742","targetHints":{"allow":["GET"]}}],"collection":[{"href":"https:\/\/www.europesays.com\/fr\/wp-json\/wp\/v2\/posts"}],"about":[{"href":"https:\/\/www.europesays.com\/fr\/wp-json\/wp\/v2\/types\/post"}],"author":[{"embeddable":true,"href":"https:\/\/www.europesays.com\/fr\/wp-json\/wp\/v2\/users\/2"}],"replies":[{"embeddable":true,"href":"https:\/\/www.europesays.com\/fr\/wp-json\/wp\/v2\/comments?post=500742"}],"version-history":[{"count":0,"href":"https:\/\/www.europesays.com\/fr\/wp-json\/wp\/v2\/posts\/500742\/revisions"}],"wp:featuredmedia":[{"embeddable":true,"href":"https:\/\/www.europesays.com\/fr\/wp-json\/wp\/v2\/media\/500743"}],"wp:attachment":[{"href":"https:\/\/www.europesays.com\/fr\/wp-json\/wp\/v2\/media?parent=500742"}],"wp:term":[{"taxonomy":"category","embeddable":true,"href":"https:\/\/www.europesays.com\/fr\/wp-json\/wp\/v2\/categories?post=500742"},{"taxonomy":"post_tag","embeddable":true,"href":"https:\/\/www.europesays.com\/fr\/wp-json\/wp\/v2\/tags?post=500742"}],"curies":[{"name":"wp","href":"https:\/\/api.w.org\/{rel}","templated":true}]}}