{"id":500746,"date":"2025-10-30T20:38:22","date_gmt":"2025-10-30T20:38:22","guid":{"rendered":"https:\/\/www.europesays.com\/fr\/500746\/"},"modified":"2025-10-30T20:38:22","modified_gmt":"2025-10-30T20:38:22","slug":"malgre-les-obstacles-dati-reste-determinee-a-conquerir-paris","status":"publish","type":"post","link":"https:\/\/www.europesays.com\/fr\/500746\/","title":{"rendered":"Malgr\u00e9 les obstacles, Dati reste d\u00e9termin\u00e9e \u00e0 conqu\u00e9rir Paris"},"content":{"rendered":"<p class=\"mb-4 text-lg md:leading-8 break-words\">L&rsquo;absence de soutien de Renaissance freine-t-elle Rachida Dati dans sa course \u00e0 la mairie de Paris? Ses proches balayent l&rsquo;id\u00e9e: pour eux, la ministre de la Culture est la seule capable de gagner \u00e0 droite, une \u00ab\u00a0marque\u00a0\u00bb qui transcende les appareils partisans.<\/p>\n<p class=\"mb-4 text-lg md:leading-8 break-words\">Eclat\u00e9e en trois groupes au Conseil de Paris, la droite misait sur l&rsquo;investiture promise de Rachida Dati par Renaissance pour ravir enfin la capitale \u00e0 une gauche \u00e9clat\u00e9e, au pouvoir depuis 2001.<\/p>\n<p class=\"mb-4 text-lg md:leading-8 break-words\">Mais le parti pr\u00e9sidentiel a finalement choisi Pierre-Yves Bournazel, proche d&rsquo;Edouard Philippe, en raison notamment de la rupture d\u00e9clar\u00e9e entre son patron, Gabriel Attal, et Mme Dati.<\/p>\n<p class=\"mb-4 text-lg md:leading-8 break-words\">\u00ab\u00a0Rachida, elle n&rsquo;est ni LR, ni Renaissance, ni Horizon, elle est +datiste+ avant tout. C&rsquo;est une marque, une personnalit\u00e9 qui incarne l&rsquo;opposition \u00e0 la gauche et se place au-dessus des partis, comme Jean-Michel Aulas \u00e0 Lyon\u00a0\u00bb, assure aupr\u00e8s de l&rsquo;AFP Agn\u00e8s Evren, pr\u00e9sidente de la F\u00e9d\u00e9ration LR de Paris.<\/p>\n<p class=\"mb-4 text-lg md:leading-8 break-words\">Une singularit\u00e9 que Rachida Dati revendique sans d\u00e9tour. \u00ab\u00a0\u00c7a ne change pas ma vie, \u00e7a ne change pas ma campagne, et \u00e7a ne va pas changer cette volont\u00e9 de victoire et de conqu\u00eate\u00a0\u00bb, a-t-elle d\u00e9clar\u00e9 mercredi sur LCI, posant pour la photo autour d&rsquo;un caf\u00e9 avec Benjamin Haddad, ministre d\u00e9l\u00e9gu\u00e9 charg\u00e9 de l&rsquo;Europe, et Sylvain Maillard, en retrait de la pr\u00e9sidence de Renaissance \u00e0 Paris pour continuer \u00e0 la soutenir.<\/p>\n<p class=\"mb-4 text-lg md:leading-8 break-words\">Certains partisans assimilent ce revirement \u00e0 une simple \u00ab\u00a0p\u00e9rip\u00e9tie de campagne\u00a0\u00bb. \u00ab\u00a0Le choix de Bournazel est un choix de l&rsquo;appareil national mais sur le terrain, il fracture en deux Renaissance\u00a0\u00bb, insiste David Alphand, conseiller LR de Paris.<\/p>\n<p class=\"mb-4 text-lg md:leading-8 break-words\">Selon ce proche de Dati, la campagne ne se jouera pas sur les \u00e9tiquettes politiques, \u00ab\u00a0aujourd&rsquo;hui tr\u00e8s largement d\u00e9valoris\u00e9es\u00a0\u00bb.<\/p>\n<p class=\"mb-4 text-lg md:leading-8 break-words\">\u00ab\u00a0L&rsquo;\u00e9lection parisienne est une \u00e9lection de personnalit\u00e9. Les Parisiens recherchent un maire avec de l&rsquo;envergure\u00a0\u00bb, compl\u00e8te-t-il en assurant que cette fois, la droite \u00ab\u00a0ne rejouera pas la guerre Tib\u00e9ri-S\u00e9guin ni les d\u00e9chirements de 2020\u00a0\u00bb alors que la gauche affiche elle \u00ab\u00a0quatre candidats\u00a0\u00bb au d\u00e9part.<\/p>\n<p class=\"mb-4 text-lg md:leading-8 break-words\">-\u00ab\u00a0A l&rsquo;arriv\u00e9e, elle gagne\u00a0\u00bb-<\/p>\n<p class=\"mb-4 text-lg md:leading-8 break-words\">En coulisses, un dirigeant LR juge pourtant l&rsquo;investiture de Bournazel \u00ab\u00a0emb\u00eatante\u00a0\u00bb, faisant \u00ab\u00a0perdre sa dynamique\u00a0\u00bb \u00e0 Dati, m\u00eame si \u00ab\u00a0\u00e0 l&rsquo;arriv\u00e9e, elle gagne\u00a0\u00bb.<\/p>\n<p class=\"mb-4 text-lg md:leading-8 break-words\">\u00ab\u00a0S\u2019il y a deux listes, il faut qu\u2019elles se r\u00e9unissent au second tour. Plus ce sera tendu entre eux, plus ce sera difficile\u00a0\u00bb, juge un autre baron LR, tandis qu&rsquo;un membre de l&rsquo;entourage de Bruno Retailleau est plus critique, soulignant simplement qu&rsquo;il n&rsquo;y a \u00ab\u00a0pas de plan B\u00a0\u00bb \u00e0 Dati.<\/p>\n<p class=\"mb-4 text-lg md:leading-8 break-words\">Si la ministre peut s\u00e9duire des \u00e9lecteurs des quartiers populaires, assure une personnalit\u00e9 de la droite parisienne, sur le terrain, certains n&rsquo;h\u00e9sitent pas \u00e0 la qualifier de \u00ab\u00a0tra\u00eetre\u00a0\u00bb ou \u00ab\u00a0voleuse\u00a0\u00bb.<\/p>\n<p class=\"mb-4 text-lg md:leading-8 break-words\">Une image qui pourrait lui co\u00fbter cher, moins d&rsquo;un an avant son proc\u00e8s dans l&rsquo;affaire Renault-Ghosn.<\/p>\n<p class=\"mb-4 text-lg md:leading-8 break-words\">Ancien rival devenu alli\u00e9, le maire LR du XVe arrondissement Philippe Goujon admet que \u00ab\u00a0tout le monde n&rsquo;aime pas la personnalit\u00e9\u00a0\u00bb de Rachida Dati, \u00ab\u00a0tr\u00e8s clivante\u00a0\u00bb, mais souligne aussi qu&rsquo;elle \u00ab\u00a0accroche la lumi\u00e8re\u00a0\u00bb.<\/p>\n<p class=\"mb-4 text-lg md:leading-8 break-words\">L&rsquo;absence de soutien de Renaissance ne devrait en revanche pas peser du c\u00f4t\u00e9 de la force militante. Selon Agn\u00e8s Evren, la f\u00e9d\u00e9ration LR de Paris regroupe \u00ab\u00a011.000 adh\u00e9rents\u00a0\u00bb contre \u00ab\u00a010.000 au plan national pour Renaissance\u00a0\u00bb.<\/p>\n<p class=\"mb-4 text-lg md:leading-8 break-words\">Sur le plan strat\u00e9gique, Rachida Dati a inaugur\u00e9 son si\u00e8ge de campagne dans le XIIe arrondissement, bastion de son adversaire socialiste Emmanuel Gr\u00e9goire, et multiplie les d\u00e9placements dans les quartiers populaires.<\/p>\n<p class=\"mb-4 text-lg md:leading-8 break-words\">Une tactique justifi\u00e9e par la r\u00e9forme de la loi PLM (Paris-Lyon-Marseille), port\u00e9e par le d\u00e9put\u00e9 Renaissance Sylvain Maillard, qui permet \u00e0 chaque Parisien d&rsquo;\u00e9lire directement les membres du Conseil de Paris sans passer par le filtre de l&rsquo;arrondissement.<\/p>\n<p class=\"mb-4 text-lg md:leading-8 break-words\">Selon le constitutionnaliste Benjamin Morel, Rachida Dati comptait s&rsquo;appuyer sur cette r\u00e9forme, qui favorise le camp le plus uni, et faire \u00ab\u00a0table rase autour d&rsquo;elle\u00a0\u00bb pour arriver en t\u00eate au second tour et l&#8217;emporter avec 35% des voix, en comptant sur la prime majoritaire et l&rsquo;absence de ralliement de LFI. \u00ab\u00a0C&rsquo;\u00e9tait un bon plan\u00a0\u00bb, estime-t-il.<\/p>\n<p class=\"mb-4 text-lg md:leading-8 break-words\">Mais l&rsquo;arriv\u00e9e de Pierre-Yves Bournazel complique la donne: \u00ab\u00a0M\u00eame s&rsquo;il se rallie \u00e0 Dati au second tour, une partie de ses soutiens, comme Cl\u00e9ment Beaune, seront sans doute plus prompts \u00e0 voter PS au second tour\u00a0\u00bb.<\/p>\n<p class=\"mb-4 text-lg md:leading-8 break-words\">hdu-bpa-arz\/mat\/hj<\/p>\n","protected":false},"excerpt":{"rendered":"L&rsquo;absence de soutien de Renaissance freine-t-elle Rachida Dati dans sa course \u00e0 la mairie de Paris? Ses proches&hellip;\n","protected":false},"author":2,"featured_media":500747,"comment_status":"","ping_status":"","sticky":false,"template":"","format":"standard","meta":{"footnotes":""},"categories":[1888],"tags":[1111,1928,11,1927,2617,1777,674,1011,27,3228,12,1926,626,1925,59616,417,3370,25,27544],"class_list":{"0":"post-500746","1":"post","2":"type-post","3":"status-publish","4":"format-standard","5":"has-post-thumbnail","7":"category-paris","8":"tag-actu","9":"tag-actu-paris","10":"tag-actualites","11":"tag-actualites-paris","12":"tag-conseil-de-paris","13":"tag-eu","14":"tag-europe","15":"tag-fr","16":"tag-france","17":"tag-lr","18":"tag-news","19":"tag-news-paris","20":"tag-paris","21":"tag-paris-news","22":"tag-pierre-yves-bournazel","23":"tag-rachida-dati","24":"tag-renaissance","25":"tag-republique-francaise","26":"tag-sylvain-maillard"},"share_on_mastodon":{"url":"https:\/\/pubeurope.com\/@fr\/115465047582557058","error":""},"_links":{"self":[{"href":"https:\/\/www.europesays.com\/fr\/wp-json\/wp\/v2\/posts\/500746","targetHints":{"allow":["GET"]}}],"collection":[{"href":"https:\/\/www.europesays.com\/fr\/wp-json\/wp\/v2\/posts"}],"about":[{"href":"https:\/\/www.europesays.com\/fr\/wp-json\/wp\/v2\/types\/post"}],"author":[{"embeddable":true,"href":"https:\/\/www.europesays.com\/fr\/wp-json\/wp\/v2\/users\/2"}],"replies":[{"embeddable":true,"href":"https:\/\/www.europesays.com\/fr\/wp-json\/wp\/v2\/comments?post=500746"}],"version-history":[{"count":0,"href":"https:\/\/www.europesays.com\/fr\/wp-json\/wp\/v2\/posts\/500746\/revisions"}],"wp:featuredmedia":[{"embeddable":true,"href":"https:\/\/www.europesays.com\/fr\/wp-json\/wp\/v2\/media\/500747"}],"wp:attachment":[{"href":"https:\/\/www.europesays.com\/fr\/wp-json\/wp\/v2\/media?parent=500746"}],"wp:term":[{"taxonomy":"category","embeddable":true,"href":"https:\/\/www.europesays.com\/fr\/wp-json\/wp\/v2\/categories?post=500746"},{"taxonomy":"post_tag","embeddable":true,"href":"https:\/\/www.europesays.com\/fr\/wp-json\/wp\/v2\/tags?post=500746"}],"curies":[{"name":"wp","href":"https:\/\/api.w.org\/{rel}","templated":true}]}}