{"id":500748,"date":"2025-10-30T20:39:12","date_gmt":"2025-10-30T20:39:12","guid":{"rendered":"https:\/\/www.europesays.com\/fr\/500748\/"},"modified":"2025-10-30T20:39:12","modified_gmt":"2025-10-30T20:39:12","slug":"la-saison-4-tournee-a-paris-ces-hotels-de-luxe-pourraient-servir-decrin-a-la-serie-culte","status":"publish","type":"post","link":"https:\/\/www.europesays.com\/fr\/500748\/","title":{"rendered":"la saison 4 tourn\u00e9e \u00e0 Paris ? Ces h\u00f4tels de luxe pourraient servir d&rsquo;\u00e9crin \u00e0 la s\u00e9rie culte"},"content":{"rendered":"<p>            Par<br \/>\n        <strong><br \/>\n            <a href=\"https:\/\/actu.fr\/auteur\/redaction-paris\" title=\"Consulter tous les articles de R\u00e9daction Paris\" target=\"_blank\" rel=\"noopener\">R\u00e9daction Paris<\/a><br \/>\n        <\/strong><\/p>\n<p>        Publi\u00e9 le<\/p>\n<p>            30 oct. 2025 \u00e0 19h36        <\/p>\n<p>Depuis vingt-quatre heures, la <a href=\"https:\/\/actu.fr\/tag\/series\" target=\"_blank\" rel=\"noopener\">plan\u00e8te s\u00e9ries<\/a> fait des bonds. Apr\u00e8s Hawa\u00ef, la Sicile et la Tha\u00eflande, la France pourrait effectivement \u00eatre le nouvel \u00e9crin de The White Lotus, cette satire l\u00e9ch\u00e9e et irr\u00e9sistible de la haute soci\u00e9t\u00e9 am\u00e9ricaine en prise avec la population locale alors qu\u2019elle est en vill\u00e9giature dans des h\u00f4tels palaces aux quatre coins du globe.<\/p>\n<p class=\" wall-content\">Selon <a href=\"https:\/\/variety.com\/2025\/tv\/global\/the-white-lotus-season-4-paris-french-riviera-1236564556\/\" target=\"_blank\" rel=\"noopener\">Variety<\/a>, l\u2019\u00e9quipe du r\u00e9alisateur Mike White aurait d\u00e9j\u00e0 fait du rep\u00e9rage sur la<a href=\"https:\/\/actu.fr\/provence-alpes-cote-d-azur\/saint-jean-cap-ferrat_06121\/ce-sublime-hotel-de-la-cote-d-azur-bientot-dans-la-serie-the-white-lotus-la-rumeur-enfle_63135927.html\" target=\"_blank\" rel=\"noopener\"> C\u00f4te d\u2019Azur<\/a>, mais aussi \u00e0 <a href=\"https:\/\/actu.fr\/paris\/\" target=\"_blank\" rel=\"noopener\">Paris<\/a>, o\u00f9 se d\u00e9roulerait l\u2019intrigue secondaire de cette saison 4. Des endroits ultrachics, comment pourrait-il en \u00eatre autrement, auraient \u00e9t\u00e9 visit\u00e9s.<\/p>\n<p>Rive gauche et rive droite<\/p>\n<p class=\" wall-content\">Le magazine sp\u00e9cialis\u00e9 dans l\u2019industrie du spectacle \u00e9voque le Lutetia, l\u2019unique palace de la rive gauche. Situ\u00e9 dans le 6e arrondissement, l\u2019\u00e9tablissement de <a href=\"https:\/\/actu.fr\/occitanie\/saint-germain-des-pres_81251\" target=\"_blank\" rel=\"noopener\">Saint-Germain-des-Pr\u00e9s<\/a> a <a href=\"https:\/\/actu.fr\/ile-de-france\/paris_75056\/hotellerie-de-luxe-pourquoi-le-lutetia-unique-palace-de-la-rive-gauche-a-paris-vient-de-changer-de-nom_62464109.html\" target=\"_blank\" rel=\"noopener\">r\u00e9cemment chang\u00e9 de nom<\/a>, lorsqu\u2019il est pass\u00e9 sous le pavillon du groupe asiatique Mandarin Oriental, et pourrait servir de d\u00e9cor id\u00e9al \u00e0 la s\u00e9rie avec son style Art nouveau et Art d\u00e9co et son histoire incomparable. Le Lutetia a accueilli des personnalit\u00e9s telles que Picasso, Matisse, Charles de Gaulle et James Joyce, qui a notamment termin\u00e9 entre ses murs son roman Ulysse. Pendant la Seconde Guerre mondiale, il a \u00e9t\u00e9 r\u00e9quisitionn\u00e9 par les forces d\u2019occupation, abritant les services de renseignement allemands, puis, \u00e0 la Lib\u00e9ration, il a servi de lieu de refuge pour les personnes d\u00e9port\u00e9es de retour des camps.<\/p>\n<p class=\" wall-content\">Autre set visit\u00e9 dans la capitale, toujours d\u2019apr\u00e8s Variety\u2009: le Ritz. Curieux toutefois, car l\u2019h\u00f4tel de la place Vend\u00f4me, dans le 1er arrondissement, n\u2019est pas un palace, mais un 5 \u00e9toiles. Mais les scandales et les faits divers qui y ont \u00e9clat\u00e9, comme<a href=\"https:\/\/actu.fr\/ile-de-france\/paris_75056\/un-monstre-d-anciennes-employees-du-ritz-paris-accusent-mohamed-al-fayed-d-agressions-sexuelles_61631382.html\" target=\"_blank\" rel=\"noopener\"> l\u2019affaire Mohamed Al-Fayed<\/a> ou encore les <a href=\"https:\/\/actu.fr\/faits-divers\/braquage-spectaculaire-ritz-paris-plus-4-millions-deuros-derobes_15026252.html\" target=\"_blank\" rel=\"noopener\">braquages<\/a> et <a href=\"https:\/\/actu.fr\/ile-de-france\/paris_75056\/paris-16-personnes-intoxiquees-apres-une-fuite-de-chlore-de-la-piscine-d-un-celebre-hotel-de-luxe_61846327.html\" target=\"_blank\" rel=\"noopener\">intoxications<\/a>, pourraient toutefois inspirer Mike White, qui a parsem\u00e9 ses trois pr\u00e9c\u00e9dents opus de morts et intrigues.<\/p>\n<p class=\" wall-content\">Variety ne veut pas trop aller en besogne, rappelant que HBO n\u2019a toujours pas confirm\u00e9 que la saison 4, en d\u00e9veloppement et pour laquelle le tournage pourrait commencer l\u2019an prochain, poserait ses valises en France. Aucun h\u00f4tel n\u2019a \u00e9t\u00e9 book\u00e9. Seule certitude, la nouvelle intrigue ne se d\u00e9roulera pas dans un \u00e9tablissement Four Seasons, le partenariat avec la cha\u00eene h\u00f4teli\u00e8re n\u2019ayant pas \u00e9t\u00e9 renouvel\u00e9.<\/p>\n<p class=\" wall-content\">Autre changement annonc\u00e9, comme rep\u00e9r\u00e9 par <a href=\"https:\/\/numero.com\/culture\/series\/the-white-lotus-mike-white-saison-4\/\" target=\"_blank\" rel=\"noopener\">Numero<\/a>, le d\u00e9part du compositeur, Cristobal Tapia de Veer, dont la musique distinctive avait marqu\u00e9 les premi\u00e8res saisons. Pour ce qui est du casting, Greg (Jon Gries) et Belinda (Natasha Rothwell) devraient \u00eatre \u00e9galement de retour.\u00a0<\/p>\n<p class=\" wall-content\">Personnalisez votre actualit\u00e9 en ajoutant vos villes et m\u00e9dias en favori avec <a href=\"https:\/\/moncompte.actu.fr\" title=\"D\u00e9couvez Mon Actu\" rel=\"nofollow noopener\" data-trk=\"{&quot;cta&quot;:{&quot;action&quot;:&quot;https:\\\/\\\/moncompte.actu.fr&quot;,&quot;category&quot;:&quot;mon compte&quot;,&quot;from&quot;:&quot;article footer&quot;,&quot;name&quot;:&quot;Mon actu&quot;,&quot;type&quot;:&quot;cta&quot;}}\" target=\"_blank\">Mon Actu<\/a>.<\/p>\n","protected":false},"excerpt":{"rendered":"Par R\u00e9daction Paris Publi\u00e9 le 30 oct. 2025 \u00e0 19h36 Depuis vingt-quatre heures, la plan\u00e8te s\u00e9ries fait des&hellip;\n","protected":false},"author":2,"featured_media":500749,"comment_status":"","ping_status":"","sticky":false,"template":"","format":"standard","meta":{"footnotes":""},"categories":[1888],"tags":[11,1777,674,1011,27,1652,2425,777,12,626,25,1314],"class_list":{"0":"post-500748","1":"post","2":"type-post","3":"status-publish","4":"format-standard","5":"has-post-thumbnail","7":"category-paris","8":"tag-actualites","9":"tag-eu","10":"tag-europe","11":"tag-fr","12":"tag-france","13":"tag-loisirs-culture","14":"tag-luxe","15":"tag-meurtre","16":"tag-news","17":"tag-paris","18":"tag-republique-francaise","19":"tag-series"},"share_on_mastodon":{"url":"https:\/\/pubeurope.com\/@fr\/115465051419404499","error":""},"_links":{"self":[{"href":"https:\/\/www.europesays.com\/fr\/wp-json\/wp\/v2\/posts\/500748","targetHints":{"allow":["GET"]}}],"collection":[{"href":"https:\/\/www.europesays.com\/fr\/wp-json\/wp\/v2\/posts"}],"about":[{"href":"https:\/\/www.europesays.com\/fr\/wp-json\/wp\/v2\/types\/post"}],"author":[{"embeddable":true,"href":"https:\/\/www.europesays.com\/fr\/wp-json\/wp\/v2\/users\/2"}],"replies":[{"embeddable":true,"href":"https:\/\/www.europesays.com\/fr\/wp-json\/wp\/v2\/comments?post=500748"}],"version-history":[{"count":0,"href":"https:\/\/www.europesays.com\/fr\/wp-json\/wp\/v2\/posts\/500748\/revisions"}],"wp:featuredmedia":[{"embeddable":true,"href":"https:\/\/www.europesays.com\/fr\/wp-json\/wp\/v2\/media\/500749"}],"wp:attachment":[{"href":"https:\/\/www.europesays.com\/fr\/wp-json\/wp\/v2\/media?parent=500748"}],"wp:term":[{"taxonomy":"category","embeddable":true,"href":"https:\/\/www.europesays.com\/fr\/wp-json\/wp\/v2\/categories?post=500748"},{"taxonomy":"post_tag","embeddable":true,"href":"https:\/\/www.europesays.com\/fr\/wp-json\/wp\/v2\/tags?post=500748"}],"curies":[{"name":"wp","href":"https:\/\/api.w.org\/{rel}","templated":true}]}}